{"id":627252,"date":"2026-08-17T06:52:13","date_gmt":"2026-08-17T06:52:13","guid":{"rendered":"https:\/\/www.europesays.com\/pl\/627252\/"},"modified":"2026-08-17T06:52:13","modified_gmt":"2026-08-17T06:52:13","slug":"marcin-gortat-tak-ze-jasniej-sie-nie-da-w-sprawie-problemow-rafala-brzoski","status":"publish","type":"post","link":"https:\/\/www.europesays.com\/pl\/627252\/","title":{"rendered":"Marcin Gortat tak, \u017ce ja\u015bniej si\u0119 nie da w sprawie problem\u00f3w Rafa\u0142a Brzoski"},"content":{"rendered":"<p>&#8222;Mo\u017ce innym to nie przeszkadza, ale je\u015bli moje ma\u0142oletnie dzieciaki wysy\u0142aj\u0105 mi te screeny, pytaj\u0105c \u00bbo co chodzi Tato?\u00ab, to jak si\u0119 polskiemu zarz\u0105dowi tej g*wnianej firmy wydaje, \u017ce nic z tym nie b\u0119d\u0119 robi\u0142 mimo pozytywnych wyrok\u00f3w S\u0105du Polskiego \u2014 TO POWIEM TAK \u2014 na waszym miejscu szuka\u0142bym innej pracy&#8221; \u2014 napisa\u0142 Brzoska (pisownia oryginalna) na platformie X, gdzie wymieni\u0142 te\u017c z nazwiska osoby zarz\u0105dzaj\u0105ce Met\u0105 w Polsce.<\/p>\n<p>Dalszy ci\u0105g artyku\u0142u pod materia\u0142em wideoMarcin Gortat komentuje spraw\u0119 Rafa\u0142a Brzoski<\/p>\n<p>Szef InPosta nie zamierza dalej tolerowa\u0107 tego, co si\u0119 dzieje w sieci, zaznaczaj\u0105c, \u017ce wspomniany przez niego koncern czerpie z fake news\u00f3w i fake reklam naci\u0105gaj\u0105cych spo\u0142ecze\u0144stwo 16 proc. zysk\u00f3w.<\/p>\n<p>Brzoska i jego \u017cona Omenaa Mensah nieraz padli ofiarami dezinformacji i deepfake&#8217;\u00f3w. Biznesmen wiosn\u0105 2026 r. wygra\u0142 w s\u0105dzie spraw\u0119 z Met\u0105, kt\u00f3ra dotyczy\u0142a fa\u0142szywych reklam w mediach spo\u0142eczno\u015bciowych, u\u017cywaj\u0105cych m.in. jego wizerunku do promowania fa\u0142szywych ofert finansowych. S\u0105d uzna\u0142 wtedy, \u017ce koncern ponosi odpowiedzialno\u015b\u0107 za tre\u015bci reklamowe na swoich platformach.<\/p>\n<p>Marcin Gortat opisan\u0105 przez Rafa\u0142a Brzosk\u0119 skwitowa\u0142 w trzech s\u0142owach. &#8222;Skur**** Nic wi\u0119cej !!! \ud83e\udd26\ud83c\udffc\u200d\u2642\ufe0f&#8221; \u2014 napisa\u0142 emerytowany koszykarz.<\/p>\n","protected":false},"excerpt":{"rendered":"&#8222;Mo\u017ce innym to nie przeszkadza, ale je\u015bli moje ma\u0142oletnie dzieciaki wysy\u0142aj\u0105 mi te screeny, pytaj\u0105c \u00bbo co chodzi&hellip;\n","protected":false},"author":2,"featured_media":627253,"comment_status":"","ping_status":"","sticky":false,"template":"","format":"standard","meta":{"footnotes":"","_share_on_mastodon":"0"},"categories":[52122],"tags":[61195,6883,48,129,46,6010,752,42,38,40,39,41,16970,47,130],"class_list":["post-627252","post","type-post","status-publish","format-standard","has-post-thumbnail","category-pko-bank-polski","tag-bottomfeed_styl","tag-marcin_gortat","tag-nat_styl","tag-ofsajd","tag-omp","tag-pko-bank-polski","tag-pko-bp","tag-pl","tag-poland","tag-polish","tag-polska","tag-polski","tag-rafal_brzoska","tag-screening_general","tag-wiadomosci_sportowe"],"share_on_mastodon":{"url":"https:\/\/pubeurope.com\/@pl\/117109532055459094","error":""},"_links":{"self":[{"href":"https:\/\/www.europesays.com\/pl\/wp-json\/wp\/v2\/posts\/627252","targetHints":{"allow":["GET"]}}],"collection":[{"href":"https:\/\/www.europesays.com\/pl\/wp-json\/wp\/v2\/posts"}],"about":[{"href":"https:\/\/www.europesays.com\/pl\/wp-json\/wp\/v2\/types\/post"}],"author":[{"embeddable":true,"href":"https:\/\/www.europesays.com\/pl\/wp-json\/wp\/v2\/users\/2"}],"replies":[{"embeddable":true,"href":"https:\/\/www.europesays.com\/pl\/wp-json\/wp\/v2\/comments?post=627252"}],"version-history":[{"count":0,"href":"https:\/\/www.europesays.com\/pl\/wp-json\/wp\/v2\/posts\/627252\/revisions"}],"wp:featuredmedia":[{"embeddable":true,"href":"https:\/\/www.europesays.com\/pl\/wp-json\/wp\/v2\/media\/627253"}],"wp:attachment":[{"href":"https:\/\/www.europesays.com\/pl\/wp-json\/wp\/v2\/media?parent=627252"}],"wp:term":[{"taxonomy":"category","embeddable":true,"href":"https:\/\/www.europesays.com\/pl\/wp-json\/wp\/v2\/categories?post=627252"},{"taxonomy":"post_tag","embeddable":true,"href":"https:\/\/www.europesays.com\/pl\/wp-json\/wp\/v2\/tags?post=627252"}],"curies":[{"name":"wp","href":"https:\/\/api.w.org\/{rel}","templated":true}]}}