{"id":627351,"date":"2026-08-17T07:59:13","date_gmt":"2026-08-17T07:59:13","guid":{"rendered":"https:\/\/www.europesays.com\/pl\/627351\/"},"modified":"2026-08-17T07:59:13","modified_gmt":"2026-08-17T07:59:13","slug":"ukrywal-sie-przez-17-lat-podejrzany-o-zbrojne-napady-w-lublinie-i-chelmie-trafil-do-aresztu","status":"publish","type":"post","link":"https:\/\/www.europesays.com\/pl\/627351\/","title":{"rendered":"Ukrywa\u0142 si\u0119 przez 17 lat. Podejrzany o zbrojne napady w Lublinie i Che\u0142mie trafi\u0142 do aresztu"},"content":{"rendered":"<p>Poszukiwany od 2009 roku m\u0119\u017cczyzna wpad\u0142 dzi\u0119ki dzia\u0142aniom kryminalnych z Referatu Poszukiwa\u0144 i Identyfikacji Os\u00f3b Komendy Miejskiej Policji w Lublinie. Funkcjonariuszy wspierali policjanci z Wydzia\u0142u Wsparcia Poszukiwa\u0144 Biura Mi\u0119dzynarodowej Wsp\u00f3\u0142pracy Policji Komendy G\u0142\u00f3wnej Policji.<\/p>\n<p>53-latek jest podejrzany o udzia\u0142 w napadach, do kt\u00f3rych dochodzi\u0142o w Lublinie i Che\u0142mie. Pokrzywdzonymi byli mi\u0119dzy innymi pracownicy zak\u0142adu jubilerskiego oraz punkt\u00f3w przyjmowania zak\u0142ad\u00f3w bukmacherskich.<\/p>\n<p>Napady z u\u017cyciem broni<\/p>\n<p>Szczeg\u00f3\u0142y sprawy przedstawi\u0142 podinspektor Kamil Go\u0142\u0119biowski z Komendy Miejskiej Policji w Lublinie.<\/p>\n<p>\u2014 Sprawa dotyczy przest\u0119pstw, do kt\u00f3rych dochodzi\u0142o kilkana\u015bcie lat temu. Z ustale\u0144 \u015bledczych wynika, \u017ce m\u0119\u017cczyzna dzia\u0142a\u0142 wsp\u00f3lnie i w porozumieniu z innymi osobami, kt\u00f3re zosta\u0142y ju\u017c wcze\u015bniej zatrzymane. Sprawcy mieli pos\u0142ugiwa\u0107 si\u0119 broni\u0105 paln\u0105, grozi\u0107 pokrzywdzonym, a nast\u0119pnie zabiera\u0107 pieni\u0105dze, warto\u015bciowe przedmioty oraz wyroby z\u0142otnicze. Do napad\u00f3w dochodzi\u0142o w Lublinie oraz w Che\u0142mie \u2014 przekaza\u0142 podinspektor Kamil Go\u0142\u0119biowski.<\/p>\n<p>Podczas jednego ze zdarze\u0144 napastnicy mieli wej\u015b\u0107 do pomieszczenia kasowego w lubelskiej hurtowni. Wed\u0142ug ustale\u0144 \u015bledczych, pos\u0142uguj\u0105c si\u0119 broni\u0105 paln\u0105, usi\u0142owali zmusi\u0107 pokrzywdzonych do przekazania p\u00f3\u0142 miliona z\u0142otych.<\/p>\n<p>\u2014 Kolejne zdarzenia dotyczy\u0142y mi\u0119dzy innymi napad\u00f3w na jubilera oraz punkty zak\u0142ad\u00f3w bukmacherskich. W tych przypadkach sprawcy r\u00f3wnie\u017c mieli u\u017cywa\u0107 broni lub przedmiot\u00f3w przypominaj\u0105cych bro\u0144, zastrasza\u0107 pracownik\u00f3w i doprowadza\u0107 ich do stanu bezbronno\u015bci \u2014 doda\u0142 przedstawiciel lubelskiej policji.<\/p>\n<p>Zatrzymany w Wielkiej Brytanii<\/p>\n<p>M\u0119\u017cczyzna przez 17 lat pozostawa\u0142 poza zasi\u0119giem polskich organ\u00f3w \u015bcigania. By\u0142 poszukiwany na podstawie dw\u00f3ch list\u00f3w go\u0144czych oraz dw\u00f3ch Europejskich Nakaz\u00f3w Aresztowania.<\/p>\n<p>\u2014 Ustalenia dotycz\u0105ce miejsca jego pobytu prowadzili policjanci z Referatu Poszukiwa\u0144 i Identyfikacji Os\u00f3b Wydzia\u0142u Kryminalnego KMP w Lublinie. W dzia\u0142aniach wspierali ich funkcjonariusze z Wydzia\u0142u Wsparcia Poszukiwa\u0144 BMWP KGP. Dzi\u0119ki konsekwentnej pracy poszukiwawczej m\u0119\u017cczyzna zosta\u0142 namierzony i zatrzymany na terenie Wielkiej Brytanii \u2014 poinformowa\u0142 podinspektor Kamil Go\u0142\u0119biowski.<\/p>\n<p>Po przeprowadzeniu ekstradycji 53-latek zosta\u0142 przewieziony do Polski i doprowadzony do prokuratury.<\/p>\n<p>\u2014 Po ekstradycji do Polski 53-latek zosta\u0142 doprowadzony do prokuratury, gdzie us\u0142ysza\u0142 zarzuty rozboj\u00f3w z u\u017cyciem niebezpiecznego narz\u0119dzia. Nast\u0119pnie trafi\u0142 do s\u0105du, kt\u00f3ry zdecydowa\u0142 o jego tymczasowym aresztowaniu \u2014 przekaza\u0142 rzecznik KMP w Lublinie.<\/p>\n<p><img aria-describedby=\"caption-attachment-523291\" loading=\"lazy\" decoding=\"async\" class=\"wp-image-523291 size-medium\" src=\"https:\/\/www.europesays.com\/pl\/wp-content\/uploads\/2026\/08\/350-295834_g-640x524.jpg\" alt=\"Ukrywa\u0142 si\u0119 przez 17 lat. Podejrzany o zbrojne napady w Lublinie i Che\u0142mie trafi\u0142 do aresztu\" width=\"500\" height=\"409\"  \/><\/p>\n<p id=\"caption-attachment-523291\" class=\"wp-caption-text\">fot. Policja Lublin<\/p>\n<p>\u0179r\u00f3d\u0142o: Policja Lublin<\/p>\n","protected":false},"excerpt":{"rendered":"Poszukiwany od 2009 roku m\u0119\u017cczyzna wpad\u0142 dzi\u0119ki dzia\u0142aniom kryminalnych z Referatu Poszukiwa\u0144 i Identyfikacji Os\u00f3b Komendy Miejskiej Policji&hellip;\n","protected":false},"author":2,"featured_media":627352,"comment_status":"","ping_status":"","sticky":false,"template":"","format":"standard","meta":{"footnotes":"","_share_on_mastodon":"0"},"categories":[51612],"tags":[6549,1624,60852,1081,42,38,40,39,41,4937,13931,61685,106],"class_list":["post-627351","post","type-post","status-publish","format-standard","has-post-thumbnail","category-lublin","tag-chelm","tag-ekstradycja","tag-europejski-nakaz-aresztowania","tag-lublin","tag-pl","tag-poland","tag-polish","tag-polska","tag-polski","tag-poszukiwany","tag-rozboj","tag-tymczasowy-areszt","tag-wielka-brytania"],"share_on_mastodon":{"url":"https:\/\/pubeurope.com\/@pl\/117109796200930323","error":""},"_links":{"self":[{"href":"https:\/\/www.europesays.com\/pl\/wp-json\/wp\/v2\/posts\/627351","targetHints":{"allow":["GET"]}}],"collection":[{"href":"https:\/\/www.europesays.com\/pl\/wp-json\/wp\/v2\/posts"}],"about":[{"href":"https:\/\/www.europesays.com\/pl\/wp-json\/wp\/v2\/types\/post"}],"author":[{"embeddable":true,"href":"https:\/\/www.europesays.com\/pl\/wp-json\/wp\/v2\/users\/2"}],"replies":[{"embeddable":true,"href":"https:\/\/www.europesays.com\/pl\/wp-json\/wp\/v2\/comments?post=627351"}],"version-history":[{"count":0,"href":"https:\/\/www.europesays.com\/pl\/wp-json\/wp\/v2\/posts\/627351\/revisions"}],"wp:featuredmedia":[{"embeddable":true,"href":"https:\/\/www.europesays.com\/pl\/wp-json\/wp\/v2\/media\/627352"}],"wp:attachment":[{"href":"https:\/\/www.europesays.com\/pl\/wp-json\/wp\/v2\/media?parent=627351"}],"wp:term":[{"taxonomy":"category","embeddable":true,"href":"https:\/\/www.europesays.com\/pl\/wp-json\/wp\/v2\/categories?post=627351"},{"taxonomy":"post_tag","embeddable":true,"href":"https:\/\/www.europesays.com\/pl\/wp-json\/wp\/v2\/tags?post=627351"}],"curies":[{"name":"wp","href":"https:\/\/api.w.org\/{rel}","templated":true}]}}