{"id":627477,"date":"2026-08-17T09:09:13","date_gmt":"2026-08-17T09:09:13","guid":{"rendered":"https:\/\/www.europesays.com\/pl\/627477\/"},"modified":"2026-08-17T09:09:13","modified_gmt":"2026-08-17T09:09:13","slug":"nie-chcial-leciec-bez-zony-zrobil-awanture-na-pokladzie-dostal-wysoki-mandat","status":"publish","type":"post","link":"https:\/\/www.europesays.com\/pl\/627477\/","title":{"rendered":"Nie chcia\u0142 lecie\u0107 bez \u017cony. Zrobi\u0142 awantur\u0119 na pok\u0142adzie. Dosta\u0142 wysoki mandat"},"content":{"rendered":"<p>Z informacji przekazanych przez serwis fly4free.pl wynika, \u017ce do zdarzenia dosz\u0142o w czwartek na lotnisku w Treviso we W\u0142oszech. Para mia\u0142a wsp\u00f3lnie polecie\u0107 samolotem linii lotniczych Ryanair do Pary\u017ca. Przy odprawie okaza\u0142o si\u0119 jednak, \u017ce liczba pasa\u017cer\u00f3w przekracza liczb\u0119 dost\u0119pnych miejsc w samolocie. W rezultacie kobieta nie zosta\u0142a wpuszczona na pok\u0142ad.<\/p>\n<p>Dalszy ci\u0105g artyku\u0142u pod materia\u0142em wideo<\/p>\n<p>M\u0119\u017cczyzna zorientowa\u0142 si\u0119, co si\u0119 dzieje, dopiero gdy zaj\u0105\u0142 ju\u017c miejsce na pok\u0142adzie. Kiedy dowiedzia\u0142 si\u0119, \u017ce jego \u017cona nie zostanie wpuszczona do samolotu, stanowczo zaprotestowa\u0142. Wkr\u00f3tce sytuacja zrobi\u0142a si\u0119 na tyle napi\u0119ta, \u017ce wstrzymano boarding wszystkich pasa\u017cer\u00f3w.<\/p>\n<p>Personel pok\u0142adowy nie zdo\u0142a\u0142 uspokoi\u0107 pasa\u017cera, dlatego konieczne by\u0142o wezwanie policji. Ich interwencja zako\u0144czy\u0142a awantur\u0119 i m\u0119\u017cczyzna ostatecznie zaj\u0105\u0142 swoje miejsce.<\/p>\n<p>Konsekwencje jego zachowania okaza\u0142y si\u0119 jednak bardzo dotkliwe. Jak podaje serwis fly4free.pl, za zak\u0142\u00f3cenie procedury wej\u015bcia na pok\u0142ad otrzyma\u0142 mandat w wysoko\u015bci 3 tys. euro. Mimo ca\u0142ego zamieszania nie zosta\u0142 wysadzony z samolotu i ostatecznie polecia\u0142 do Pary\u017ca bez swojej \u017cony.<\/p>\n<p>Kobieta dotar\u0142a do francuskiej stolicy dopiero nast\u0119pnego dnia.<\/p>\n<p><img class=\"ods-a-photo ods-a-photo--background\" src=\"https:\/\/www.europesays.com\/pl\/wp-content\/uploads\/2026\/08\/Leak9lBaHR0cHM6Ly9vY2RuLmV1L3B1bHNjbXMvTURBXy8zM2NkMWEzYWE0OThkNDdlNGJlYWVkYWZhMzhjMDExMS5wbmeRlQLNA.jpeg\" height=\"253\" width=\"450\" alt=\"Pojecha\u0142am na kolonie dla doros\u0142ych\" loading=\"lazy\" fetchpriority=\"low\" decoding=\"async\"\/><\/p>\n<p>\u0179r\u00f3d\u0142o: fly4free.pl<\/p>\n","protected":false},"excerpt":{"rendered":"Z informacji przekazanych przez serwis fly4free.pl wynika, \u017ce do zdarzenia dosz\u0142o w czwartek na lotnisku w Treviso we&hellip;\n","protected":false},"author":2,"featured_media":627478,"comment_status":"","ping_status":"","sticky":false,"template":"","format":"standard","meta":{"footnotes":"","_share_on_mastodon":"0"},"categories":[16],"tags":[210,113,61195,112,48,56992,46,55,42,38,40,39,41,7941,47],"class_list":["post-627477","post","type-post","status-publish","format-standard","has-post-thumbnail","category-biznes","tag-aktualnosci","tag-biznes","tag-bottomfeed_styl","tag-business","tag-nat_styl","tag-newbb_tst1","tag-omp","tag-phx","tag-pl","tag-poland","tag-polish","tag-polska","tag-polski","tag-ryanair","tag-screening_general"],"share_on_mastodon":{"url":"https:\/\/pubeurope.com\/@pl\/117110071475729808","error":""},"_links":{"self":[{"href":"https:\/\/www.europesays.com\/pl\/wp-json\/wp\/v2\/posts\/627477","targetHints":{"allow":["GET"]}}],"collection":[{"href":"https:\/\/www.europesays.com\/pl\/wp-json\/wp\/v2\/posts"}],"about":[{"href":"https:\/\/www.europesays.com\/pl\/wp-json\/wp\/v2\/types\/post"}],"author":[{"embeddable":true,"href":"https:\/\/www.europesays.com\/pl\/wp-json\/wp\/v2\/users\/2"}],"replies":[{"embeddable":true,"href":"https:\/\/www.europesays.com\/pl\/wp-json\/wp\/v2\/comments?post=627477"}],"version-history":[{"count":0,"href":"https:\/\/www.europesays.com\/pl\/wp-json\/wp\/v2\/posts\/627477\/revisions"}],"wp:featuredmedia":[{"embeddable":true,"href":"https:\/\/www.europesays.com\/pl\/wp-json\/wp\/v2\/media\/627478"}],"wp:attachment":[{"href":"https:\/\/www.europesays.com\/pl\/wp-json\/wp\/v2\/media?parent=627477"}],"wp:term":[{"taxonomy":"category","embeddable":true,"href":"https:\/\/www.europesays.com\/pl\/wp-json\/wp\/v2\/categories?post=627477"},{"taxonomy":"post_tag","embeddable":true,"href":"https:\/\/www.europesays.com\/pl\/wp-json\/wp\/v2\/tags?post=627477"}],"curies":[{"name":"wp","href":"https:\/\/api.w.org\/{rel}","templated":true}]}}