{"id":627577,"date":"2026-08-17T10:04:09","date_gmt":"2026-08-17T10:04:09","guid":{"rendered":"https:\/\/www.europesays.com\/pl\/627577\/"},"modified":"2026-08-17T10:04:09","modified_gmt":"2026-08-17T10:04:09","slug":"maslo-za-2-zl-zgodne-z-prawem-uokik-zbadal-promocje-lidla-i-biedronki","status":"publish","type":"post","link":"https:\/\/www.europesays.com\/pl\/627577\/","title":{"rendered":"Mas\u0142o za 2 z\u0142 zgodne z prawem. UOKiK zbada\u0142 promocje Lidla i Biedronki"},"content":{"rendered":"\n<p>&#13;<br \/>\nUrz\u0105d przyjrza\u0142 si\u0119 praktykom sieci handlowych po\u00a0zawiadomieniu z\u0142o\u017conym przez Spo\u0142em. Eksperci ostrzegaj\u0105 jednak, \u017ce\u00a0konsumenci nie\u00a0powinni przyzwyczaja\u0107 si\u0119 do\u00a0tak niskich cen. Mas\u0142o mo\u017ce ponownie mocno podro\u017ce\u0107.  &#13;\n<\/p>\n<p>&#13;<br \/>\nMas\u0142o pozostaje jednym z\u00a0produkt\u00f3w najmocniej wykorzystywanych przez dyskonty do\u00a0przyci\u0105gania klient\u00f3w. Lidl oferuje je\u00a0w\u00a0promocji po\u00a01,99 z\u0142, je\u015bli kupuj\u0105cy spe\u0142ni okre\u015blone warunki. Podobn\u0105 ofert\u0119 ma\u00a0Biedronka. &#13;\n<\/p>\n<p>&#13;<br \/>\nW maju na\u00a0praktyki obu sieci poskar\u017cy\u0142 si\u0119 do\u00a0Urz\u0119du Ochrony Konkurencji i\u00a0Konsument\u00f3w Krajowy Zwi\u0105zek Rewizyjny Sp\u00f3\u0142dzielni Spo\u017cywc\u00f3w &#8222;Spo\u0142em&#8221;. Jego przedstawiciele wskazywali, \u017ce\u00a0ceny na\u00a0poziomie 0,99\u20131,99 z\u0142 za\u00a0200-gramow\u0105 kostk\u0119 mog\u0105 oznacza\u0107 sprzeda\u017c poni\u017cej koszt\u00f3w zakupu i\u00a0zaburza\u0107 uczciw\u0105 konkurencj\u0119. &#13;\n<\/p>\n<p> UOKiK: Nie\u00a0ma\u00a0podstaw do\u00a0interwencji <\/p>\n<p>&#13;<br \/>\nUrz\u0105d przeanalizowa\u0142 sytuacj\u0119, ale\u00a0nie znalaz\u0142 podstaw do\u00a0podj\u0119cia dzia\u0142a\u0144 przeciwko sieciom. &#13;\n<\/p>\n<p>&#13;<br \/>\n\u2013 UOKiK przyjrza\u0142 si\u0119 sytuacji na\u00a0rynku mas\u0142a, w\u00a0tym promocjom stosowanym przez sieci handlowe. Obni\u017cki cen wpisuj\u0105 si\u0119 przede wszystkim w\u00a0intensywn\u0105 konkurencj\u0119 cenow\u0105 mi\u0119dzy sieciami. Na\u00a0obecnym etapie nie\u00a0ma\u00a0r\u00f3wnie\u017c podstaw do\u00a0podejrzenia, \u017ce\u00a0obserwowane ceny s\u0105 wynikiem zmowy cenowej \u2013\u00a0przekaza\u0142 UOKiK &#8222;Rzeczpospolitej&#8221;. &#13;\n<\/p>\n<p>&#13;<br \/>\nUrz\u0105d zaznaczy\u0142, \u017ce\u00a0nawet sprzeda\u017c produktu poni\u017cej \u015bredniej ceny jego zakupu sama w\u00a0sobie nie\u00a0oznacza naruszenia prawa. Promocje s\u0105 bowiem zazwyczaj ograniczone czasowo lub\u00a0ilo\u015bciowo albo wymagaj\u0105 spe\u0142nienia dodatkowych warunk\u00f3w. &#13;\n<\/p>\n<p>&#13;<br \/>\nUOKiK nie\u00a0stwierdzi\u0142 r\u00f3wnie\u017c podstaw do\u00a0podejrzenia nieuczciwego wykorzystywania przewagi kontraktowej wobec dostawc\u00f3w. Zapowiada jednak dalsze monitorowanie rynku. &#13;\n<\/p>\n<p> Mas\u0142o mo\u017ce zn\u00f3w kosztowa\u0107 7-8 z\u0142 <\/p>\n<p>&#13;<br \/>\nPrzedstawiciele bran\u017cy mleczarskiej zwracaj\u0105 uwag\u0119, \u017ce\u00a0cena na\u00a0poziomie 2\u00a0z\u0142 nie\u00a0odpowiada rzeczywistym kosztom produkcji i\u00a0dystrybucji. &#13;\n<\/p>\n<p>&#13;<br \/>\nJakub Olipra, starszy ekonomista Credit Agricole, ocenia, \u017ce\u00a0realna cena kostki powinna wynosi\u0107 raczej 5-6 z\u0142. Jego zdaniem obecna sytuacja mo\u017ce by\u0107 kr\u00f3tkotrwa\u0142a. &#13;\n<\/p>\n<p>&#13;<br \/>\n\u2013 Lepiej, by\u00a0konsumenci do\u00a0tak niskich cen si\u0119 nie\u00a0przyzwyczajali. W\u00a0przysz\u0142ym roku mas\u0142o mo\u017ce znowu wr\u00f3ci\u0107 do\u00a07-8 z\u0142, bo\u00a0rynek jest cykliczny, a\u00a0jeste\u015bmy w\u0142a\u015bnie przed powrotem podwy\u017cek \u2013\u00a0wskazuje ekonomista. &#13;\n<\/p>\n<p>&#13;<br \/>\nWp\u0142yw na\u00a0ceny mo\u017ce mie\u0107 mniejsza poda\u017c mleka, m.in. z\u00a0powodu fal upa\u0142\u00f3w, ograniczonej dost\u0119pno\u015bci pasz oraz\u00a0wysokich cen nawoz\u00f3w. Zdaniem Olipry pierwsze oznaki wskazuj\u0105 ju\u017c, \u017ce\u00a0rynek zaczyna wychodzi\u0107 z\u00a0cenowego do\u0142ka. &#13;\n<\/p>\n<p>&#13;<br \/>\n   Czytaj te\u017c:<br \/><a href=\"https:\/\/dorzeczy.pl\/ekonomia\/929548\/paliwo-w-nocy-potanialo-nawet-129-zl-mniej-na-litrze.html\" rel=\"follow nofollow noopener\" data-schema=\"DORZECZY\" data-image=\"https:\/\/img.dorzeczy.pl\/_thumb\/b3\/c5\/acb4ed5b11a6bf3a4054ae7c0880.jpeg\" target=\"_blank\">Paliwo w\u00a0nocy potania\u0142o. Nawet 1,29 z\u0142 mniej na\u00a0litrze<\/a>&#13;<\/p>\n","protected":false},"excerpt":{"rendered":"&#13; Urz\u0105d przyjrza\u0142 si\u0119 praktykom sieci handlowych po\u00a0zawiadomieniu z\u0142o\u017conym przez Spo\u0142em. Eksperci ostrzegaj\u0105 jednak, \u017ce\u00a0konsumenci nie\u00a0powinni przyzwyczaja\u0107 si\u0119&hellip;\n","protected":false},"author":2,"featured_media":627578,"comment_status":"","ping_status":"","sticky":false,"template":"","format":"standard","meta":{"footnotes":"","_share_on_mastodon":"0"},"categories":[16],"tags":[1528,113,112,98,105,49,3343,12261,103,42,38,40,39,41,9479,5158],"class_list":["post-627577","post","type-post","status-publish","format-standard","has-post-thumbnail","category-biznes","tag-biedronka","tag-biznes","tag-business","tag-dorzeczy","tag-ekonomia","tag-kraj","tag-lidl","tag-maslo","tag-obserwator-mediow","tag-pl","tag-poland","tag-polish","tag-polska","tag-polski","tag-produkty","tag-uokik"],"share_on_mastodon":{"url":"","error":""},"_links":{"self":[{"href":"https:\/\/www.europesays.com\/pl\/wp-json\/wp\/v2\/posts\/627577","targetHints":{"allow":["GET"]}}],"collection":[{"href":"https:\/\/www.europesays.com\/pl\/wp-json\/wp\/v2\/posts"}],"about":[{"href":"https:\/\/www.europesays.com\/pl\/wp-json\/wp\/v2\/types\/post"}],"author":[{"embeddable":true,"href":"https:\/\/www.europesays.com\/pl\/wp-json\/wp\/v2\/users\/2"}],"replies":[{"embeddable":true,"href":"https:\/\/www.europesays.com\/pl\/wp-json\/wp\/v2\/comments?post=627577"}],"version-history":[{"count":0,"href":"https:\/\/www.europesays.com\/pl\/wp-json\/wp\/v2\/posts\/627577\/revisions"}],"wp:featuredmedia":[{"embeddable":true,"href":"https:\/\/www.europesays.com\/pl\/wp-json\/wp\/v2\/media\/627578"}],"wp:attachment":[{"href":"https:\/\/www.europesays.com\/pl\/wp-json\/wp\/v2\/media?parent=627577"}],"wp:term":[{"taxonomy":"category","embeddable":true,"href":"https:\/\/www.europesays.com\/pl\/wp-json\/wp\/v2\/categories?post=627577"},{"taxonomy":"post_tag","embeddable":true,"href":"https:\/\/www.europesays.com\/pl\/wp-json\/wp\/v2\/tags?post=627577"}],"curies":[{"name":"wp","href":"https:\/\/api.w.org\/{rel}","templated":true}]}}