{"id":627605,"date":"2026-08-17T10:18:12","date_gmt":"2026-08-17T10:18:12","guid":{"rendered":"https:\/\/www.europesays.com\/pl\/627605\/"},"modified":"2026-08-17T10:18:12","modified_gmt":"2026-08-17T10:18:12","slug":"szczecin-awaria-gazociagu-przy-ul-zbojnickiej-sluzby-ewakuowaly-mieszkancow","status":"publish","type":"post","link":"https:\/\/www.europesays.com\/pl\/627605\/","title":{"rendered":"Szczecin: awaria gazoci\u0105gu przy ul. Zb\u00f3jnickiej. S\u0142u\u017cby ewakuowa\u0142y mieszka\u0144c\u00f3w"},"content":{"rendered":"<p>Awaria nast\u0105pi\u0142a przy ul. Zb\u00f3jnickiej, kt\u00f3ra jest obecnie przebudowywana. Teren znajduje si\u0119 na granicy Szczecina i gminy Ko\u0142baskowo.<\/p>\n<p>Komenda Wojew\u00f3dzka Pa\u0144stwowej Stra\u017cy Po\u017carnej (PSP) przekaza\u0142a, \u017ce w zwi\u0105zku z zagro\u017ceniem teren zabezpieczono kurtynami wodnymi.<\/p>\n<p>33 mieszka\u0144c\u00f3w musia\u0142o opu\u015bci\u0107 domy\u2014 Nie ma os\u00f3b poszkodowanych. <a href=\"https:\/\/wiadomosci.onet.pl\/ewakuacje\" id=\"1bf99055-1c06-430b-83ae-7e5e7fcf46c9\" rel=\"nofollow noopener\" target=\"_blank\">Ewakuowano <\/a>33 mieszka\u0144c\u00f3w \u2014 przekaza\u0142a m\u0142. bryg. Katarzyna Ho\u0142ota z PSP w Szczecinie.Czy zabraknie nam wody i pr\u0105du? Analizujemy czy Polska jest gotowa na kolejne upa\u0142y<\/p>\n<p class=\"ods-o-frame-in-text__paragraph\"><a href=\"https:\/\/wiadomosci.onet.pl\/kraj\/test-upalow\/99rn01w?tpcc=202608_bloczek_newsroom\" id=\"3ec66885-fb27-40f3-9fe9-4c55131b4153\" rel=\"nofollow noopener\" target=\"_blank\">Zobacz ca\u0142o\u015b\u0107 w Onecie!<\/a><\/p>\n<p><img class=\"ods-a-photo ods-a-photo--background\" src=\"https:\/\/www.europesays.com\/pl\/wp-content\/uploads\/2026\/08\/1786961892_36_wAfk9lBaHR0cHM6Ly9vY2RuLmV1L3B1bHNjbXMvTURBXy83OGJlZjA2MjMzN2Q5MzI0NGY1YjM2NzU0ZmJkZTNhNi5wbmeRlQLNA.jpeg\" height=\"253\" width=\"450\" alt=\"Test Upa\u0142\u00f3w\" loading=\"lazy\" fetchpriority=\"low\" decoding=\"async\"\/><\/p>\n<p>Na miejscu pracuje pogotowie gazowe oraz dwa zast\u0119py stra\u017cy po\u017carnej. Jak podkre\u015bli\u0142a m\u0142. bryg. Ho\u0142ota, dop\u0142yw gazu uda\u0142o si\u0119 odci\u0105\u0107.<\/p>\n<p>Ewakuowani mieszka\u0144cy wkr\u00f3tce b\u0119d\u0105 mogli powr\u00f3ci\u0107 do swoich dom\u00f3w.<\/p>\n","protected":false},"excerpt":{"rendered":"Awaria nast\u0105pi\u0142a przy ul. Zb\u00f3jnickiej, kt\u00f3ra jest obecnie przebudowywana. Teren znajduje si\u0119 na granicy Szczecina i gminy Ko\u0142baskowo.&hellip;\n","protected":false},"author":2,"featured_media":627606,"comment_status":"","ping_status":"","sticky":false,"template":"","format":"standard","meta":{"footnotes":"","_share_on_mastodon":"0"},"categories":[51611],"tags":[4657,61195,721,4779,48,56992,46,42,38,40,39,41,47,2307],"class_list":["post-627605","post","type-post","status-publish","format-standard","has-post-thumbnail","category-szczecin","tag-awaria","tag-bottomfeed_styl","tag-ewakuacja","tag-gaz","tag-nat_styl","tag-newbb_tst1","tag-omp","tag-pl","tag-poland","tag-polish","tag-polska","tag-polski","tag-screening_general","tag-szczecin"],"share_on_mastodon":{"url":"","error":""},"_links":{"self":[{"href":"https:\/\/www.europesays.com\/pl\/wp-json\/wp\/v2\/posts\/627605","targetHints":{"allow":["GET"]}}],"collection":[{"href":"https:\/\/www.europesays.com\/pl\/wp-json\/wp\/v2\/posts"}],"about":[{"href":"https:\/\/www.europesays.com\/pl\/wp-json\/wp\/v2\/types\/post"}],"author":[{"embeddable":true,"href":"https:\/\/www.europesays.com\/pl\/wp-json\/wp\/v2\/users\/2"}],"replies":[{"embeddable":true,"href":"https:\/\/www.europesays.com\/pl\/wp-json\/wp\/v2\/comments?post=627605"}],"version-history":[{"count":0,"href":"https:\/\/www.europesays.com\/pl\/wp-json\/wp\/v2\/posts\/627605\/revisions"}],"wp:featuredmedia":[{"embeddable":true,"href":"https:\/\/www.europesays.com\/pl\/wp-json\/wp\/v2\/media\/627606"}],"wp:attachment":[{"href":"https:\/\/www.europesays.com\/pl\/wp-json\/wp\/v2\/media?parent=627605"}],"wp:term":[{"taxonomy":"category","embeddable":true,"href":"https:\/\/www.europesays.com\/pl\/wp-json\/wp\/v2\/categories?post=627605"},{"taxonomy":"post_tag","embeddable":true,"href":"https:\/\/www.europesays.com\/pl\/wp-json\/wp\/v2\/tags?post=627605"}],"curies":[{"name":"wp","href":"https:\/\/api.w.org\/{rel}","templated":true}]}}