{"id":627647,"date":"2026-08-17T10:40:14","date_gmt":"2026-08-17T10:40:14","guid":{"rendered":"https:\/\/www.europesays.com\/pl\/627647\/"},"modified":"2026-08-17T10:40:14","modified_gmt":"2026-08-17T10:40:14","slug":"tak-amerykanski-miliarder-potraktowal-klub-ekstraklasy-borek-ujawnia","status":"publish","type":"post","link":"https:\/\/www.europesays.com\/pl\/627647\/","title":{"rendered":"Tak ameryka\u0144ski miliarder potraktowa\u0142 klub Ekstraklasy. Borek ujawnia"},"content":{"rendered":"<p>Pasy wygra\u0142y w ostatniej kolejce pierwszy mecz w sezonie. Wykorzysta\u0142y w ten spos\u00f3b k\u0142opoty walcz\u0105cego o Lig\u0119 Konferencji Rak\u00f3w Cz\u0119stochowa (2:1), ale wcze\u015bniej w trzech spotkaniach zdoby\u0142y tylko dwa punkty.<\/p>\n<p>Dalszy ci\u0105g artyku\u0142u pod materia\u0142em wideo<\/p>\n<p>Do tego Cracovia wci\u0105\u017c gra bez napastnika z prawdziwego zdarzenia. \u2014 Dalej wierz\u0119 w to, \u017ce \u015bci\u0105gniemy zawodnik\u00f3w, okienko jest otwarte. Ca\u0142y czas by\u0142 plan, \u017ceby\u015bmy wzmocnili dru\u017cyn\u0119. Tematy si\u0119 kr\u0119c\u0105, ale oczywi\u015bcie nikomu si\u0119 nie podoba, \u017ce tylko si\u0119 kr\u0119c\u0105 \u2014 ujawnia\u0142 trener Bartosz Grzelak. Okazuje si\u0119, \u017ce w klubie brakuje czego\u015b wi\u0119cej ni\u017c samych funduszy na wzmocnienia.<\/p>\n<p>Mateusz Borek ju\u017c nie ma z\u0142udze\u0144. Fatalna sytuacja Cracovii<\/p>\n<p>Sytuacja nie wygl\u0105da dobrze po tym, jak klub przej\u0105\u0142 Robert Platek. Biznesmen by\u0142 ju\u017c w\u0142a\u015bcicielem w\u0142oskiej Spezii i du\u0144skiego Sonderjyske Fodbold. Za ka\u017cdym razem przygoda z futbolem ko\u0144czy\u0142a si\u0119 \u017ale.<\/p>\n<p>Wed\u0142ug niekt\u00f3rych \u017ar\u00f3de\u0142, w tym Sky Sports, maj\u0105tek Amerykanina wynosi\u0107 mo\u017ce 2 mld dol. Zyska\u0142 on zaufanie El\u017cbiety Filipiak i jej wsp\u00f3\u0142pracownik\u00f3w. W klubie dzieje si\u0119 jednak \u017ale. Szczeg\u00f3\u0142y przedstawi\u0142 w\u0142a\u015bnie Mateusz Borek<\/p>\n<p>\u2014 Wed\u0142ug moich informacji Platek przej\u0105\u0142 Cracovi\u0119 w lipcu 2025 r. i nawet nie wp\u0142aci\u0142 pierwszej raty, kt\u00f3r\u0105 mia\u0142 wp\u0142aci\u0107 do listopada 2025 r. Tak naprawd\u0119 moim zdaniem to dzisiaj s\u0105 podstawy do tego, \u017ceby mu odebra\u0107 ten klub, tylko \u017ce nikt za bardzo tego w Comarchu nie chce robi\u0107 \u2014 ujawnia w Kanale Sportowym.<\/p>\n<p>Platek nie anga\u017cuje si\u0119 na co dzie\u0144 w dzia\u0142ania klubu. Cracovia sprzeda\u0142a wcze\u015bniej Filipa Stojilkovicia i Oskara W\u00f3jcika, kt\u00f3ry zadebiutowa\u0142 w maju w reprezentacji Polski Jana Urbana. Tego zrozumie\u0107 nie mo\u017ce znany komentator.<\/p>\n<p>\u2014 To jest kolejna jaka\u015b por\u0105bana historia. Ch\u0142opak trafia do reprezentacji, namaszcza go w wywiadach Kamil Glik, kt\u00f3ry ma ponad 100 mecz\u00f3w w kadrze, \u017ce mo\u017ce by\u0107 za chwil\u0119 ch\u0142opakiem, na kt\u00f3rego b\u0119dziemy przychodzi\u0107 na PGE Narodowy, daje szans\u0119 mu Urban. Zamiast go potrzyma\u0107, ugruntowa\u0107 jego pozycj\u0119, poczeka\u0107 na kolejnych kilka powo\u0142a\u0144, sprzeda\u0107 go za 8-10 [mln euro], kto\u015b go oddaje po pierwszej ofercie z Werderu Brema za 3 mln [euro]. I co si\u0119 dzieje z t\u0105 kas\u0105? \u2014 zastanawia si\u0119 Borek i ujawnia, \u017ce pieni\u0105dze trafi\u0142y do klubu w przedziwnej formie.<\/p>\n<p>\u2014 Zabra\u0142 te pieni\u0105dze pan Platek, a potem je po prostu przekaza\u0142 do klubu na zasadzie po\u017cyczki. Gdyby kiedy\u015b pojawi\u0142 si\u0119 kontrahent na zakup klubu, to s\u0105 pieni\u0105dze, kt\u00f3re trzeba mu odda\u0107 \u2014 alarmuje w Kanale Sportowym.<\/p>\n<p>Wygl\u0105da na to, \u017ce Amerykanin chce wkr\u00f3tce spieni\u0119\u017cy\u0107 krakowski klub. \u2014 Z tego, co s\u0142ysz\u0119, on najch\u0119tniej ju\u017c by to sprzeda\u0142, ten klub i \u017c\u0105da jakich\u015b horrendalnych pieni\u0119dzy za Cracovi\u0119, no bo traktuje to znowu jako nast\u0119pne narz\u0119dzie do zarobienia kasy \u2014 ujawnia.<\/p>\n<p>Najbardziej poszkodowani opr\u00f3cz zespo\u0142u i sztabu s\u0105 kibice. \u2014 My\u015bleli, \u017ce to b\u0119dzie ameryka\u0144ski sen, przyjdzie facet, kt\u00f3ry dosypie za chwil\u0119 kilkaset mln dol. i Cracovia b\u0119dzie gra\u0107 o Lig\u0119 Mistrz\u00f3w, a okazuje si\u0119, \u017ce to po prostu jest nast\u0119pne miejsce do szybkiego zarobienia kasy \u2014 tak brzmi gorzkie podsumowanie sytuacji Pas\u00f3w.<\/p>\n<p>\u2014 Przecie\u017c on przychodzi\u0142 jako ameryka\u0144ski zbawca. Jest tam 100 pyta\u0144, kt\u00f3re trzeba by Platkowi zada\u0107. Podobno chce udzieli\u0107 jednego wywiadu w Polsce. Ja jako Mateusz Borek si\u0119 zg\u0142aszam, ale do prawdziwego wywiadu \u2014 deklaruje.<\/p>\n<p>Platek zaczyna\u0142 jako analityk w dziale restrukturyzacji zad\u0142u\u017cenia i audytu finansowego w Chase Manhattan Bank. Zarz\u0105dza\u0142 te\u017c portfelem funduszy hedgingowych w kilku instytucjach. Obecnie w DFO Management jest partnerem Michaela Della, za\u0142o\u017cyciela i dyrektora generalnego Dell Technologies. Wcze\u015bniej zarz\u0105dza\u0142 jego maj\u0105tkiem.<\/p>\n","protected":false},"excerpt":{"rendered":"Pasy wygra\u0142y w ostatniej kolejce pierwszy mecz w sezonie. Wykorzysta\u0142y w ten spos\u00f3b k\u0142opoty walcz\u0105cego o Lig\u0119 Konferencji&hellip;\n","protected":false},"author":2,"featured_media":627648,"comment_status":"","ping_status":"","sticky":false,"template":"","format":"standard","meta":{"footnotes":"","_share_on_mastodon":"0"},"categories":[52122],"tags":[61195,2398,274,48,46,948,6010,752,42,38,40,39,41,123594,47,130],"class_list":["post-627647","post","type-post","status-publish","format-standard","has-post-thumbnail","category-pko-bank-polski","tag-bottomfeed_styl","tag-cracovia","tag-ekstraklasa","tag-nat_styl","tag-omp","tag-pilka_nozna","tag-pko-bank-polski","tag-pko-bp","tag-pl","tag-poland","tag-polish","tag-polska","tag-polski","tag-robert_platek","tag-screening_general","tag-wiadomosci_sportowe"],"share_on_mastodon":{"url":"https:\/\/pubeurope.com\/@pl\/117110428629487663","error":""},"_links":{"self":[{"href":"https:\/\/www.europesays.com\/pl\/wp-json\/wp\/v2\/posts\/627647","targetHints":{"allow":["GET"]}}],"collection":[{"href":"https:\/\/www.europesays.com\/pl\/wp-json\/wp\/v2\/posts"}],"about":[{"href":"https:\/\/www.europesays.com\/pl\/wp-json\/wp\/v2\/types\/post"}],"author":[{"embeddable":true,"href":"https:\/\/www.europesays.com\/pl\/wp-json\/wp\/v2\/users\/2"}],"replies":[{"embeddable":true,"href":"https:\/\/www.europesays.com\/pl\/wp-json\/wp\/v2\/comments?post=627647"}],"version-history":[{"count":0,"href":"https:\/\/www.europesays.com\/pl\/wp-json\/wp\/v2\/posts\/627647\/revisions"}],"wp:featuredmedia":[{"embeddable":true,"href":"https:\/\/www.europesays.com\/pl\/wp-json\/wp\/v2\/media\/627648"}],"wp:attachment":[{"href":"https:\/\/www.europesays.com\/pl\/wp-json\/wp\/v2\/media?parent=627647"}],"wp:term":[{"taxonomy":"category","embeddable":true,"href":"https:\/\/www.europesays.com\/pl\/wp-json\/wp\/v2\/categories?post=627647"},{"taxonomy":"post_tag","embeddable":true,"href":"https:\/\/www.europesays.com\/pl\/wp-json\/wp\/v2\/tags?post=627647"}],"curies":[{"name":"wp","href":"https:\/\/api.w.org\/{rel}","templated":true}]}}