{"id":627783,"date":"2026-08-17T11:54:19","date_gmt":"2026-08-17T11:54:19","guid":{"rendered":"https:\/\/www.europesays.com\/pl\/627783\/"},"modified":"2026-08-17T11:54:19","modified_gmt":"2026-08-17T11:54:19","slug":"ukrainie-zaczyna-brakowac-gazu-ekspert-rosja-zmienila-priorytety","status":"publish","type":"post","link":"https:\/\/www.europesays.com\/pl\/627783\/","title":{"rendered":"Ukrainie zaczyna brakowa\u0107 gazu Ekspert: Rosja zmieni\u0142a priorytety"},"content":{"rendered":"<p>&#8222;Okupanci przestawili si\u0119 z magazyn\u00f3w [w kt\u00f3rych gromadzone s\u0105 zapasy gazu] bezpo\u015brednio na infrastruktur\u0119 wydobywcz\u0105, w szczeg\u00f3lno\u015bci w obwodzie po\u0142tawskim. Od pocz\u0105tku roku przeprowadzono dziesi\u0105tki atak\u00f3w. Dlaczego nie na magazyny? Zniszczenie podziemnych zbiornik\u00f3w jest praktycznie niemo\u017cliwe ze wzgl\u0119du na du\u017c\u0105 g\u0142\u0119boko\u015b\u0107, a uszkodzenia urz\u0105dze\u0144 naziemnych s\u0105 naprawiane do\u015b\u0107 szybko&#8221; \u2014 zauwa\u017ca ekspert we wpisie na Facebooku.<\/p>\n<p>Dalszy ci\u0105g artyku\u0142u pod materia\u0142em wideoUkraina potrzebuje gazu<\/p>\n<p>W tej sytuacji w Ukrainie wyst\u0119puje deficyt wydobycia, poniewa\u017c w wyniku atak\u00f3w na odwierty jest ono okresowo ograniczane.<\/p>\n<p>&#8222;Ukraina mo\u017ce potrzebowa\u0107 dodatkowego zakupu oko\u0142o 800 mln m sze\u015bc. gazu (oko\u0142o 400 mln euro, czyli ok. 1 mld 723 mln 136 tys. z\u0142)&#8221; \u2014 twierdzi Omelczeko.<\/p>\n<p>Ukraina w potrzasku. Szuka ratunku u sojusznik\u00f3w. Polska boi si\u0119 powt\u00f3rki z poprzedniego kryzysu<img class=\"ods-a-photo ods-a-photo--background\" src=\"https:\/\/www.europesays.com\/pl\/wp-content\/uploads\/2026\/08\/CqFk9lBaHR0cHM6Ly9vY2RuLmV1L3B1bHNjbXMvTURBXy8zNDcwYTBjNmIxNTU2NzcyZTE0MTZhN2ZmNGY0YWE5Zi5qcGeRlQLNA.jpeg\" height=\"338\" width=\"450\" alt=\"Zbiory pszenicy w obwodzie kijowskim w Ukrainie (zdj\u0119cie pogl\u0105dowe)\" loading=\"lazy\" fetchpriority=\"low\" decoding=\"async\"\/><\/p>\n<p>Wskazuje te\u017c, \u017ce ukrai\u0144ski &#8222;Naftohaz&#8221; ma trudno\u015bci z pozyskaniem europejskich kredyt\u00f3w po restrukturyzacji zad\u0142u\u017cenia. Jak twierdzi, obecnie kraj zu\u017cywa 15\u201320 mln m sze\u015b\u0107. gazu dziennie, a ca\u0142a pozosta\u0142a ilo\u015b\u0107 jest przeznaczana na zasilanie magazyn\u00f3w.<\/p>\n<p>W ten spos\u00f3b Ukrainie uda\u0142o si\u0119 dotychczas zgromadzi\u0107 oko\u0142o 14 mld m sze\u015bc. (wraz z gazem buforowym i przej\u015bciowym). Ekspert podkre\u015bla: to o 35 proc. wi\u0119cej (czyli o 3,6 mld m sze\u015bc.) ni\u017c w 2025 r. &#8222;Cel do 20 pa\u017adziernika: osi\u0105gni\u0119cie podstawowego poziomu 14,6 mld m sze\u015bc. Obecne w\u0142asne wydobycie wystarcza na pokrycie zapotrzebowania bez importu&#8221; \u2014 dodaje.<\/p>\n","protected":false},"excerpt":{"rendered":"&#8222;Okupanci przestawili si\u0119 z magazyn\u00f3w [w kt\u00f3rych gromadzone s\u0105 zapasy gazu] bezpo\u015brednio na infrastruktur\u0119 wydobywcz\u0105, w szczeg\u00f3lno\u015bci w&hellip;\n","protected":false},"author":2,"featured_media":627784,"comment_status":"","ping_status":"","sticky":false,"template":"","format":"standard","meta":{"footnotes":"","_share_on_mastodon":"0"},"categories":[14],"tags":[61195,32,33,4779,27,34,35,28,31,48,25,46,40,41,87,47,80,29,30,415,26,82,83,84],"class_list":["post-627783","post","type-post","status-publish","format-standard","has-post-thumbnail","category-swiat","tag-bottomfeed_styl","tag-breaking-news","tag-breakingnews","tag-gaz","tag-headlines","tag-latest-news","tag-latestnews","tag-naglowki","tag-najwazniejsze-artykuly","tag-nat_styl","tag-news","tag-omp","tag-polish","tag-polski","tag-rosja","tag-screening_general","tag-swiat","tag-top-stories","tag-topstories","tag-ukraina","tag-wiadomosci","tag-world","tag-world-news","tag-worldnews"],"share_on_mastodon":{"url":"https:\/\/pubeurope.com\/@pl\/117110720374491984","error":""},"_links":{"self":[{"href":"https:\/\/www.europesays.com\/pl\/wp-json\/wp\/v2\/posts\/627783","targetHints":{"allow":["GET"]}}],"collection":[{"href":"https:\/\/www.europesays.com\/pl\/wp-json\/wp\/v2\/posts"}],"about":[{"href":"https:\/\/www.europesays.com\/pl\/wp-json\/wp\/v2\/types\/post"}],"author":[{"embeddable":true,"href":"https:\/\/www.europesays.com\/pl\/wp-json\/wp\/v2\/users\/2"}],"replies":[{"embeddable":true,"href":"https:\/\/www.europesays.com\/pl\/wp-json\/wp\/v2\/comments?post=627783"}],"version-history":[{"count":0,"href":"https:\/\/www.europesays.com\/pl\/wp-json\/wp\/v2\/posts\/627783\/revisions"}],"wp:featuredmedia":[{"embeddable":true,"href":"https:\/\/www.europesays.com\/pl\/wp-json\/wp\/v2\/media\/627784"}],"wp:attachment":[{"href":"https:\/\/www.europesays.com\/pl\/wp-json\/wp\/v2\/media?parent=627783"}],"wp:term":[{"taxonomy":"category","embeddable":true,"href":"https:\/\/www.europesays.com\/pl\/wp-json\/wp\/v2\/categories?post=627783"},{"taxonomy":"post_tag","embeddable":true,"href":"https:\/\/www.europesays.com\/pl\/wp-json\/wp\/v2\/tags?post=627783"}],"curies":[{"name":"wp","href":"https:\/\/api.w.org\/{rel}","templated":true}]}}