{"id":627841,"date":"2026-08-17T12:27:23","date_gmt":"2026-08-17T12:27:23","guid":{"rendered":"https:\/\/www.europesays.com\/pl\/627841\/"},"modified":"2026-08-17T12:27:23","modified_gmt":"2026-08-17T12:27:23","slug":"nawrocki-o-obroncach-monte-cassino-wiceszef-mon-druzgocaca-pomylka","status":"publish","type":"post","link":"https:\/\/www.europesays.com\/pl\/627841\/","title":{"rendered":"Nawrocki o &#8222;obro\u0144cach Monte Cassino&#8221;. Wiceszef MON: druzgoc\u0105ca pomy\u0142ka"},"content":{"rendered":"<p>\u015awi\u0119to Wojska Polskiego. Wpadka prezydenta<\/p>\n<p class=\"font-primary mb-8 text-lg leading-[1.55] [&amp;_a]:text-[#23437D] [&amp;_a]:underline [&amp;_a]:font-bold\">Karol Nawrocki przemawiaj\u0105c podczas uroczysto\u015bci 15 sierpnia m\u00f3wi\u0142 o &#8222;patriotycznym wychowaniu&#8221;, kt\u00f3re da\u0142o Polsce papie\u017ca Jana Paw\u0142a II, poet\u0119 Zbigniewa Herberta czy &#8222;wielkich obro\u0144c\u00f3w Monte Cassino, obro\u0144c\u00f3w Westerplatte&#8221;.<\/p>\n<p>Redakcja poleca<\/p>\n<p class=\"font-primary mb-8 text-lg leading-[1.55] [&amp;_a]:text-[#23437D] [&amp;_a]:underline [&amp;_a]:font-bold\">Tymczasem w Monte Cassino to wojska niemieckie broni\u0142y swoich pozycji. Dzia\u0142ania ofensywne w rejonie w\u0142oskiego klasztoru podejmowa\u0142 m.in.\u00a02 Korpus Polski pod dow\u00f3dztwem gen. W\u0142adys\u0142awa Andersa.<\/p>\n<p class=\"font-primary mb-8 text-lg leading-[1.55] [&amp;_a]:text-[#23437D] [&amp;_a]:underline [&amp;_a]:font-bold\">&#8211;\u00a0Chcia\u0142bym tutaj troch\u0119 stan\u0105\u0107 w obronie prezydenta, a rzadko to robi\u0119. Bo prezydent prawdopodobnie pomyli\u0142 si\u0119 w sprawie Monte Cassino. Pomyli\u0142 tych, kt\u00f3rzy bronili klasztoru, z tymi, kt\u00f3rzy chcieli go zdoby\u0107 &#8211; powiedzia\u0142 na antenie TVN24 Cezary Tomczyk, komentuj\u0105c te s\u0142owa.\u00a0Przypomnia\u0142, \u017ce Nawrocki jest historykiem z wykszta\u0142cenia.<\/p>\n<p class=\"font-primary mb-8 text-lg leading-[1.55] [&amp;_a]:text-[#23437D] [&amp;_a]:underline [&amp;_a]:font-bold\">Wiceminister obrony narodowej odni\u00f3s\u0142 si\u0119 jednak do sytuacji z 2025 r., jeszcze przed wyborami prezydenckimi. Ministra edukacji narodowej stwierdzi\u0142a w\u00f3wczas m.in., \u017ce &#8222;<\/p>\n<p class=\"font-primary mb-8 text-lg leading-[1.55] [&amp;_a]:text-[#23437D] [&amp;_a]:underline [&amp;_a]:font-bold\">na terenie okupowanym przez Niemcy polscy nazi\u015bci zbudowali obozy, kt\u00f3re by\u0142y obozami pracy, a potem sta\u0142y si\u0119 obozami masowej zag\u0142ady&#8221;.<\/p>\n<p>Redakcja poleca&#8221;Jak damski bokser&#8221;. Tomczyk o reakcji na przej\u0119zyczenie szefowej MEN<\/p>\n<p class=\"font-primary mb-8 text-lg leading-[1.55] [&amp;_a]:text-[#23437D] [&amp;_a]:underline [&amp;_a]:font-bold\">Nie zabrak\u0142o w\u00f3wczas g\u0142os\u00f3w krytycznych wobec Barbary Nowackiej. Politycy PiS wzywali do jej dymisji. Sama polityczka przeprosi\u0142a &#8222;za oczywiste przej\u0119zyczenie&#8221;.<\/p>\n<p class=\"font-primary mb-8 text-lg leading-[1.55] [&amp;_a]:text-[#23437D] [&amp;_a]:underline [&amp;_a]:font-bold\">W\u00f3wczas, oceni\u0142 Tomczyk, Karol Nawrocki stwierdzi\u0142, \u017ce Nowacka &#8222;powiela niemieck\u0105 propagand\u0119&#8221;. &#8211;\u00a0Pami\u0119tam, \u017ce ca\u0142a ta prawa strona wyla\u0142a hejt, a Nawrocki zachowa\u0142 si\u0119 po prostu jak zwyk\u0142y damski bokser &#8211; m\u00f3wi\u0142.<\/p>\n<p class=\"font-primary mb-8 text-lg leading-[1.55] [&amp;_a]:text-[#23437D] [&amp;_a]:underline [&amp;_a]:font-bold\">S\u0142owa prezydenta z 15 sierpnia wiceszef MON nazwa\u0142 &#8222;druzgoc\u0105c\u0105&#8221; pomy\u0142k\u0105. &#8211; To tak, jakby pomyli\u0107 Powsta\u0144c\u00f3w Warszawskich z Niemcami. [&#8230;]\u00a0Wi\u0119c wola\u0142bym, \u017ceby\u015bmy jednak zawsze zak\u0142adali dobr\u0105 wol\u0119 i wiedzieli, \u017ce cz\u0142owiek ma prawo do pomy\u0142ki, i nie odmawiali tego prawa te\u017c innym &#8211; komentowa\u0142 w TVN24.<\/p>\n<p>Redakcja poleca<\/p>\n","protected":false},"excerpt":{"rendered":"\u015awi\u0119to Wojska Polskiego. Wpadka prezydenta Karol Nawrocki przemawiaj\u0105c podczas uroczysto\u015bci 15 sierpnia m\u00f3wi\u0142 o &#8222;patriotycznym wychowaniu&#8221;, kt\u00f3re da\u0142o&hellip;\n","protected":false},"author":2,"featured_media":627842,"comment_status":"","ping_status":"","sticky":false,"template":"","format":"standard","meta":{"footnotes":"","_share_on_mastodon":"0"},"categories":[62712],"tags":[11309,690,2462],"class_list":["post-627841","post","type-post","status-publish","format-standard","has-post-thumbnail","category-karol-nawrocki","tag-barbara-nowacka","tag-karol-nawrocki","tag-polska-polityka"],"share_on_mastodon":{"url":"https:\/\/pubeurope.com\/@pl\/117110849461496299","error":""},"_links":{"self":[{"href":"https:\/\/www.europesays.com\/pl\/wp-json\/wp\/v2\/posts\/627841","targetHints":{"allow":["GET"]}}],"collection":[{"href":"https:\/\/www.europesays.com\/pl\/wp-json\/wp\/v2\/posts"}],"about":[{"href":"https:\/\/www.europesays.com\/pl\/wp-json\/wp\/v2\/types\/post"}],"author":[{"embeddable":true,"href":"https:\/\/www.europesays.com\/pl\/wp-json\/wp\/v2\/users\/2"}],"replies":[{"embeddable":true,"href":"https:\/\/www.europesays.com\/pl\/wp-json\/wp\/v2\/comments?post=627841"}],"version-history":[{"count":0,"href":"https:\/\/www.europesays.com\/pl\/wp-json\/wp\/v2\/posts\/627841\/revisions"}],"wp:featuredmedia":[{"embeddable":true,"href":"https:\/\/www.europesays.com\/pl\/wp-json\/wp\/v2\/media\/627842"}],"wp:attachment":[{"href":"https:\/\/www.europesays.com\/pl\/wp-json\/wp\/v2\/media?parent=627841"}],"wp:term":[{"taxonomy":"category","embeddable":true,"href":"https:\/\/www.europesays.com\/pl\/wp-json\/wp\/v2\/categories?post=627841"},{"taxonomy":"post_tag","embeddable":true,"href":"https:\/\/www.europesays.com\/pl\/wp-json\/wp\/v2\/tags?post=627841"}],"curies":[{"name":"wp","href":"https:\/\/api.w.org\/{rel}","templated":true}]}}