{"id":627905,"date":"2026-08-17T13:07:13","date_gmt":"2026-08-17T13:07:13","guid":{"rendered":"https:\/\/www.europesays.com\/pl\/627905\/"},"modified":"2026-08-17T13:07:13","modified_gmt":"2026-08-17T13:07:13","slug":"pierwszy-etap-budowy-linii-400-kv-choczewo-gdansk-przyjazn-zakonczony","status":"publish","type":"post","link":"https:\/\/www.europesays.com\/pl\/627905\/","title":{"rendered":"Pierwszy etap budowy linii 400 kV Choczewo \u2013 Gda\u0144sk Przyja\u017a\u0144 zako\u0144czony"},"content":{"rendered":"<p>                                        <a class=\"box-link\" href=\"https:\/\/enerad.pl\/farmy-fotowoltaiczne-i-magazyny-energii-coraz-aktywniej-wchodza-na-rynek-bilansujacy\/\" rel=\"nofollow noopener\" target=\"_blank\">Farmy fotowoltaiczne i magazyny energii coraz aktywniej wchodz\u0105 na rynek bilansuj\u0105cy<\/a><\/p>\n<p>                        <a href=\"https:\/\/enerad.pl\/farmy-fotowoltaiczne-i-magazyny-energii-coraz-aktywniej-wchodza-na-rynek-bilansujacy\/\" class=\"single-post-item__title\" rel=\"nofollow noopener\" target=\"_blank\"><br \/>\n                            Farmy fotowoltaiczne i magazyny energii coraz aktywniej wchodz\u0105 na rynek bilansuj\u0105cy<br \/>\n                        <\/a><\/p>\n<p class=\"single-post-item__excerpt\">Rynek odnawialnych \u017ar\u00f3de\u0142 energii w Polsce wchodzi w etap, w kt\u00f3rym coraz wi\u0119ksze znaczenie ma ju\u017c nie tylko sama produkcja energii, ale tak\u017ce spos\u00f3b zarz\u0105dzania prac\u0105 instalacji. Przyk\u0142adem tego trendu jest rozpocz\u0119cie procesu kwalifikacji dw\u00f3ch farm fotowoltaicznych o mocy 10 MW ka\u017cda do \u015bwiadczenia us\u0142ug bilansuj\u0105cych oraz obj\u0119cie wielorynkow\u0105 optymalizacj\u0105 jednej z pierwszych komercyjnych instalacji hybrydowych PV+BESS w Polsce.<\/p>\n<p>Wsp\u00f3\u0142praca Solartech i Respect Energy obejmie farmy PV Letnica i PV \u015acinawa oraz instalacj\u0119 hybrydow\u0105 Kiniki. Projekty pokazuj\u0105, jak w\u0142a\u015bciciele aktyw\u00f3w OZE mog\u0105 zwi\u0119ksza\u0107 ich elastyczno\u015b\u0107 i wykorzystywa\u0107 dodatkowe segmenty rynku energii.<\/p>\n<p>17.08.2026<\/p>\n<p>                                                            <a href=\"https:\/\/enerad.pl\/publikacje\/energia-elektryczna\/\" class=\"single-post-item__chip cat-chip\" rel=\"nofollow noopener\" target=\"_blank\"><br \/>\n                                    Energia elektryczna                                <\/a><\/p>\n<p>                                                                <a href=\"https:\/\/enerad.pl\/wszystkie-kategorie\/wiadomosci-z-rynku\/\" class=\"single-post-item__chip tag-chip\" rel=\"nofollow noopener\" target=\"_blank\"><br \/>\n                                        Wiadomo\u015bci z rynku                                    <\/a><\/p>\n<p>                                        <a class=\"box-link\" href=\"https:\/\/enerad.pl\/ceny-gazu-ziemnego-rosna-w-ii-kwartale-2026-r\/\" rel=\"nofollow noopener\" target=\"_blank\">Ceny gazu ziemnego rosn\u0105 w II kwartale 2026 r.<\/a><\/p>\n<p>                        <a href=\"https:\/\/enerad.pl\/ceny-gazu-ziemnego-rosna-w-ii-kwartale-2026-r\/\" class=\"single-post-item__title\" rel=\"nofollow noopener\" target=\"_blank\"><br \/>\n                            Ceny gazu ziemnego rosn\u0105 w II kwartale 2026 r.<br \/>\n                        <\/a><\/p>\n<p class=\"single-post-item__excerpt\">W drugim kwartale 2026 r. odnotowano znacz\u0105cy wzrost \u015brednich cen gazu ziemnego sprowadzanego zar\u00f3wno z kraj\u00f3w UE i EFTA, jak i spoza tych obszar\u00f3w. Najwy\u017csze wzrosty dotyczy\u0142y importu z pa\u0144stw cz\u0142onkowskich UE.<\/p>\n<p>17.08.2026<\/p>\n<p>                                                            <a href=\"https:\/\/enerad.pl\/publikacje\/gaz-i-wodor\/\" class=\"single-post-item__chip cat-chip\" rel=\"nofollow noopener\" target=\"_blank\"><br \/>\n                                    Gaz i wod\u00f3r                                <\/a><\/p>\n<p>                                                                <a href=\"https:\/\/enerad.pl\/wszystkie-kategorie\/wiadomosci-z-rynku\/\" class=\"single-post-item__chip tag-chip\" rel=\"nofollow noopener\" target=\"_blank\"><br \/>\n                                        Wiadomo\u015bci z rynku                                    <\/a><\/p>\n<p>                                        <a class=\"box-link\" href=\"https:\/\/enerad.pl\/samorzady-napedzaja-rozwoj-oze-nizsze-koszty-i-wieksze-bezpieczenstwo-energetyczne\/\" rel=\"nofollow noopener\" target=\"_blank\">Samorz\u0105dy nap\u0119dzaj\u0105 rozw\u00f3j OZE \u2013 ni\u017csze koszty i wi\u0119ksze bezpiecze\u0144stwo energetyczne<\/a><\/p>\n<p>                        <a href=\"https:\/\/enerad.pl\/samorzady-napedzaja-rozwoj-oze-nizsze-koszty-i-wieksze-bezpieczenstwo-energetyczne\/\" class=\"single-post-item__title\" rel=\"nofollow noopener\" target=\"_blank\"><br \/>\n                            Samorz\u0105dy nap\u0119dzaj\u0105 rozw\u00f3j OZE \u2013 ni\u017csze koszty i wi\u0119ksze bezpiecze\u0144stwo energetyczne<br \/>\n                        <\/a><\/p>\n<p class=\"single-post-item__excerpt\">Coraz wi\u0119cej Polak\u00f3w dostrzega korzy\u015bci ekonomiczne z inwestycji w odnawialne \u017ar\u00f3d\u0142a energii. Jednocze\u015bnie samorz\u0105dy anga\u017cuj\u0105 si\u0119 w transformacj\u0119 energetyczn\u0105, stawiaj\u0105c na OZE, magazyny energii i nowe modele zakupu energii. O praktycznych aspektach tych zmian dyskutowa\u0107 b\u0119d\u0105 uczestnicy konferencji RE-Source Poland Hub 2026.<\/p>\n<p>                                        <a class=\"box-link\" href=\"https:\/\/enerad.pl\/orlen-z-certyfikatem-kzr-inig-na-produkcje-biokomponentow-w-plockiej-rafinerii\/\" rel=\"nofollow noopener\" target=\"_blank\">ORLEN z certyfikatem KZR INiG na produkcj\u0119 biokomponent\u00f3w w p\u0142ockiej rafinerii<\/a><\/p>\n<p>                        <a href=\"https:\/\/enerad.pl\/orlen-z-certyfikatem-kzr-inig-na-produkcje-biokomponentow-w-plockiej-rafinerii\/\" class=\"single-post-item__title\" rel=\"nofollow noopener\" target=\"_blank\"><br \/>\n                            ORLEN z certyfikatem KZR INiG na produkcj\u0119 biokomponent\u00f3w w p\u0142ockiej rafinerii<br \/>\n                        <\/a><\/p>\n<p class=\"single-post-item__excerpt\">ORLEN uzyska\u0142 certyfikat Krajowego Systemu Zr\u00f3wnowa\u017conego Rozwoju Instytutu Nafty i Gazu dla procesu wsp\u00f3\u0142uwodornienia biosurowc\u00f3w w p\u0142ockiej rafinerii. Certyfikat umo\u017cliwia sp\u00f3\u0142ce rozw\u00f3j produkcji biokomponent\u00f3w i realizacj\u0119 cel\u00f3w UE w zakresie energii odnawialnej w transporcie.<\/p>\n<p>                                        <a class=\"box-link\" href=\"https:\/\/enerad.pl\/dogo-power-nagrodzone-za-innowacyjna-technologie-magazynowania-energii-przez-eupd-research\/\" rel=\"nofollow noopener\" target=\"_blank\">DoGo Power nagrodzone za innowacyjn\u0105 technologi\u0119 magazynowania energii przez EUPD Research<\/a><\/p>\n<p>                        <a href=\"https:\/\/enerad.pl\/dogo-power-nagrodzone-za-innowacyjna-technologie-magazynowania-energii-przez-eupd-research\/\" class=\"single-post-item__title\" rel=\"nofollow noopener\" target=\"_blank\"><br \/>\n                            DoGo Power nagrodzone za innowacyjn\u0105 technologi\u0119 magazynowania energii przez EUPD Research<br \/>\n                        <\/a><\/p>\n<p class=\"single-post-item__excerpt\">DoGo Power zosta\u0142o wyr\u00f3\u017cnione presti\u017cow\u0105 nagrod\u0105 Top Innovation Award 2026 przez europejsk\u0105 instytucj\u0119 badawcz\u0105 EUPD Research za w\u0142asn\u0105 technologi\u0119 magazynowania energii z funkcj\u0105 formowania sieci 4S. Rozwi\u0105zanie to wspiera transformacj\u0119 energetyczn\u0105 i efektywno\u015b\u0107 pracy nowych system\u00f3w elektroenergetycznych.<\/p>\n<p>                                        <a class=\"box-link\" href=\"https:\/\/enerad.pl\/info-day-cieplownia-przyszlosci-2-szansa-dla-publicznych-systemow-cieplowniczych\/\" rel=\"nofollow noopener\" target=\"_blank\">Info Day \u201eCiep\u0142ownia Przysz\u0142o\u015bci 2\u201d \u2013 szansa dla publicznych system\u00f3w ciep\u0142owniczych<\/a><\/p>\n<p>                        <a href=\"https:\/\/enerad.pl\/info-day-cieplownia-przyszlosci-2-szansa-dla-publicznych-systemow-cieplowniczych\/\" class=\"single-post-item__title\" rel=\"nofollow noopener\" target=\"_blank\"><br \/>\n                            Info Day \u201eCiep\u0142ownia Przysz\u0142o\u015bci 2\u201d \u2013 szansa dla publicznych system\u00f3w ciep\u0142owniczych<br \/>\n                        <\/a><\/p>\n<p class=\"single-post-item__excerpt\">Narodowe Centrum Bada\u0144 i Rozwoju organizuje bezp\u0142atne spotkanie online dla jednostek sektora publicznego zainteresowanych udzia\u0142em w konkursach \u201eCiep\u0142ownia Przysz\u0142o\u015bci 2\u201d. Wydarzenie odb\u0119dzie si\u0119 19 sierpnia 2026 r.<\/p>\n","protected":false},"excerpt":{"rendered":"Farmy fotowoltaiczne i magazyny energii coraz aktywniej wchodz\u0105 na rynek bilansuj\u0105cy Farmy fotowoltaiczne i magazyny energii coraz aktywniej&hellip;\n","protected":false},"author":2,"featured_media":627906,"comment_status":"","ping_status":"","sticky":false,"template":"","format":"standard","meta":{"footnotes":"","_share_on_mastodon":"0"},"categories":[51610],"tags":[1048,42,38,40,39,41,1348,51967],"class_list":["post-627905","post","type-post","status-publish","format-standard","has-post-thumbnail","category-gdansk","tag-gdansk","tag-pl","tag-poland","tag-polish","tag-polska","tag-polski","tag-technologia","tag-wiadomosci-z-rynku"],"share_on_mastodon":{"url":"https:\/\/pubeurope.com\/@pl\/117111006684659621","error":""},"_links":{"self":[{"href":"https:\/\/www.europesays.com\/pl\/wp-json\/wp\/v2\/posts\/627905","targetHints":{"allow":["GET"]}}],"collection":[{"href":"https:\/\/www.europesays.com\/pl\/wp-json\/wp\/v2\/posts"}],"about":[{"href":"https:\/\/www.europesays.com\/pl\/wp-json\/wp\/v2\/types\/post"}],"author":[{"embeddable":true,"href":"https:\/\/www.europesays.com\/pl\/wp-json\/wp\/v2\/users\/2"}],"replies":[{"embeddable":true,"href":"https:\/\/www.europesays.com\/pl\/wp-json\/wp\/v2\/comments?post=627905"}],"version-history":[{"count":0,"href":"https:\/\/www.europesays.com\/pl\/wp-json\/wp\/v2\/posts\/627905\/revisions"}],"wp:featuredmedia":[{"embeddable":true,"href":"https:\/\/www.europesays.com\/pl\/wp-json\/wp\/v2\/media\/627906"}],"wp:attachment":[{"href":"https:\/\/www.europesays.com\/pl\/wp-json\/wp\/v2\/media?parent=627905"}],"wp:term":[{"taxonomy":"category","embeddable":true,"href":"https:\/\/www.europesays.com\/pl\/wp-json\/wp\/v2\/categories?post=627905"},{"taxonomy":"post_tag","embeddable":true,"href":"https:\/\/www.europesays.com\/pl\/wp-json\/wp\/v2\/tags?post=627905"}],"curies":[{"name":"wp","href":"https:\/\/api.w.org\/{rel}","templated":true}]}}