{"id":628012,"date":"2026-08-17T14:08:09","date_gmt":"2026-08-17T14:08:09","guid":{"rendered":"https:\/\/www.europesays.com\/pl\/628012\/"},"modified":"2026-08-17T14:08:09","modified_gmt":"2026-08-17T14:08:09","slug":"port-polska-ruszaja-poszukiwania-na-prezesa-i-czlonka-zarzadu-cpk","status":"publish","type":"post","link":"https:\/\/www.europesays.com\/pl\/628012\/","title":{"rendered":"Port Polska: Ruszaj\u0105 poszukiwania na prezesa i cz\u0142onka zarz\u0105du CPK"},"content":{"rendered":"<p>Prezes Zarz\u0105du i Cz\u0142onek Zarz\u0105du ds. nieruchomo\u015bci i relacji z interesariuszami &#8211; Rada Nadzorcza sp\u00f3\u0142ki Centralny Port Komunikacyjny rozpoczyna post\u0119powania kwalifikacyjne na dwie funkcje w zarz\u0105dzie.  <\/p>\n<p>Sp\u00f3\u0142ka poszukuje do\u015bwiadczonych mened\u017cer\u00f3w z kompetencjami odpowiadaj\u0105cymi skali i z\u0142o\u017cono\u015bci strategicznego programu inwestycyjnego Port Polska.<\/p>\n<p>Do\u015bwiadczenie w du\u017cych inwestycjach<\/p>\n<p>W przypadku post\u0119powania na funkcj\u0119 Prezesa Zarz\u0105du jednym z kluczowych kryteri\u00f3w jest do\u015bwiadczenie w zarz\u0105dzaniu z\u0142o\u017conymi projektami inwestycyjnymi oraz kierowaniu wieloosobowym zarz\u0105dem lub zespo\u0142em projektowym.<\/p>\n<p>Istotnym elementem jest do\u015bwiadczenie w zarz\u0105dzaniu portfelem budowlanych projekt\u00f3w inwestycyjnych, obejmuj\u0105cych wielobran\u017cowe i wielkokubaturowe inwestycje infrastrukturalne, przemys\u0142owe, biurowo-handlowe lub sportowe. Dodatkowymi atutami ocenianymi przez rad\u0119 nadzorcz\u0105 b\u0119d\u0105 do\u015bwiadczenie w realizacji projekt\u00f3w budowlanych w formule project finance oraz dyplom MBA. Termin sk\u0142adania zg\u0142osze\u0144 w post\u0119powaniu kwalifikacyjnym up\u0142ywa 23 wrze\u015bnia 2026 r.<\/p>\n<p>Nieruchomo\u015bci i relacje z interesariuszami<\/p>\n<p>Drugie post\u0119powanie dotyczy Cz\u0142onka Zarz\u0105du ds. nieruchomo\u015bci i relacji z interesariuszami. Kandydat powinien mie\u0107 do\u015bwiadczenie w budowaniu relacji z interesariuszami na r\u00f3\u017cnych etapach procesu inwestycyjnego, a tak\u017ce wiedz\u0119 z zakresu planistyki przestrzennej, rozwoju regionalnego i projekt\u00f3w inwestycyjnych. Istotna jest r\u00f3wnie\u017c znajomo\u015b\u0107 proces\u00f3w pozyskiwania i zarz\u0105dzania nieruchomo\u015bciami przeznaczonymi pod inwestycje infrastrukturalne.<\/p>\n<p>Zakres tej funkcji \u0142\u0105czy wi\u0119c dwa obszary istotne dla realizacji programu Port Polska: kwestie nieruchomo\u015bci niezb\u0119dnych do prowadzenia inwestycji oraz relacje z jej otoczeniem i interesariuszami. Zg\u0142oszenia kandydat\u00f3w b\u0119d\u0105 przyjmowane do 4 wrze\u015bnia 2026 r.<\/p>\n<p>Kompetencje menad\u017cer\u00f3w etapu budowlanego Port Polska<\/p>\n<p>W obu post\u0119powaniach kluczowe jest praktyczne do\u015bwiadczenie w realizacji z\u0142o\u017conych proces\u00f3w inwestycyjnych. Poszukiwane kompetencje odpowiadaj\u0105 specyfice programu inwestycyjnego Port Polska, kt\u00f3ry \u0142\u0105czy realizacj\u0119 du\u017cych inwestycji infrastrukturalnych z zarz\u0105dzaniem nieruchomo\u015bciami i wsp\u00f3\u0142prac\u0105 z otoczeniem inwestycji. Wyb\u00f3r najlepszych kandydat\u00f3w b\u0119dzie mia\u0142 decyduj\u0105cy wp\u0142yw na powodzenie programu inwestycyjnego Port Polska.<\/p>\n<p>Przypomnijmy, \u017ce\u00a0<a href=\"https:\/\/www.rynek-lotniczy.pl\/wiadomosci\/wielkie-zmiany-w-cpk-czernicki-i-kus-odwolani-michalski-po-prezesa---28604.html\" target=\"_blank\" rel=\"nofollow noopener\">Rada Nadzorcza Centralnego Portu Komunikacyjnego 30 lipca 2026 roku zdecydowa\u0142a o odwo\u0142aniu z pe\u0142nionych funkcji prezesa zarz\u0105du sp\u00f3\u0142ki dr. Filipa Czernickiego i cz\u0142onka zarz\u0105du Dariusza Kusia<\/a>. Obowi\u0105zki prezesa zarz\u0105du, do czasu powo\u0142ania nowej osoby na to stanowisko, pe\u0142ni Marcin Michalski, cz\u0142onek zarz\u0105du sp\u00f3\u0142ki.\u00a0<\/p>\n<p>Do odwo\u0142a\u0144 dosz\u0142o w momencie, gdy projekt CPK wszed\u0142 w faz\u0119 realizacyjn\u0105. W ostatnich miesi\u0105cach <a href=\"https:\/\/www.rynek-lotniczy.pl\/wiadomosci\/port-polska-rozpoczyna-dialog-konkurencyjny-w-sprawie-budowy-tunelu-i-dworca-kolejowego-pod-lotniskiem-28594.html\" target=\"_blank\" rel=\"nofollow noopener\">sp\u00f3\u0142ka prowadzi\u0142a kolejne post\u0119powania przetargowe<\/a>, przygotowywa\u0142a <a href=\"https:\/\/www.rynek-lotniczy.pl\/wiadomosci\/przekazanie-obszaru-robot-do-prac-przygotowawczych-28207.html\" target=\"_blank\" rel=\"nofollow noopener\">rozpocz\u0119cie rob\u00f3t budowlanych<\/a> oraz rozwija\u0142a projekt pod now\u0105 mark\u0105 \u201ePort Polska\u201d. Jeszcze w lutym informowano, \u017ce trwaj\u0105 standardowe post\u0119powania kwalifikacyjne zwi\u0105zane z ko\u0144cem kadencji zarz\u0105du, a jednocze\u015bnie zdecydowano o rozszerzeniu jego sk\u0142adu o <a href=\"https:\/\/www.rynek-lotniczy.pl\/wiadomosci\/adam-ferens-nowym-czlonkiem-zarzadu-spolki-centralny-port-komunikacyjny-28193.html\" target=\"_blank\" rel=\"nofollow noopener\">nowego cz\u0142onka odpowiedzialnego za inwestycje<\/a>.<\/p>\n<p>W wyniku decyzji Rady Nadzorczej w zarz\u0105dzie sp\u00f3\u0142ki Centralny Port Komunikacyjny pozostali: Marcin Michalski, odpowiadaj\u0105cy za obszar finans\u00f3w, Piotr Rachwalski, nadzoruj\u0105cy komponent kolejowy projektu, oraz Adam Ferens, odpowiedzialny za kwestie inwestycyjne. Zmiany personalne obj\u0119\u0142y wi\u0119\u0107 na razie wy\u0142\u0105cznie stanowisko prezesa oraz jednego z cz\u0142onk\u00f3w zarz\u0105du, przy zachowaniu ci\u0105g\u0142o\u015bci prac w pozosta\u0142ych kluczowych obszarach dzia\u0142alno\u015bci sp\u00f3\u0142ki. Na pe\u0142ni\u0105cego obowi\u0105zki prezesa wybrany zosta\u0142 Marcin Michalski.<\/p>\n","protected":false},"excerpt":{"rendered":"Prezes Zarz\u0105du i Cz\u0142onek Zarz\u0105du ds. nieruchomo\u015bci i relacji z interesariuszami &#8211; Rada Nadzorcza sp\u00f3\u0142ki Centralny Port Komunikacyjny&hellip;\n","protected":false},"author":2,"featured_media":628013,"comment_status":"","ping_status":"","sticky":false,"template":"","format":"standard","meta":{"footnotes":"","_share_on_mastodon":"0"},"categories":[12],"tags":[6106,6052,58689,87347,79486,42,38,40,39,41,39480,123661,3804],"class_list":["post-628012","post","type-post","status-publish","format-standard","has-post-thumbnail","category-polska","tag-centralny-port-komunikacyjny","tag-cpk","tag-czlonek-zarzadu","tag-dariusz-kus","tag-filip-czernicki","tag-pl","tag-poland","tag-polish","tag-polska","tag-polski","tag-port-polska","tag-postepowanie-kwalifikacyjne","tag-prezes-zarzadu"],"share_on_mastodon":{"url":"https:\/\/pubeurope.com\/@pl\/117111246277462543","error":""},"_links":{"self":[{"href":"https:\/\/www.europesays.com\/pl\/wp-json\/wp\/v2\/posts\/628012","targetHints":{"allow":["GET"]}}],"collection":[{"href":"https:\/\/www.europesays.com\/pl\/wp-json\/wp\/v2\/posts"}],"about":[{"href":"https:\/\/www.europesays.com\/pl\/wp-json\/wp\/v2\/types\/post"}],"author":[{"embeddable":true,"href":"https:\/\/www.europesays.com\/pl\/wp-json\/wp\/v2\/users\/2"}],"replies":[{"embeddable":true,"href":"https:\/\/www.europesays.com\/pl\/wp-json\/wp\/v2\/comments?post=628012"}],"version-history":[{"count":0,"href":"https:\/\/www.europesays.com\/pl\/wp-json\/wp\/v2\/posts\/628012\/revisions"}],"wp:featuredmedia":[{"embeddable":true,"href":"https:\/\/www.europesays.com\/pl\/wp-json\/wp\/v2\/media\/628013"}],"wp:attachment":[{"href":"https:\/\/www.europesays.com\/pl\/wp-json\/wp\/v2\/media?parent=628012"}],"wp:term":[{"taxonomy":"category","embeddable":true,"href":"https:\/\/www.europesays.com\/pl\/wp-json\/wp\/v2\/categories?post=628012"},{"taxonomy":"post_tag","embeddable":true,"href":"https:\/\/www.europesays.com\/pl\/wp-json\/wp\/v2\/tags?post=628012"}],"curies":[{"name":"wp","href":"https:\/\/api.w.org\/{rel}","templated":true}]}}