{"id":628128,"date":"2026-08-17T15:11:08","date_gmt":"2026-08-17T15:11:08","guid":{"rendered":"https:\/\/www.europesays.com\/pl\/628128\/"},"modified":"2026-08-17T15:11:08","modified_gmt":"2026-08-17T15:11:08","slug":"trump-usa-zbombarduja-oman-jesli-stanie-nam-na-drodze","status":"publish","type":"post","link":"https:\/\/www.europesays.com\/pl\/628128\/","title":{"rendered":"Trump: USA zbombarduj\u0105 Oman, je\u015bli stanie nam na drodze"},"content":{"rendered":"\n<p>&#13;<br \/>\nTrump za\u017c\u0105da\u0142 w\u00a0poniedzia\u0142ek (17 sierpnia) od\u00a0Iranu &#8222;wywieszenia bia\u0142ej flagi&#8221; i\u00a0ostrzeg\u0142, \u017ce\u00a0Stany Zjednoczone mog\u0105 kontynuowa\u0107 dzia\u0142ania wojskowe przeciwko Teheranowi. &#13;\n<\/p>\n<p>&#13;<br \/>\nW rozmowie z\u00a0Fox News potwierdzi\u0142 jednocze\u015bnie istnienie zakulisowego kana\u0142u kontakt\u00f3w mi\u0119dzy administracj\u0105 USA a\u00a0przedstawicielami ira\u0144skiego Korpusu Stra\u017cnik\u00f3w Rewolucji Islamskiej (IRGC), kt\u00f3ry omija cz\u0119\u015b\u0107 oficjalnych struktur i\u00a0po\u015brednik\u00f3w. Jak oceni\u0142, przedstawiciele IRGC &#8222;dobrymi pokerzystami&#8221;, ale\u00a0ponosz\u0105 ci\u0119\u017ckie straty w\u00a0wyniku dzia\u0142a\u0144 wojennych. &#13;\n<\/p>\n<p>Ko\u0144czy si\u0119 kruchy rozejm USA z\u00a0Iranem <\/p>\n<p>&#13;<br \/>\nTrump podkre\u015bli\u0142, \u017ce\u00a0nie zamierza wyznacza\u0107 Iranowi kolejnego terminu na\u00a0spe\u0142nienie ameryka\u0144skich \u017c\u0105da\u0144. \u2013\u00a0Nie\u00a0mam harmonogramu. Nie\u00a0spiesz\u0119 si\u0119 \u2013\u00a0powiedzia\u0142, zaznaczaj\u0105c, \u017ce\u00a0jego g\u0142\u00f3wnym celem pozostaje niedopuszczenie do\u00a0tego, aby\u00a0Iran posiada\u0142 bro\u0144 nuklearn\u0105. Jednocze\u015bnie wezwa\u0142 w\u0142adze w\u00a0Teheranie do\u00a0kapitulacji. &#13;\n<\/p>\n<p>&#13;<br \/>\nAmeryka\u0144ski prezydent nie\u00a0wykluczy\u0142 dalszych bombardowa\u0144 Iranu, je\u015bli Teheran nie\u00a0zrezygnuje z\u00a0ambicji nuklearnych. Jego wypowiedzi pad\u0142y w\u00a0momencie wyga\u015bni\u0119cia 60-dniowego porozumienia mi\u0119dzy USA i\u00a0Iranem, kt\u00f3re mia\u0142o stworzy\u0107 warunki do\u00a0negocjacji dotycz\u0105cych zako\u0144czenia konfliktu. Rozmowy pozostaj\u0105 w\u00a0impasie. &#13;\n<\/p>\n<p>Trump: USA zbombarduj\u0105 Oman, je\u015bli stanie nam na\u00a0drodze<\/p>\n<p>&#13;<br \/>\nPrezydent USA zagrozi\u0142 r\u00f3wnie\u017c Omanowi. Ostrzeg\u0142, \u017ce\u00a0je\u015bli ten kraj &#8222;stanie na\u00a0drodze&#8221; ameryka\u0144skim dzia\u0142aniom zmierzaj\u0105cym do\u00a0rozwi\u0105zania kwestii ira\u0144skiej i\u00a0<a href=\"https:\/\/dorzeczy.pl\/swiat\/926593\/iran-stawia-warunki-ws-otwarcia-ciesniny-ormuz.html\" rel=\"nofollow noopener\" target=\"_blank\">otwarcia cie\u015bniny Ormuz<\/a>, USA mog\u0105 go\u00a0zbombardowa\u0107. &#13;\n<\/p>\n<p>&#13;<br \/>\nOman prowadzi r\u00f3wnolegle rozmowy z\u00a0Iranem dotycz\u0105ce zasad \u017ceglugi przez strategiczn\u0105 cie\u015bnin\u0119 Ormuz, kt\u00f3ra jest jednym z\u00a0najwa\u017cniejszych na\u00a0\u015bwiecie szlak\u00f3w transportu ropy naftowej i\u00a0skroplonego gazu LNG. Kontrola nad Ormuzem sta\u0142a si\u0119 g\u0142\u00f3wnym polem bitwy w\u00a0wojnie USA z\u00a0Iranem, kt\u00f3ra rozpocz\u0119\u0142a si\u0119 od\u00a0ataku Izraela na\u00a0Iran w\u00a0lutym br. &#13;\n<\/p>\n<p>&#13;<br \/>\n   Czytaj te\u017c:<br \/><a href=\"https:\/\/dorzeczy.pl\/swiat\/929497\/iran-30-tys-dolarow-nagrody-za-kazdego-zabitego-lub-pojmanego-zolnierza-usa.html\" rel=\"follow nofollow noopener\" data-schema=\"DORZECZY\" data-image=\"https:\/\/img.dorzeczy.pl\/_thumb\/6a\/fb\/a461ceac54f1a63e8a1de17dfa2c.jpeg\" target=\"_blank\">Iran wyznaczy\u0142 nagrod\u0119 za\u00a0ka\u017cdego zabitego lub\u00a0pojmanego \u017co\u0142nierza USA<\/a>&#13;<\/p>\n","protected":false},"excerpt":{"rendered":"&#13; Trump za\u017c\u0105da\u0142 w\u00a0poniedzia\u0142ek (17 sierpnia) od\u00a0Iranu &#8222;wywieszenia bia\u0142ej flagi&#8221; i\u00a0ostrzeg\u0142, \u017ce\u00a0Stany Zjednoczone mog\u0105 kontynuowa\u0107 dzia\u0142ania wojskowe przeciwko&hellip;\n","protected":false},"author":2,"featured_media":628129,"comment_status":"","ping_status":"","sticky":false,"template":"","format":"standard","meta":{"footnotes":"","_share_on_mastodon":"0"},"categories":[14],"tags":[32,33,1347,98,27,663,34,35,28,31,25,103,20577,40,41,80,29,30,597,71,26,892,82,83,84],"class_list":["post-628128","post","type-post","status-publish","format-standard","has-post-thumbnail","category-swiat","tag-breaking-news","tag-breakingnews","tag-damian-cygan","tag-dorzeczy","tag-headlines","tag-iran","tag-latest-news","tag-latestnews","tag-naglowki","tag-najwazniejsze-artykuly","tag-news","tag-obserwator-mediow","tag-oman","tag-polish","tag-polski","tag-swiat","tag-top-stories","tag-topstories","tag-trump","tag-usa","tag-wiadomosci","tag-wojna","tag-world","tag-world-news","tag-worldnews"],"share_on_mastodon":{"url":"https:\/\/pubeurope.com\/@pl\/117111494271213047","error":""},"_links":{"self":[{"href":"https:\/\/www.europesays.com\/pl\/wp-json\/wp\/v2\/posts\/628128","targetHints":{"allow":["GET"]}}],"collection":[{"href":"https:\/\/www.europesays.com\/pl\/wp-json\/wp\/v2\/posts"}],"about":[{"href":"https:\/\/www.europesays.com\/pl\/wp-json\/wp\/v2\/types\/post"}],"author":[{"embeddable":true,"href":"https:\/\/www.europesays.com\/pl\/wp-json\/wp\/v2\/users\/2"}],"replies":[{"embeddable":true,"href":"https:\/\/www.europesays.com\/pl\/wp-json\/wp\/v2\/comments?post=628128"}],"version-history":[{"count":0,"href":"https:\/\/www.europesays.com\/pl\/wp-json\/wp\/v2\/posts\/628128\/revisions"}],"wp:featuredmedia":[{"embeddable":true,"href":"https:\/\/www.europesays.com\/pl\/wp-json\/wp\/v2\/media\/628129"}],"wp:attachment":[{"href":"https:\/\/www.europesays.com\/pl\/wp-json\/wp\/v2\/media?parent=628128"}],"wp:term":[{"taxonomy":"category","embeddable":true,"href":"https:\/\/www.europesays.com\/pl\/wp-json\/wp\/v2\/categories?post=628128"},{"taxonomy":"post_tag","embeddable":true,"href":"https:\/\/www.europesays.com\/pl\/wp-json\/wp\/v2\/tags?post=628128"}],"curies":[{"name":"wp","href":"https:\/\/api.w.org\/{rel}","templated":true}]}}