{"id":628244,"date":"2026-08-17T16:22:09","date_gmt":"2026-08-17T16:22:09","guid":{"rendered":"https:\/\/www.europesays.com\/pl\/628244\/"},"modified":"2026-08-17T16:22:09","modified_gmt":"2026-08-17T16:22:09","slug":"zuzel-w-motorze-lublin-mowia-jasno-z-taka-jazda-polegna-na-terenie-gkm-pobandzie","status":"publish","type":"post","link":"https:\/\/www.europesays.com\/pl\/628244\/","title":{"rendered":"\u017bu\u017cel. W Motorze Lublin m\u00f3wi\u0105 jasno! Z tak\u0105 jazd\u0105 polegn\u0105 na terenie GKM? &#8211; PoBandzie"},"content":{"rendered":"<p class=\"wp-block-paragraph\">Mimo domowego zwyci\u0119stwa z Fogo Uni\u0105 Leszno 48:42, cz\u0119\u015b\u0107 zawodnik\u00f3w Motoru Lublin prezentowa\u0142a dyspozycj\u0119 poni\u017cej oczekiwa\u0144. Problemy z pr\u0119dko\u015bci\u0105 wida\u0107 by\u0142o mi\u0119dzy innymi u Kacpra Woryny, kt\u00f3remu nie uda\u0142o si\u0119 wygra\u0107 indywidualnie \u017cadnego wy\u015bcigu. S\u0142abo zaprezentowa\u0142 si\u0119 tak\u017ce juniorski duet z Lublina, kt\u00f3ry wielokrotnie ju\u017c pokazywa\u0142, \u017ce sta\u0107 ich na wi\u0119cej.<\/p>\n<p>\u2013 Przede wszystkim w kilku wy\u015bcigach by\u0142o wida\u0107 t\u0119 niemoc sprz\u0119tow\u0105. Zawodnicy nawet jak dobrze wychodzili ze startu, to byli bardzo wolni i przeciwnik na dystansie nas mija\u0142. Tracili\u015bmy punkty i to jest wszystko do naprawienia przed pi\u0105tkowym meczem z Grudzi\u0105dzem \u2013 m\u00f3wi\u0142 Jacek Zi\u00f3\u0142kowski.<\/p>\n<p><a href=\"https:\/\/po-bandzie.com.pl\/zuzel-unia-leszno-tlumaczy-odejscie-zengoty-poszlo-o-pieniadze\/\" rel=\"nofollow noopener\" target=\"_blank\">\u017bu\u017cel. Unia Leszno t\u0142umaczy odej\u015bcie Zengoty! Posz\u0142o o pieni\u0105dze? \u2013 PoBandzie \u2013 Portal Sportowy<\/a><\/p>\n<p><a href=\"https:\/\/po-bandzie.com.pl\/zuzel-fatalne-informacje-dla-stali-gorzow-chodzi-o-jacka-holdera\/\" rel=\"nofollow noopener\" target=\"_blank\">\u017bu\u017cel. Fatalne informacje dla Stali Gorz\u00f3w! Chodzi o Jacka Holdera \u2013 PoBandzie \u2013 Portal Sportowy<\/a> <\/p>\n<p>Na kilka dni przed ostatecznym rozstrzygni\u0119ciem swojego losu zdaje si\u0119, \u017ce Motor Lublin jest w niema\u0142ym kryzysie. Optymaln\u0105 dyspozycj\u0119 prezentuj\u0105 tylko Bartosz Zmarzlik i wci\u0105\u017c zmagaj\u0105cy si\u0119 ze skutkami kontuzji Fredrik Lindgren, a jak pokaza\u0142 mecz we Wroc\u0142awiu, nie wystarcza to do wyjazdowych zwyci\u0119stw. Co jest wi\u0119c na ten moment najwi\u0119ksz\u0105 trudno\u015bci\u0105 w zespole? <\/p>\n<p>\u2013 W ka\u017cdym meczu warunki w trakcie zawod\u00f3w si\u0119 zmieniaj\u0105 i trzeba odpowiednio reagowa\u0107. Tu by\u0142y problemy z dopasowaniem motocykli do zmieniaj\u0105cych si\u0119 warunk\u00f3w. Trzeba to skorygowa\u0107, bo z t\u0105 dyspozycj\u0105, kt\u00f3ra by\u0142a dzisiaj, w Grudzi\u0105dzu b\u0119dzie bardzo trudno \u2013 przyzna\u0142 mened\u017cer Motoru Lublin.<\/p>\n<p><a href=\"https:\/\/po-bandzie.com.pl\/zuzel-ciekawy-kandydat-na-nowego-trenera-falubazu-jasno-to-potwierdzil\/\" rel=\"nofollow noopener\" target=\"_blank\">\u017bu\u017cel. Ciekawy kandydat na nowego trenera Falubazu! Jasno to potwierdzi\u0142! \u2013 PoBandzie \u2013 Portal Sportowy<\/a><\/p>\n<p>Czasu jest ma\u0142o, a do poprawy wiele. Po sukcesach z poprzednich lat presja i oczekiwania s\u0105 ogromne. Pytanie czy zawodnicy i sztab szkoleniowy s\u0105 w stanie w zaledwie kilka dni skorygowa\u0107 b\u0142\u0119dy towarzysz\u0105ce im wi\u0119kszo\u015b\u0107 sezonu. Jakie nastroje panuj\u0105 wi\u0119c w dru\u017cynie w tak trudnej sytuacji?<\/p>\n<p>\u2013 Mo\u017ce nie tyle napi\u0119cie i stres, a po prostu niepok\u00f3j i poszukiwanie tego co zrobi\u0107 \u017ceby by\u0142o lepiej. Zawodnicy te\u017c zdaj\u0105 sobie spraw\u0119, \u017ce to nie by\u0142o to czego my by\u015bmy oczekiwali i czego oni by oczekiwali. Zdaj\u0105 sobie spraw\u0119, \u017ce jest wiele rzeczy do naprawy \u2013 m\u00f3wi\u0142 mened\u017cer zespo\u0142u Jacek Zi\u00f3\u0142kowski.<\/p>\n<p>\u00a0<\/p>\n","protected":false},"excerpt":{"rendered":"Mimo domowego zwyci\u0119stwa z Fogo Uni\u0105 Leszno 48:42, cz\u0119\u015b\u0107 zawodnik\u00f3w Motoru Lublin prezentowa\u0142a dyspozycj\u0119 poni\u017cej oczekiwa\u0144. Problemy z&hellip;\n","protected":false},"author":2,"featured_media":628245,"comment_status":"","ping_status":"","sticky":false,"template":"","format":"standard","meta":{"footnotes":"","_share_on_mastodon":"0"},"categories":[51612],"tags":[780,51772,3972,12376,6823,1081,93209,3364,42,38,40,39,41,3977,23743,3980,3981,23744,9712,3983,3984],"class_list":["post-628244","post","type-post","status-publish","format-standard","has-post-thumbnail","category-lublin","tag-bartosz-zmarzlik","tag-gkm-grudziadz","tag-google-news","tag-google-upday","tag-jacek-ziolkowski","tag-lublin","tag-lublin-zuzel","tag-motor-lublin","tag-pl","tag-poland","tag-polish","tag-polska","tag-polski","tag-sport-zuzlowy","tag-zuzel-2026","tag-zuzel-ekstraliga","tag-zuzel-google","tag-zuzel-lublin","tag-zuzel-pobandzie","tag-zuzel-tv","tag-zuzel-wyniki"],"share_on_mastodon":{"url":"","error":""},"_links":{"self":[{"href":"https:\/\/www.europesays.com\/pl\/wp-json\/wp\/v2\/posts\/628244","targetHints":{"allow":["GET"]}}],"collection":[{"href":"https:\/\/www.europesays.com\/pl\/wp-json\/wp\/v2\/posts"}],"about":[{"href":"https:\/\/www.europesays.com\/pl\/wp-json\/wp\/v2\/types\/post"}],"author":[{"embeddable":true,"href":"https:\/\/www.europesays.com\/pl\/wp-json\/wp\/v2\/users\/2"}],"replies":[{"embeddable":true,"href":"https:\/\/www.europesays.com\/pl\/wp-json\/wp\/v2\/comments?post=628244"}],"version-history":[{"count":0,"href":"https:\/\/www.europesays.com\/pl\/wp-json\/wp\/v2\/posts\/628244\/revisions"}],"wp:featuredmedia":[{"embeddable":true,"href":"https:\/\/www.europesays.com\/pl\/wp-json\/wp\/v2\/media\/628245"}],"wp:attachment":[{"href":"https:\/\/www.europesays.com\/pl\/wp-json\/wp\/v2\/media?parent=628244"}],"wp:term":[{"taxonomy":"category","embeddable":true,"href":"https:\/\/www.europesays.com\/pl\/wp-json\/wp\/v2\/categories?post=628244"},{"taxonomy":"post_tag","embeddable":true,"href":"https:\/\/www.europesays.com\/pl\/wp-json\/wp\/v2\/tags?post=628244"}],"curies":[{"name":"wp","href":"https:\/\/api.w.org\/{rel}","templated":true}]}}