{"id":628310,"date":"2026-08-17T17:04:11","date_gmt":"2026-08-17T17:04:11","guid":{"rendered":"https:\/\/www.europesays.com\/pl\/628310\/"},"modified":"2026-08-17T17:04:11","modified_gmt":"2026-08-17T17:04:11","slug":"kolejny-atak-na-infantino-chca-zablokowac-jego-start-w-wyborach","status":"publish","type":"post","link":"https:\/\/www.europesays.com\/pl\/628310\/","title":{"rendered":"Kolejny atak na Infantino. Chc\u0105 zablokowa\u0107 jego start w wyborach"},"content":{"rendered":"\n<p class=\"contentpart contentpart--default contentpart--text\" data-position=\"0\">FairSquare,\u00a0brytyjska organizacja non-profit zajmuj\u0105ca si\u0119 prawami cz\u0142owieka, skierowa\u0142a w tej sprawie pismo do FIFA 13 sierpnia. Organizacja kwestionuje spos\u00f3b, w jaki \u015bwiatowa federacja interpretuje przepisy dotycz\u0105ce limitu kadencji prezydenta. <a href=\"https:\/\/sportowefakty.wp.pl\/pilka-nozna\/gianni-infantino\" rel=\"nofollow noopener\" target=\"_blank\">Gianni Infantino<\/a>\u00a0kieruje FIFA od 2016 roku i zamierza ponownie ubiega\u0107 si\u0119 o stanowisko.<\/p>\n<p class=\"contentpart contentpart--default contentpart--text\" data-position=\"1\">Kluczowy jest jego pierwszy okres urz\u0119dowania. Infantino zosta\u0142 wybrany po odej\u015bciu Seppa Blattera i doko\u0144czy\u0142 rozpocz\u0119t\u0105 przez niego kadencj\u0119. W 2022 roku Rada FIFA uzna\u0142a, \u017ce tego okresu nie nale\u017cy zalicza\u0107 jako pe\u0142nej kadencji Infantino. Dzi\u0119ki takiej interpretacji mo\u017ce on ponownie kandydowa\u0107, mimo \u017ce przepisy FIFA przewiduj\u0105 maksymalnie trzy kolejne kadencje prezydenta.<\/p>\n<p>  <img decoding=\"async\" src=\"https:\/\/v.wpimg.pl\/X3dwLnN2d1IFFTpdYUl6R0ZNbgcnEHQREVV2TGEGbUtRT2MdOlZ2RBQUKABgQjQcDRotCStBd1IAAWMeIlM7VgwYIAorQAdEFFk_GCkQJQ\" alt=\"\" width=\"45\" height=\"58\" loading=\"lazy\"\/>  <\/p>\n<p class=\"contentpart contentpart--default contentpart--text\" data-position=\"2\">FairSquare uwa\u017ca jednak, \u017ce takie rozwi\u0105zanie jest sprzeczne z regulacjami federacji. W pi\u015bmie, do kt\u00f3rego dotar\u0142 &#8222;The Athletic&#8221;, zakwestionowano wcze\u015bniejsz\u0105 decyzj\u0119 Komitetu ds. Zarz\u0105dzania, Audytu i Zgodno\u015bci. Zdaniem organizacji pomini\u0119cie pierwszego okresu rz\u0105d\u00f3w Infantino &#8222;wyra\u017anie narusza liter\u0119 i ducha&#8221; statutowych ogranicze\u0144 liczby kadencji.\u00a0<\/p>\n<p class=\"contentpart contentpart--default contentpart--text\" data-position=\"3\">Nie jest to pierwszy sp\u00f3r FairSquare z prezydentem FIFA. W lipcu organizacja zwr\u00f3ci\u0142a si\u0119 do Mi\u0119dzynarodowego Komitetu Olimpijskiego, zarzucaj\u0105c Infantino naruszenie zasad neutralno\u015bci politycznej w zwi\u0105zku z jego relacjami i publicznym poparciem dla Donalda Trumpa. MKOl odrzuci\u0142 jednak skarg\u0119, uznaj\u0105c, \u017ce sprawa nie mie\u015bci si\u0119 w kompetencjach jego Komisji Etyki.<\/p>\n<p class=\"contentpart contentpart--default contentpart--text\" data-position=\"4\">Najbli\u017csze wybory na prezydenta FIFA odb\u0119d\u0105 si\u0119 w marcu 2027 roku. Na ten moment Infantino pozostaje jedynym oficjalnym kandydatem.<\/p>\n<p class=\"contentpart contentpart--default contentpart--text\" data-position=\"5\">ZOBACZ WIDEO: W samo okienko! 19-latka zachwyci\u0142a<\/p>\n","protected":false},"excerpt":{"rendered":"FairSquare,\u00a0brytyjska organizacja non-profit zajmuj\u0105ca si\u0119 prawami cz\u0142owieka, skierowa\u0142a w tej sprawie pismo do FIFA 13 sierpnia. Organizacja kwestionuje&hellip;\n","protected":false},"author":2,"featured_media":628311,"comment_status":"","ping_status":"","sticky":false,"template":"","format":"standard","meta":{"footnotes":"","_share_on_mastodon":"0"},"categories":[24],"tags":[1285,5116,269,42,38,40,39,41,127,126],"class_list":["post-628310","post","type-post","status-publish","format-standard","has-post-thumbnail","category-sport","tag-fifa","tag-gianni-infantino","tag-pilka-nozna","tag-pl","tag-poland","tag-polish","tag-polska","tag-polski","tag-sport","tag-sports"],"share_on_mastodon":{"url":"https:\/\/pubeurope.com\/@pl\/117111938233092857","error":""},"_links":{"self":[{"href":"https:\/\/www.europesays.com\/pl\/wp-json\/wp\/v2\/posts\/628310","targetHints":{"allow":["GET"]}}],"collection":[{"href":"https:\/\/www.europesays.com\/pl\/wp-json\/wp\/v2\/posts"}],"about":[{"href":"https:\/\/www.europesays.com\/pl\/wp-json\/wp\/v2\/types\/post"}],"author":[{"embeddable":true,"href":"https:\/\/www.europesays.com\/pl\/wp-json\/wp\/v2\/users\/2"}],"replies":[{"embeddable":true,"href":"https:\/\/www.europesays.com\/pl\/wp-json\/wp\/v2\/comments?post=628310"}],"version-history":[{"count":0,"href":"https:\/\/www.europesays.com\/pl\/wp-json\/wp\/v2\/posts\/628310\/revisions"}],"wp:featuredmedia":[{"embeddable":true,"href":"https:\/\/www.europesays.com\/pl\/wp-json\/wp\/v2\/media\/628311"}],"wp:attachment":[{"href":"https:\/\/www.europesays.com\/pl\/wp-json\/wp\/v2\/media?parent=628310"}],"wp:term":[{"taxonomy":"category","embeddable":true,"href":"https:\/\/www.europesays.com\/pl\/wp-json\/wp\/v2\/categories?post=628310"},{"taxonomy":"post_tag","embeddable":true,"href":"https:\/\/www.europesays.com\/pl\/wp-json\/wp\/v2\/tags?post=628310"}],"curies":[{"name":"wp","href":"https:\/\/api.w.org\/{rel}","templated":true}]}}