{"id":628532,"date":"2026-08-17T19:27:15","date_gmt":"2026-08-17T19:27:15","guid":{"rendered":"https:\/\/www.europesays.com\/pl\/628532\/"},"modified":"2026-08-17T19:27:15","modified_gmt":"2026-08-17T19:27:15","slug":"karolina-szostak-zrzucila-30-kg-taki-post-wymaga-dyscypliny-i-determinacji","status":"publish","type":"post","link":"https:\/\/www.europesays.com\/pl\/628532\/","title":{"rendered":"Karolina Szostak zrzuci\u0142a 30 kg. &#8222;Taki post wymaga dyscypliny i determinacji&#8221;"},"content":{"rendered":"<p><a href=\"https:\/\/plejada.pl\/temat\/karolina-szostak\/me9yw3k\" id=\"c29f2452-3ffc-47e2-ad6d-e82475ac4aaf\" rel=\"nofollow noopener\" target=\"_blank\">Karolina Szostak<\/a> zacz\u0119\u0142a przygod\u0119 z dziennikarstwem, maj\u0105c zaledwie 15 lat \u2014 to w\u0142a\u015bnie wtedy prowadzi\u0142a format &#8222;Szortpress&#8221; w programie &#8222;5-10-15&#8221;. P\u00f3\u017aniej uda\u0142o jej si\u0119 dosta\u0107 na sta\u017c w &#8222;Teleexpressie&#8221;, a w 1997 r. trafi\u0142a do redakcji sportowej Telewizji Polsat, z kt\u00f3r\u0105 jest zwi\u0105zana do dzi\u015b. Prezentuje serwisy sportowe, a z biegiem lat do\u0142\u0105czy\u0142a r\u00f3wnie\u017c do ekipy Polsat Sport i Polsat Sport News.Dalszy ci\u0105g artyku\u0142u pod materia\u0142em wideo<\/p>\n<p>Tym, co przykuwa szczeg\u00f3ln\u0105 uwag\u0119, jest r\u00f3wnie\u017c gigantyczna przemiana Karoliny Szostak, kt\u00f3ra kilka lat temu schud\u0142a 30 kg. Dziennikarka niejednokrotnie podkre\u015bla\u0142a, \u017ce zawdzi\u0119cza swoj\u0105 metamorfoz\u0119 diecie dr D\u0105browskiej. &#8222;Na pocz\u0105tku roku robi\u0119 pe\u0142ny post, a cztery miesi\u0105ce p\u00f3\u017aniej dwa tygodnie przypominajki&#8221; \u2014 m\u00f3wi\u0142a niegdy\u015b.<\/p>\n<p>Dieta dr D\u0105browskiej to post owocowo-warzywny, podczas kt\u00f3rego spo\u017cywa si\u0119 maksymalnie 800 kcal dziennie. Cho\u0107 u Szostak takie rozwi\u0105zanie si\u0119 sprawdzi\u0142o, warto pami\u0119ta\u0107, \u017ce nie ka\u017cdy mo\u017ce pozwoli\u0107 sobie na taki spos\u00f3b od\u017cywiania.<\/p>\n<p>Istotnym elementem codziennego jad\u0142ospisu dziennikarki by\u0142 w\u00f3wczas sok z buraka, kt\u00f3rego wygl\u0105d cz\u0119sto wprowadza\u0142 w b\u0142\u0105d osoby postronne.<\/p>\n<p><img class=\"ods-a-photo ods-a-photo--background\" src=\"https:\/\/www.europesays.com\/pl\/wp-content\/uploads\/2026\/08\/UT2k9lBaHR0cHM6Ly9vY2RuLmV1L3B1bHNjbXMvTURBXy83N2IxMjZjNmZmYTFmZTk3YjEzZWMwODY5OGU0MGE2NS5qcGeRkwXNB.jpeg\" height=\"800\" width=\"533\" alt=\"Karolina Szostak\" loading=\"lazy\" fetchpriority=\"auto\" decoding=\"auto\"\/><\/p>\n<p>Andras Szilagyi \/ MW Media<\/p>\n<p>Karolina Szostak<\/p>\n<blockquote class=\"ods-o-quote\">\n<p class=\"ods-o-quote__paragraph\">Kolega zapyta\u0142 mnie: &#8222;Co ty, wi\u015bni\u00f3weczk\u0119 w pracy pijesz?&#8221;. Tak wygl\u0105da prawda, bo i butelka i kolor. A to m\u00f3j ukochany zakwas buraczany. Pyszny, zdrowy&#8230; Czasami w samochodzie te\u017c go pij\u0119, miny kierowc\u00f3w obok s\u0105 ciekawe<\/p>\n<\/blockquote>\n<p>\u2014 opowiada\u0142a Szostak.<\/p>\n<p>Dziennikarka przyzna\u0142a, \u017ce nadal co jaki\u015b czas wraca do diety dr D\u0105browskiej. &#8222;Co to jest sze\u015b\u0107 tygodni w perspektywie ca\u0142ego roku? Oczywi\u015bcie taki post wymaga dyscypliny, determinacji i silnej woli. Trzeba pami\u0119ta\u0107, \u017ce robimy to dla siebie i zdrowia&#8221; \u2014 podkre\u015bla\u0142a.<\/p>\n<p><img class=\"ods-a-photo ods-a-photo--background\" src=\"https:\/\/www.europesays.com\/pl\/wp-content\/uploads\/2026\/08\/zLzk9lBaHR0cHM6Ly9vY2RuLmV1L3B1bHNjbXMvTURBXy80ZGFhNDliOWM3ODY5OTQzOGIzMTkzZmVhODJmZjI0Yi5qcGeRkwXNB.jpeg\" height=\"800\" width=\"532\" alt=\"Karolina Szostak\" loading=\"lazy\" fetchpriority=\"auto\" decoding=\"auto\"\/><\/p>\n<p>Piotr Andrzejczak \/ MW Media<\/p>\n<p>Karolina Szostak<\/p>\n<p class=\"ods-o-frame-in-text__paragraph\">Zobacz tak\u017ce:<\/p>\n<p class=\"ods-o-frame-in-text__paragraph\"><a href=\"https:\/\/www.onet.pl\/muzyka\/onetmuzyka\/ariana-grande-pod-presja-media-i-fani-komentuja-jej-wyglad-i-zdrowie\/84j9cyw,681c1dfa?tpcc=202608_bloczek_plejada\" id=\"d2c93be2-3e07-4d9e-bfea-7612d3826e7b\" rel=\"nofollow noopener\" target=\"_blank\">Nowy klip Ariany Grande budzi silne emocje. &#8222;Ona znika na naszych oczach&#8221;<\/a><\/p>\n<p><img class=\"ods-a-photo ods-a-photo--background\" src=\"https:\/\/www.europesays.com\/pl\/wp-content\/uploads\/2026\/08\/1786994835_155_TWik9lBaHR0cHM6Ly9vY2RuLmV1L3B1bHNjbXMvTURBXy81OWRhMjc3YThmZmQ1ODM0ZjI0YzdmYTc5OWU2NjNjMS5qcGeRlQLNA.jpeg\" height=\"675\" width=\"450\" alt=\"Ariana Grande\" loading=\"lazy\" fetchpriority=\"low\" decoding=\"async\"\/>Dzi\u0119kujemy, \u017ce przeczyta\u0142a\u015b\/e\u015b nasz artyku\u0142 do ko\u0144ca. W serwisie Plejada.pl ka\u017cdego dnia piszemy o najwa\u017cniejszych wydarzeniach show-biznesowych. B\u0105d\u017a na bie\u017c\u0105co!<a rel=\"nofollow noopener\" href=\"https:\/\/profile.google.com\/cp\/Cg0vZy8xMWJ6X19wdHBx\" id=\"384fc08e-20c4-427f-a9a9-c36b1aef0736\" target=\"_blank\"> Obserwuj<\/a> Plejad\u0119 w Google. Odwied\u017a nas tak\u017ce na<a rel=\"nofollow noopener\" href=\"https:\/\/www.facebook.com\/plejadapl\" id=\"cc753409-3c76-48fc-bed4-7aa738a62a13\" target=\"_blank\"> Facebooku<\/a>,<a rel=\"nofollow noopener\" href=\"https:\/\/www.instagram.com\/plejadapl\/\" id=\"7ccff122-2b4f-49e0-a79d-57774a4ba927\" target=\"_blank\"> Instagramie<\/a>,<a rel=\"nofollow noopener\" href=\"https:\/\/www.youtube.com\/c\/plejada\" id=\"bb5c9315-cc1e-4480-8133-f6ff52d5edea\" target=\"_blank\"> YouTubie<\/a> oraz<a rel=\"nofollow noopener\" href=\"https:\/\/www.tiktok.com\/@plejada_pl\" id=\"ad968859-33ea-428c-9140-39613558e1ea\" target=\"_blank\"> TikToku<\/a>.Chcesz podzieli\u0107 si\u0119 ciekawym newsem lub zaproponowa\u0107 temat? Skontaktuj si\u0119 z nami, pisz\u0105c maila na adres: <a rel=\"nofollow noopener\" href=\"https:\/\/plejada.pl\/newsy\/karolina-szostak-zrzucila-30-kg-taki-post-wymaga-dyscypliny-i-determinacji\/mailto:plejada@redakcjaonet.pl\" id=\"f8bcdc0f-619f-45c9-b1bd-62226f1c92b4\" target=\"_blank\">plejada@redakcjaonet.pl<\/a>.<script async src=\"\/\/www.instagram.com\/embed.js\"><\/script><script async src=\"\/\/www.tiktok.com\/embed.js\"><\/script><\/p>\n","protected":false},"excerpt":{"rendered":"Karolina Szostak zacz\u0119\u0142a przygod\u0119 z dziennikarstwem, maj\u0105c zaledwie 15 lat \u2014 to w\u0142a\u015bnie wtedy prowadzi\u0142a format &#8222;Szortpress&#8221; w&hellip;\n","protected":false},"author":2,"featured_media":628533,"comment_status":"","ping_status":"","sticky":false,"template":"","format":"standard","meta":{"footnotes":"","_share_on_mastodon":"0"},"categories":[24],"tags":[61195,1322,1512,43485,21129,48,125,46,42,38,40,39,41,34050,47,127,126],"class_list":["post-628532","post","type-post","status-publish","format-standard","has-post-thumbnail","category-sport","tag-bottomfeed_styl","tag-dieta","tag-diety_gwiazd","tag-karolina_szostak","tag-metamorfozy_gwiazd","tag-nat_styl","tag-newsy","tag-omp","tag-pl","tag-poland","tag-polish","tag-polska","tag-polski","tag-przemiany_metamorfozy_","tag-screening_general","tag-sport","tag-sports"],"share_on_mastodon":{"url":"https:\/\/pubeurope.com\/@pl\/117112502084038355","error":""},"_links":{"self":[{"href":"https:\/\/www.europesays.com\/pl\/wp-json\/wp\/v2\/posts\/628532","targetHints":{"allow":["GET"]}}],"collection":[{"href":"https:\/\/www.europesays.com\/pl\/wp-json\/wp\/v2\/posts"}],"about":[{"href":"https:\/\/www.europesays.com\/pl\/wp-json\/wp\/v2\/types\/post"}],"author":[{"embeddable":true,"href":"https:\/\/www.europesays.com\/pl\/wp-json\/wp\/v2\/users\/2"}],"replies":[{"embeddable":true,"href":"https:\/\/www.europesays.com\/pl\/wp-json\/wp\/v2\/comments?post=628532"}],"version-history":[{"count":0,"href":"https:\/\/www.europesays.com\/pl\/wp-json\/wp\/v2\/posts\/628532\/revisions"}],"wp:featuredmedia":[{"embeddable":true,"href":"https:\/\/www.europesays.com\/pl\/wp-json\/wp\/v2\/media\/628533"}],"wp:attachment":[{"href":"https:\/\/www.europesays.com\/pl\/wp-json\/wp\/v2\/media?parent=628532"}],"wp:term":[{"taxonomy":"category","embeddable":true,"href":"https:\/\/www.europesays.com\/pl\/wp-json\/wp\/v2\/categories?post=628532"},{"taxonomy":"post_tag","embeddable":true,"href":"https:\/\/www.europesays.com\/pl\/wp-json\/wp\/v2\/tags?post=628532"}],"curies":[{"name":"wp","href":"https:\/\/api.w.org\/{rel}","templated":true}]}}