{"id":628540,"date":"2026-08-17T19:31:12","date_gmt":"2026-08-17T19:31:12","guid":{"rendered":"https:\/\/www.europesays.com\/pl\/628540\/"},"modified":"2026-08-17T19:31:12","modified_gmt":"2026-08-17T19:31:12","slug":"niepokojace-doniesienia-o-projekcie-rosatomu-ukraina-domaga-sie-reakcji-ue","status":"publish","type":"post","link":"https:\/\/www.europesays.com\/pl\/628540\/","title":{"rendered":"Niepokoj\u0105ce doniesienia o projekcie Rosatomu. Ukraina domaga si\u0119 reakcji UE"},"content":{"rendered":"<p>&#8222;Rosatom to nie tylko kolejna firma energetyczna \u2014 to narz\u0119dzie rosyjskich ambicji zmierzaj\u0105cych do zapewnienia sobie globalnego monopolu w dziedzinie energii j\u0105drowej&#8221; \u2014 napisa\u0142 minister spraw zagranicznych Andrij Sybiha w serwisie X.<\/p>\n<p>Stwierdzi\u0142, \u017ce ustalenia te stanowi\u0105 kolejny dow\u00f3d na to, \u017ce Rosatom &#8222;nie jest wiarygodnym partnerem&#8221; i wezwa\u0142 stolice pa\u0144stw cz\u0142onkowskich do wznowienia rozm\u00f3w na temat sankcji UE. &#8222;\u017badne pa\u0144stwo nie powinno prowadzi\u0107 dzia\u0142alno\u015bci w sektorze j\u0105drowym z firm\u0105 wsp\u00f3\u0142winn\u0105 zbrodni wojennych&#8221; \u2014 doda\u0142, udost\u0119pniaj\u0105c link do artyku\u0142u POLITICO.<\/p>\n<p>&#8222;Celowe zaniedbania&#8221;<\/p>\n<p>Dochodzenie serwisu POLITICO ujawni\u0142o ostrze\u017cenia ze strony egipskich w\u0142adz oraz wewn\u0119trzne oceny Rosatomu dotycz\u0105ce budowy elektrowni j\u0105drowej w El Dabaa. Dokumenty uzyskane przez POLITICO budzi\u0142y obawy dotycz\u0105ce m.in. jako\u015bci prac betonowych, op\u00f3\u017anie\u0144 i problem\u00f3w z zarz\u0105dzaniem, podczas gdy egipska agencja zarzuca\u0142a &#8222;celowe zaniedbanie&#8221; oraz naruszenia &#8222;kultury bezpiecze\u0144stwa j\u0105drowego&#8221;. Na teren obiektu nie wprowadzono jeszcze materia\u0142\u00f3w j\u0105drowych.<\/p>\n<p>&#8222;Rosn\u0105ca bezwstydno\u015b\u0107 Moskwy&#8221;. Unia Europejska planuje p\u00f3j\u015b\u0107 o krok dalej. &#8222;Nie mo\u017cemy pozwoli\u0107, by Putin odni\u00f3s\u0142 sukces&#8221;<img class=\"ods-a-photo ods-a-photo--background\" src=\"https:\/\/www.europesays.com\/pl\/wp-content\/uploads\/2026\/08\/Wr_k9lBaHR0cHM6Ly9vY2RuLmV1L3B1bHNjbXMvTURBXy84MTFmYzE0NTllYTU5YmRjNjdjMDk3NzNlOTYwY2Y5YS5qcGeRlQLNA.jpeg\" height=\"300\" width=\"450\" alt=\"W\u0142adimir Putin\" loading=\"lazy\" fetchpriority=\"low\" decoding=\"async\"\/><\/p>\n<p>Rosatom wcze\u015bniej broni\u0142 swoich wynik\u00f3w w zakresie bezpiecze\u0144stwa w El Dabaa i wskazywa\u0142 na regularn\u0105 kontrol\u0119 projektu przez urz\u0119dnik\u00f3w egipskich, rosyjskich oraz Mi\u0119dzynarodowej Agencji Energii Atomowej. \u017badne z zarzut\u00f3w przedstawionych Rosatomowi przez POLITICO nie zosta\u0142o &#8222;potwierdzone w ramach procedur umownych, technicznych i nadzorczych przewidzianych w projekcie&#8221; \u2014 stwierdzi\u0142a firma w o\u015bwiadczeniu.<\/p>\n<p>Nie odpowiedzia\u0142a ona na pro\u015bb\u0119 o komentarz w sprawie poniedzia\u0142kowych uwag Sybihy.<\/p>\n<p>Wezwanie Sybihy wywiera ponown\u0105 presj\u0119 na rz\u0105dy pa\u0144stw UE, kt\u00f3re nadal wsp\u00f3\u0142pracuj\u0105 z Rosatomem pomimo wojny prowadzonej przez Rosj\u0119 w Ukrainie. Na W\u0119grzech firma buduje dwa nowe reaktory w elektrowni j\u0105drowej Paks II, wykorzystuj\u0105c t\u0119 sam\u0105 technologi\u0119 VVER-1200, co w przypadku elektrowni El Dabaa.<\/p>\n<p>W zesz\u0142ym tygodniu premier W\u0119gier Peter Magyar zakwestionowa\u0142 twierdzenie Rosatomu, \u017ce budowa reaktor\u00f3w przebiega zgodnie z harmonogramem, o\u015bwiadczaj\u0105c, \u017ce <a href=\"https:\/\/www.onet.pl\/informacje\/onetwiadomosci\/umowa-stulecia-orbana-z-rosja-pod-lupa-magyar-kwestionuje-projekt-paks-ii\/tev23t9,79cfc278\" id=\"1939e928-88fd-4b63-84d8-fb5c4c9b780d\" rel=\"nofollow noopener\" target=\"_blank\">jego rz\u0105d przeprowadza kompleksowy przegl\u0105d projektu.<\/a><\/p>\n","protected":false},"excerpt":{"rendered":"&#8222;Rosatom to nie tylko kolejna firma energetyczna \u2014 to narz\u0119dzie rosyjskich ambicji zmierzaj\u0105cych do zapewnienia sobie globalnego monopolu&hellip;\n","protected":false},"author":2,"featured_media":628541,"comment_status":"","ping_status":"","sticky":false,"template":"","format":"standard","meta":{"footnotes":"","_share_on_mastodon":"0"},"categories":[14],"tags":[61195,32,33,956,6139,27,34,35,28,31,48,56992,25,46,40,1314,41,87,47,80,29,30,415,26,82,83,84],"class_list":["post-628540","post","type-post","status-publish","format-standard","has-post-thumbnail","category-swiat","tag-bottomfeed_styl","tag-breaking-news","tag-breakingnews","tag-egipt","tag-energia_nuklearna","tag-headlines","tag-latest-news","tag-latestnews","tag-naglowki","tag-najwazniejsze-artykuly","tag-nat_styl","tag-newbb_tst1","tag-news","tag-omp","tag-polish","tag-politico","tag-polski","tag-rosja","tag-screening_general","tag-swiat","tag-top-stories","tag-topstories","tag-ukraina","tag-wiadomosci","tag-world","tag-world-news","tag-worldnews"],"share_on_mastodon":{"url":"https:\/\/pubeurope.com\/@pl\/117112516328841191","error":""},"_links":{"self":[{"href":"https:\/\/www.europesays.com\/pl\/wp-json\/wp\/v2\/posts\/628540","targetHints":{"allow":["GET"]}}],"collection":[{"href":"https:\/\/www.europesays.com\/pl\/wp-json\/wp\/v2\/posts"}],"about":[{"href":"https:\/\/www.europesays.com\/pl\/wp-json\/wp\/v2\/types\/post"}],"author":[{"embeddable":true,"href":"https:\/\/www.europesays.com\/pl\/wp-json\/wp\/v2\/users\/2"}],"replies":[{"embeddable":true,"href":"https:\/\/www.europesays.com\/pl\/wp-json\/wp\/v2\/comments?post=628540"}],"version-history":[{"count":0,"href":"https:\/\/www.europesays.com\/pl\/wp-json\/wp\/v2\/posts\/628540\/revisions"}],"wp:featuredmedia":[{"embeddable":true,"href":"https:\/\/www.europesays.com\/pl\/wp-json\/wp\/v2\/media\/628541"}],"wp:attachment":[{"href":"https:\/\/www.europesays.com\/pl\/wp-json\/wp\/v2\/media?parent=628540"}],"wp:term":[{"taxonomy":"category","embeddable":true,"href":"https:\/\/www.europesays.com\/pl\/wp-json\/wp\/v2\/categories?post=628540"},{"taxonomy":"post_tag","embeddable":true,"href":"https:\/\/www.europesays.com\/pl\/wp-json\/wp\/v2\/tags?post=628540"}],"curies":[{"name":"wp","href":"https:\/\/api.w.org\/{rel}","templated":true}]}}