{"id":628548,"date":"2026-08-17T19:39:09","date_gmt":"2026-08-17T19:39:09","guid":{"rendered":"https:\/\/www.europesays.com\/pl\/628548\/"},"modified":"2026-08-17T19:39:09","modified_gmt":"2026-08-17T19:39:09","slug":"georgina-rodriguez-pokazala-nagranie-z-cristiano-ronaldo-tak-budzi-mnie-moj-maz","status":"publish","type":"post","link":"https:\/\/www.europesays.com\/pl\/628548\/","title":{"rendered":"Georgina Rodriguez pokaza\u0142a nagranie z Cristiano Ronaldo. &#8222;Tak budzi mnie m\u00f3j m\u0105\u017c&#8221;"},"content":{"rendered":"<p>Georgina Rodriguez i Cristiano Ronaldo poznali si\u0119 latem 2016 r. przed butikiem Gucciego, w kt\u00f3rym Argentynka pracowa\u0142a jako asystentka sprzeda\u017cy. W sierpniu 2025 r. pi\u0142karz o\u015bwiadczy\u0142 si\u0119 ukochanej, a <a href=\"https:\/\/przegladsportowy.onet.pl\/ofsajd\/cristiano-ronaldo-i-georgina-rodriguez-wzieli-slub\/vkt9e91\" id=\"06a90a1c-d9ac-467f-9828-5f9c9aba347e\" rel=\"nofollow noopener\" target=\"_blank\">rok po zar\u0119czynach para powiedzia\u0142a sobie &#8222;tak&#8221;<\/a>.Dalszy ci\u0105g artyku\u0142u pod materia\u0142em wideoW ostatnich tygodniach w sieci kr\u0105\u017cy\u0142o wiele spekulacji na temat \u015blubu CR7. Tymczasem w zesz\u0142y wtorek para zaskoczy\u0142a fan\u00f3w, publikuj\u0105c zdj\u0119cie d\u0142oni, na kt\u00f3rych widnia\u0142y obr\u0105czki. Okaza\u0142o si\u0119, \u017ce zakochani pobrali si\u0119 w swojej willi w Cascais w Portugalii, a <a href=\"https:\/\/przegladsportowy.onet.pl\/ofsajd\/cristiano-ronaldo-i-jego-zona-ujawnili-szczegoly-slubu-to-tu-odbyla-sie-ceremonia\/l9rpgyt\" id=\"167f0a83-4abc-4a07-9bce-1abb73710019\" rel=\"nofollow noopener\" target=\"_blank\">o szczeg\u00f3\u0142ach opowiedzieli na \u0142amach ameryka\u0144skiego &#8222;Vogue&#8217;a&#8221;<\/a>.<\/p>\n<p>&#8222;Postanowili\u015bmy zrobi\u0107 to w salonie naszego domu, gdzie jemy \u015bniadania, obiady, kolacje i gdzie toczy si\u0119 nasze codzienne \u017cycie. Chc\u0119, \u017ceby za 30 lat dzieci my\u015bla\u0142y: \u00bbprzy tym stole wydarzy\u0142o si\u0119 co\u015b wspania\u0142ego \u2014 przysi\u0119ga ma\u0142\u017ce\u0144ska naszych rodzic\u00f3w\u00ab. [&#8230;] Kiedy by\u0142am ma\u0142\u0105 dziewczynk\u0105, marzy\u0142am o najwi\u0119kszym zamku, najwi\u0119kszej karocy, najd\u0142u\u017cszej sukni, koronie pe\u0142nej diament\u00f3w. A teraz m\u00f3wi\u0119: nie. Chc\u0119 czego\u015b kameralnego, z moim partnerem i naszymi dzie\u0107mi, w domu. Bo zamki, domy, wyspy, konie, samochody: wszystko to mamy w zasi\u0119gu r\u0119ki ka\u017cdego dnia. Ale co\u015b kameralnego \u2014 to dla nas rzadko\u015b\u0107&#8221; \u2014 powiedzia\u0142a Georgina Rodriguez&#8221; \u2014 m\u00f3wi\u0142a Georgina Rodriguez.<\/p>\n<p>Tak Cristiano Ronaldo sp\u0119dza czas po \u015blubie. Georgina Rodriguez pokaza\u0142a nagranie<\/p>\n<p>Po \u015blubie para wyjecha\u0142a do Arabii Saudyjskiej, gdzie Cristiano Ronaldo gra od 2023 r. (jest zawodnikiem Al-Nassr). W poniedzia\u0142ek Georgina Rodriguez opublikowa\u0142a na Instagramie wideo, na kt\u00f3rym uwieczni\u0142a, jak jej ukochany p\u0142ywa w basenie w ogrodzie.<\/p>\n<p>&#8222;Tak budzi mnie m\u00f3j m\u0105\u017c&#8221; \u2014 napisa\u0142a 32-latka. Do filmiku do\u0142\u0105czy\u0142a piosenk\u0119 &#8222;Still&#8221; w wykonaniu Karol G i Bruno Marsa.<\/p>\n<p>Pod postem s\u0142ynnej WAG zaroi\u0142o si\u0119 od komentarzy. &#8222;Gratulacje Georgina, \u017cycz\u0119 ci \u017cycia pe\u0142nego mi\u0142o\u015bci&#8221; \u2014 napisa\u0142a Daniella Semaan, \u017cona Cesca Fabregasa. &#8222;Jak fajnie! B\u0105d\u017a bardzo szcz\u0119\u015bliwa ka\u017cdego dnia jak zawsze&#8221; \u2014 zareagowa\u0142a z kolei siostra Georginy Ivana Rodriguez.<\/p>\n","protected":false},"excerpt":{"rendered":"Georgina Rodriguez i Cristiano Ronaldo poznali si\u0119 latem 2016 r. przed butikiem Gucciego, w kt\u00f3rym Argentynka pracowa\u0142a jako&hellip;\n","protected":false},"author":2,"featured_media":628549,"comment_status":"","ping_status":"","sticky":false,"template":"","format":"standard","meta":{"footnotes":"","_share_on_mastodon":"0"},"categories":[52122],"tags":[61195,3286,3287,48,129,46,948,6010,752,42,38,40,39,41,47,11971,130],"class_list":["post-628548","post","type-post","status-publish","format-standard","has-post-thumbnail","category-pko-bank-polski","tag-bottomfeed_styl","tag-cristiano_ronaldo","tag-georgina_rodriguez","tag-nat_styl","tag-ofsajd","tag-omp","tag-pilka_nozna","tag-pko-bank-polski","tag-pko-bp","tag-pl","tag-poland","tag-polish","tag-polska","tag-polski","tag-screening_general","tag-wags","tag-wiadomosci_sportowe"],"share_on_mastodon":{"url":"https:\/\/pubeurope.com\/@pl\/117112547720247266","error":""},"_links":{"self":[{"href":"https:\/\/www.europesays.com\/pl\/wp-json\/wp\/v2\/posts\/628548","targetHints":{"allow":["GET"]}}],"collection":[{"href":"https:\/\/www.europesays.com\/pl\/wp-json\/wp\/v2\/posts"}],"about":[{"href":"https:\/\/www.europesays.com\/pl\/wp-json\/wp\/v2\/types\/post"}],"author":[{"embeddable":true,"href":"https:\/\/www.europesays.com\/pl\/wp-json\/wp\/v2\/users\/2"}],"replies":[{"embeddable":true,"href":"https:\/\/www.europesays.com\/pl\/wp-json\/wp\/v2\/comments?post=628548"}],"version-history":[{"count":0,"href":"https:\/\/www.europesays.com\/pl\/wp-json\/wp\/v2\/posts\/628548\/revisions"}],"wp:featuredmedia":[{"embeddable":true,"href":"https:\/\/www.europesays.com\/pl\/wp-json\/wp\/v2\/media\/628549"}],"wp:attachment":[{"href":"https:\/\/www.europesays.com\/pl\/wp-json\/wp\/v2\/media?parent=628548"}],"wp:term":[{"taxonomy":"category","embeddable":true,"href":"https:\/\/www.europesays.com\/pl\/wp-json\/wp\/v2\/categories?post=628548"},{"taxonomy":"post_tag","embeddable":true,"href":"https:\/\/www.europesays.com\/pl\/wp-json\/wp\/v2\/tags?post=628548"}],"curies":[{"name":"wp","href":"https:\/\/api.w.org\/{rel}","templated":true}]}}