{"id":628578,"date":"2026-08-17T19:59:25","date_gmt":"2026-08-17T19:59:25","guid":{"rendered":"https:\/\/www.europesays.com\/pl\/628578\/"},"modified":"2026-08-17T19:59:25","modified_gmt":"2026-08-17T19:59:25","slug":"przegapiles-maksimum-perseidow-nic-straconego-jeszcze-beda-widoczne","status":"publish","type":"post","link":"https:\/\/www.europesays.com\/pl\/628578\/","title":{"rendered":"Przegapi\u0142e\u015b maksimum Perseid\u00f3w? Nic straconego. Jeszcze b\u0119d\u0105 widoczne"},"content":{"rendered":"<p>Perseidy wci\u0105\u017c nad Polsk\u0105. Ekspert wskazuje, do kiedy patrze\u0107 w niebo<\/p>\n<p class=\"font-primary mb-8 text-lg leading-[1.55] [&amp;_a]:text-[#23437D] [&amp;_a]:underline [&amp;_a]:font-bold\">Ostatnio mo\u017cna by\u0142o ogl\u0105da\u0107 szczytow\u0105 aktywno\u015b\u0107 Perseid\u00f3w. <a href=\"https:\/\/polskieradio24.pl\/polska\/maksimum-roju-perseidow-za-nami-oto-jak-wygladalo-na-zdjeciach\" rel=\"nofollow noopener\" target=\"_blank\">W ubieg\u0142ym tygodniu w Polsce mogli\u015bmy zobaczy\u0107 nawet 100 meteor\u00f3w w ci\u0105gu godziny<\/a>. &#8211;\u00a0Ci, kt\u00f3rzy nie mieli okazji obejrze\u0107 spadaj\u0105cych gwiazd, maj\u0105 jeszcze na to szans\u0119, o ile na niebie nie b\u0119dzie chmur &#8211;\u00a0m\u00f3wi Adam Hurcewicz z bia\u0142ostockiego oddzia\u0142u Polskiego Towarzystwa Mi\u0142o\u015bnik\u00f3w Astronomii.<\/p>\n<p>Redakcja poleca<\/p>\n<p class=\"font-primary mb-8 text-lg leading-[1.55] [&amp;_a]:text-[#23437D] [&amp;_a]:underline [&amp;_a]:font-bold\">&#8211; Perseidy trwaj\u0105 od 17 lipca do 24 sierpnia &#8211; podkre\u015bli\u0142 Hurcewicz. Jak doda\u0142, na niebie wida\u0107 od\u0142amek komety, kt\u00f3ra jest obserwowana od 2 tysi\u0119cy lat. Jego zdaniem s\u0105 to &#8222;najpi\u0119kniejsze w ca\u0142ym roku spadaj\u0105ce gwiazdy&#8221;.<\/p>\n<p class=\"font-primary mb-8 text-lg leading-[1.55] [&amp;_a]:text-[#23437D] [&amp;_a]:underline [&amp;_a]:font-bold\">&#8211; Mamy lato, mamy ciep\u0142e noce. Perseidy s\u0105 bia\u0142e, szybkie jasne, du\u017co jest bolid\u00f3w, bardzo jasnych meteor\u00f3w. No i s\u0105 niespodzianki. Efekty d\u017awi\u0119kowe si\u0119 czasem trafiaj\u0105, cho\u0107 bardzo rzadko. Poogl\u0105dajmy niebo &#8211; zach\u0119ca mi\u0142o\u015bnik astronomii.<\/p>\n<p>Gdzie najlepiej ogl\u0105da\u0107 Perseidy?<\/p>\n<p class=\"font-primary mb-8 text-lg leading-[1.55] [&amp;_a]:text-[#23437D] [&amp;_a]:underline [&amp;_a]:font-bold\">Tomasz Drela z Planetarium Centrum Nauki Kopernik poradzi\u0142, by w tym celu uda\u0107 si\u0119 poza miasto. &#8211; Tam, gdzie nie przeszkadza nam zanieczyszczenie \u015bwiat\u0142em, sztuczne \u015bwiat\u0142a &#8211; t\u0142umaczy\u0142.<\/p>\n<p class=\"font-primary mb-8 text-lg leading-[1.55] [&amp;_a]:text-[#23437D] [&amp;_a]:underline [&amp;_a]:font-bold\">&#8211; Warto ze sob\u0105 zabra\u0107 koc albo inny &#8222;sprz\u0119t do le\u017cenia&#8221;, bo gdy patrzymy na niebo le\u017c\u0105c, pole widzenia jest najwi\u0119ksze i mo\u017cna dzi\u0119ki temu zobaczy\u0107 najwi\u0119cej spadaj\u0105cych gwiazd &#8211; wskaza\u0142 ekspert.<\/p>\n<p><img alt=\"Maksimum meteor\u00f3w z roju Perseid\u00f3w\" loading=\"lazy\" width=\"1036\" height=\"584\" decoding=\"async\" data-nimg=\"1\" style=\"color:transparent\"   src=\"https:\/\/www.europesays.com\/pl\/wp-content\/uploads\/2026\/08\/1786996765_299_thumbnails.webp\"\/><\/p>\n<p class=\"font-inter text-[12px] sm:text-base font-semibold leading-[125%] text-[#000]\">Maksimum meteor\u00f3w z roju Perseid\u00f3w\/ Foto: Marcin Bielecki\/PAP<\/p>\n<p class=\"font-primary mb-8 text-lg leading-[1.55] [&amp;_a]:text-[#23437D] [&amp;_a]:underline [&amp;_a]:font-bold\">Najlepsze warunki do ogl\u0105dania s\u0105 w p\u00f3\u017anych godzinach nocnych i nad ranem.\u00a0Do ogl\u0105dania Perseid\u00f3w nie potrzebujemy profesjonalnego sprz\u0119tu &#8211; bez trudu dojrzymy je go\u0142ym okiem.<\/p>\n<p>Redakcja poleca<\/p>\n","protected":false},"excerpt":{"rendered":"Perseidy wci\u0105\u017c nad Polsk\u0105. Ekspert wskazuje, do kiedy patrze\u0107 w niebo Ostatnio mo\u017cna by\u0142o ogl\u0105da\u0107 szczytow\u0105 aktywno\u015b\u0107 Perseid\u00f3w.&hellip;\n","protected":false},"author":2,"featured_media":628579,"comment_status":"","ping_status":"","sticky":false,"template":"","format":"standard","meta":{"footnotes":"","_share_on_mastodon":"0"},"categories":[20],"tags":[10611,4622,120,118,119,42,38,40,39,41,116,114,115,121,117],"class_list":["post-628578","post","type-post","status-publish","format-standard","has-post-thumbnail","category-nauka-i-technika","tag-astronomia","tag-kosmos","tag-nauka","tag-nauka-i-technika","tag-naukatechnika","tag-pl","tag-poland","tag-polish","tag-polska","tag-polski","tag-science","tag-science-and-technology","tag-sciencetechnology","tag-technika","tag-technology"],"share_on_mastodon":{"url":"https:\/\/pubeurope.com\/@pl\/117112627428258026","error":""},"_links":{"self":[{"href":"https:\/\/www.europesays.com\/pl\/wp-json\/wp\/v2\/posts\/628578","targetHints":{"allow":["GET"]}}],"collection":[{"href":"https:\/\/www.europesays.com\/pl\/wp-json\/wp\/v2\/posts"}],"about":[{"href":"https:\/\/www.europesays.com\/pl\/wp-json\/wp\/v2\/types\/post"}],"author":[{"embeddable":true,"href":"https:\/\/www.europesays.com\/pl\/wp-json\/wp\/v2\/users\/2"}],"replies":[{"embeddable":true,"href":"https:\/\/www.europesays.com\/pl\/wp-json\/wp\/v2\/comments?post=628578"}],"version-history":[{"count":0,"href":"https:\/\/www.europesays.com\/pl\/wp-json\/wp\/v2\/posts\/628578\/revisions"}],"wp:featuredmedia":[{"embeddable":true,"href":"https:\/\/www.europesays.com\/pl\/wp-json\/wp\/v2\/media\/628579"}],"wp:attachment":[{"href":"https:\/\/www.europesays.com\/pl\/wp-json\/wp\/v2\/media?parent=628578"}],"wp:term":[{"taxonomy":"category","embeddable":true,"href":"https:\/\/www.europesays.com\/pl\/wp-json\/wp\/v2\/categories?post=628578"},{"taxonomy":"post_tag","embeddable":true,"href":"https:\/\/www.europesays.com\/pl\/wp-json\/wp\/v2\/tags?post=628578"}],"curies":[{"name":"wp","href":"https:\/\/api.w.org\/{rel}","templated":true}]}}