{"id":629051,"date":"2026-08-18T01:59:18","date_gmt":"2026-08-18T01:59:18","guid":{"rendered":"https:\/\/www.europesays.com\/pl\/629051\/"},"modified":"2026-08-18T01:59:18","modified_gmt":"2026-08-18T01:59:18","slug":"daniel-olbrychski-oczami-syna-polowa-polski-go-kocha-polowa-nienawidzi","status":"publish","type":"post","link":"https:\/\/www.europesays.com\/pl\/629051\/","title":{"rendered":"Daniel Olbrychski oczami syna. &#8222;Po\u0142owa Polski go kocha, po\u0142owa nienawidzi&#8221;"},"content":{"rendered":"<p><a href=\"https:\/\/plejada.pl\/temat\/daniel-olbrychski-aktor\/jfw2f7r\" id=\"4bbc1ab8-7870-4b23-83b6-5f17612ef0cb\" rel=\"nofollow noopener\" target=\"_blank\">Daniel Olbrychski<\/a> to jeden z najpopularniejszych i najbardziej cenionych aktor\u00f3w w Polsce \u2014 debiutowa\u0142 ju\u017c jako nastolatek, a rozpoznawalno\u015b\u0107 zagwarantowa\u0142y mu role w wielu kultowych produkcjach, m.in. &#8222;Potopie&#8221;, &#8222;Ziemi obiecanej&#8221;, &#8222;Panu Wo\u0142odyjowskim&#8221; i &#8222;Pannach z Wilka&#8221;. Nie da si\u0119 ukry\u0107, \u017ce gwiazdor jest kontrowersyjn\u0105 postaci\u0105, a jego wypowiedzi zwi\u0105zane z polityk\u0105 i \u015bwiatopogl\u0105dem sprawiaj\u0105, \u017ce cz\u0119\u015b\u0107 spo\u0142ecze\u0144stwa otwarcie go krytykuje.Dalszy ci\u0105g artyku\u0142u pod materia\u0142em wideo&#8221;Tata jest wyrazisty&#8221;. Syn Daniela Olbrychskiego wprost o hejcie <\/p>\n<p>Daniel Olbrychski mia\u0142 burzliwe \u017cycie uczuciowe \u2014 w 1967 r. po\u015blubi\u0142 Monik\u0119 Dzienisiewicz, z kt\u00f3r\u0105 doczeka\u0142 si\u0119 syna Rafa\u0142a, a jego drug\u0105 \u017con\u0105 zosta\u0142a Zuzanna \u0141apicka. Owocem tego zwi\u0105zku jest urodzona w 1981 r. Weronika. Aktor ma jeszcze jednego syna z pozama\u0142\u017ce\u0144skiej relacji, 38-letniego Wiktora.<\/p>\n<p>Ostatnio najstarszy syn Daniela Olbrychskiego udzieli\u0142 wywiadu, w kt\u00f3rym opowiedzia\u0142 o blaskach i cieniach bycia potomkiem legendy. Okazuje si\u0119, \u017ce wcale nie jest to \u0142atwe, a Rafa\u0142 cz\u0119sto odczuwa tego skutki.<\/p>\n<p><img class=\"ods-a-photo ods-a-photo--background\" src=\"https:\/\/www.europesays.com\/pl\/wp-content\/uploads\/2026\/08\/9Bek9lBaHR0cHM6Ly9vY2RuLmV1L3B1bHNjbXMvTURBXy9hMjIzNzJkNWJmZDRlOTI1YWUyYjY2MzMxODdkYzEzYy5qcGeRkwXNB.jpeg\" height=\"628\" width=\"940\" alt=\"Daniel Olbrychski\" loading=\"lazy\" fetchpriority=\"auto\" decoding=\"auto\"\/><\/p>\n<p>mwmedia \/ MW Media<\/p>\n<p>Daniel Olbrychski<\/p>\n<blockquote class=\"ods-o-quote\">\n<p class=\"ods-o-quote__paragraph\">Teraz tata jest bardzo wyrazisty, je\u015bli chodzi o pogl\u0105dy na \u017cycie, polityk\u0119 i tak dalej, wi\u0119c to jest tak, \u017ce troch\u0119 mi si\u0119 obrywa czasami<\/p>\n<\/blockquote>\n<p>\u2014 wyzna\u0142 w rozmowie z &#8222;Super Expressem&#8221;.<\/p>\n<p>Rafa\u0142 Olbrychski przyzna\u0142 te\u017c, \u017ce spo\u0142ecze\u0144stwo podzieli\u0142o si\u0119 na dwie grupy: sympatyk\u00f3w i krytyk\u00f3w jego ojca. &#8222;Po\u0142owa Polski go kocha, po\u0142owa nienawidzi i to troszeczk\u0119 jest w\u0142a\u015bnie tak&#8221; \u2014 stwierdzi\u0142.<\/p>\n<p><img class=\"ods-a-photo ods-a-photo--background\" src=\"https:\/\/www.europesays.com\/pl\/wp-content\/uploads\/2026\/08\/9EYk9lBaHR0cHM6Ly9vY2RuLmV1L3B1bHNjbXMvTURBXy85NTVkODNjMzBjMmIzNjIyNWU4YWRjYjI5NzlmODYyZC5qcGeRkwXNB.jpeg\" height=\"627\" width=\"940\" alt=\"Daniel Olbrychski i Rafa\u0142 Olbrychski\" loading=\"lazy\" fetchpriority=\"auto\" decoding=\"auto\"\/><\/p>\n<p>Ga\u0142\u0105zka \/ AKPA<\/p>\n<p>Daniel Olbrychski i Rafa\u0142 Olbrychski<\/p>\n<p class=\"ods-o-frame-in-text__paragraph\">Zobacz tak\u017ce:<\/p>\n<p class=\"ods-o-frame-in-text__paragraph\"><a href=\"https:\/\/kultura.onet.pl\/wywiady-i-artykuly\/ogromna-trauma-justin-baldoni-przerywa-milczenie-po-procesie-dekady\/qprnwcr?tpcc=202608_bloczek_plejada\" id=\"15ca6458-dc0d-42eb-bdce-debbd723fd89\" rel=\"nofollow noopener\" target=\"_blank\">&#8222;Mogli pogrzeba\u0107 ka\u017cdego&#8221;. Kulisy konfliktu, kt\u00f3ry parali\u017cowa\u0142 Hollywood<\/a><\/p>\n<p><img class=\"ods-a-photo ods-a-photo--background\" src=\"https:\/\/www.europesays.com\/pl\/wp-content\/uploads\/2026\/08\/1787018358_316_kCdk9lBaHR0cHM6Ly9vY2RuLmV1L3B1bHNjbXMvTURBXy9jOGFhZTk5ZmE5NjM0ZjIwOGY3YWExN2MyNTg2NjYzYi5qcGeRlQLNA.jpeg\" height=\"254\" width=\"450\" alt=\"Blake Lively, Justin Baldoni\" loading=\"lazy\" fetchpriority=\"low\" decoding=\"async\"\/>Dzi\u0119kujemy, \u017ce przeczyta\u0142a\u015b\/e\u015b nasz artyku\u0142 do ko\u0144ca. W serwisie Plejada.pl ka\u017cdego dnia piszemy o najwa\u017cniejszych wydarzeniach show-biznesowych. B\u0105d\u017a na bie\u017c\u0105co!<a rel=\"nofollow noopener\" href=\"https:\/\/profile.google.com\/cp\/Cg0vZy8xMWJ6X19wdHBx\" id=\"2279ac35-4639-452d-a360-5f122b1e1479\" target=\"_blank\"> Obserwuj<\/a> Plejad\u0119 w Google. Odwied\u017a nas tak\u017ce na<a rel=\"nofollow noopener\" href=\"https:\/\/www.facebook.com\/plejadapl\" id=\"d76222ae-d397-4391-8244-ec9e9853d391\" target=\"_blank\"> Facebooku<\/a>,<a rel=\"nofollow noopener\" href=\"https:\/\/www.instagram.com\/plejadapl\/\" id=\"2863481f-7ef7-4b47-b382-5d811c4925ab\" target=\"_blank\"> Instagramie<\/a>,<a rel=\"nofollow noopener\" href=\"https:\/\/www.youtube.com\/c\/plejada\" id=\"009fff0b-7cb1-47c2-a01a-8c017e2113e2\" target=\"_blank\"> YouTubie<\/a> oraz<a rel=\"nofollow noopener\" href=\"https:\/\/www.tiktok.com\/@plejada_pl\" id=\"cf75ad5d-80b8-4606-a42c-cf3cac3ee1f4\" target=\"_blank\"> TikToku<\/a>.Chcesz podzieli\u0107 si\u0119 ciekawym newsem lub zaproponowa\u0107 temat? Skontaktuj si\u0119 z nami, pisz\u0105c maila na adres: <a rel=\"nofollow noopener\" href=\"https:\/\/plejada.pl\/newsy\/daniel-olbrychski-oczami-syna-polowa-polski-go-kocha-polowa-nienawidzi\/mailto:plejada@redakcjaonet.pl\" id=\"d93cd9c4-b605-49da-9d1a-af8325fe1dfa\" target=\"_blank\">plejada@redakcjaonet.pl<\/a>.<script async src=\"\/\/www.instagram.com\/embed.js\"><\/script><script async src=\"\/\/www.tiktok.com\/embed.js\"><\/script><\/p>\n","protected":false},"excerpt":{"rendered":"Daniel Olbrychski to jeden z najpopularniejszych i najbardziej cenionych aktor\u00f3w w Polsce \u2014 debiutowa\u0142 ju\u017c jako nastolatek, a&hellip;\n","protected":false},"author":2,"featured_media":629052,"comment_status":"","ping_status":"","sticky":false,"template":"","format":"standard","meta":{"footnotes":"","_share_on_mastodon":"0"},"categories":[22],"tags":[61195,4691,2501,122,8819,48,125,46,42,38,40,39,41,13045,123,47],"class_list":["post-629051","post","type-post","status-publish","format-standard","has-post-thumbnail","category-rozrywka","tag-bottomfeed_styl","tag-daniel_olbrychski","tag-dzieci_gwiazd","tag-entertainment","tag-hejt","tag-nat_styl","tag-newsy","tag-omp","tag-pl","tag-poland","tag-polish","tag-polska","tag-polski","tag-rafal_olbrychski","tag-rozrywka","tag-screening_general"],"share_on_mastodon":{"url":"https:\/\/pubeurope.com\/@pl\/117114043126465132","error":""},"_links":{"self":[{"href":"https:\/\/www.europesays.com\/pl\/wp-json\/wp\/v2\/posts\/629051","targetHints":{"allow":["GET"]}}],"collection":[{"href":"https:\/\/www.europesays.com\/pl\/wp-json\/wp\/v2\/posts"}],"about":[{"href":"https:\/\/www.europesays.com\/pl\/wp-json\/wp\/v2\/types\/post"}],"author":[{"embeddable":true,"href":"https:\/\/www.europesays.com\/pl\/wp-json\/wp\/v2\/users\/2"}],"replies":[{"embeddable":true,"href":"https:\/\/www.europesays.com\/pl\/wp-json\/wp\/v2\/comments?post=629051"}],"version-history":[{"count":0,"href":"https:\/\/www.europesays.com\/pl\/wp-json\/wp\/v2\/posts\/629051\/revisions"}],"wp:featuredmedia":[{"embeddable":true,"href":"https:\/\/www.europesays.com\/pl\/wp-json\/wp\/v2\/media\/629052"}],"wp:attachment":[{"href":"https:\/\/www.europesays.com\/pl\/wp-json\/wp\/v2\/media?parent=629051"}],"wp:term":[{"taxonomy":"category","embeddable":true,"href":"https:\/\/www.europesays.com\/pl\/wp-json\/wp\/v2\/categories?post=629051"},{"taxonomy":"post_tag","embeddable":true,"href":"https:\/\/www.europesays.com\/pl\/wp-json\/wp\/v2\/tags?post=629051"}],"curies":[{"name":"wp","href":"https:\/\/api.w.org\/{rel}","templated":true}]}}