{"id":629103,"date":"2026-08-18T02:46:23","date_gmt":"2026-08-18T02:46:23","guid":{"rendered":"https:\/\/www.europesays.com\/pl\/629103\/"},"modified":"2026-08-18T02:46:23","modified_gmt":"2026-08-18T02:46:23","slug":"zakonczyl-sie-766-jarmark-sw-dominika-w-gdansku","status":"publish","type":"post","link":"https:\/\/www.europesays.com\/pl\/629103\/","title":{"rendered":"Zako\u0144czy\u0142 si\u0119 766. Jarmark \u015bw. Dominika w Gda\u0144sku"},"content":{"rendered":"<p class=\"news__lead\">Kr\u00f3tkim wyst\u0105pieniem bez cz\u0119\u015bci artystycznej zako\u0144czy\u0142 si\u0119 w niedziel\u0119 w Gda\u0144sku 766. Jarmark \u015bw. Dominika. Rezygnacja z widowiska fina\u0142owego oraz z wyst\u0119p\u00f3w na przystankach jarmarkowych by\u0142a wyrazem solidarno\u015bci z rodzinami ofiar wypadku polskiego autokaru na W\u0119grzech.<\/p>\n<p>Podczas 23 dni imprezy na ulicach \u015ar\u00f3dmie\u015bcia dzia\u0142a\u0142o 715 stoisk, a organizatorzy zaplanowali \u0142\u0105cznie niemal 300 wydarze\u0144 kulturalnych, kulinarnych i sportowych.<\/p>\n<p>Zast\u0119pca prezydenta Gda\u0144ska Monika Chabior oraz przedstawiciele Mi\u0119dzynarodowych Targ\u00f3w Gda\u0144skich podzi\u0119kowali w niedziel\u0119 mieszka\u0144com, turystom i wystawcom.<\/p>\n<p>\u2013 Gda\u0144sk to miasto ogromnej historii, Gda\u0144sk to miasto wspania\u0142ej przedsi\u0119biorczo\u015bci i mam nadziej\u0119, \u017ce wszyscy, kt\u00f3rzy sp\u0119dzili\u015bcie te ostatnie trzy tygodnie w Gda\u0144sku, wracacie z bij\u0105cym sercem dla naszego wyj\u0105tkowego miasta, w kt\u00f3rym ka\u017cdy ma swoj\u0105 histori\u0119 \u2013 zaznaczy\u0142a.<\/p>\n<p>\u00a0<\/p>\n<p>Prezes MTG Andrzej Bojanowski podkre\u015bli\u0142, \u017ce rezygnacja z widowiska by\u0142a konieczna.<\/p>\n<p>\u2013 Wsp\u00f3lnota i my\u015blenie o drugim cz\u0142owieku s\u0105 najwa\u017cniejsze, bo taka jest te\u017c idea jarmarku. Jarmark to nie jest handel, to sp\u0119dzanie wsp\u00f3lnie czasu i budowanie relacji \u2013 powiedzia\u0142. Zapowiedzia\u0142 te\u017c, \u017ce motywem przewodnim kolejnej edycji b\u0119d\u0105 mieszka\u0144cy miasta.<\/p>\n<p>Stoiska jarmarkowe pozosta\u0142y\u00a0otwarte w niedziel\u0119 do godz. 20.00. Kolejn\u0105 edycj\u0119 imprezy zaplanowano w dniach od 24 lipca do 15 sierpnia 2027 r.<\/p>\n<p>Tradycja Jarmarku \u015bw. Dominika si\u0119ga 1260 r., kiedy papie\u017c Aleksander IV zezwoli\u0142 gda\u0144skim dominikanom na udzielanie studniowych odpust\u00f3w w dniu \u015bwi\u0119ta za\u0142o\u017cyciela zakonu. Religijnym uroczysto\u015bciom towarzyszy\u0142 jarmark, na kt\u00f3ry przybywali kupcy, rzemie\u015blnicy i arty\u015bci z r\u00f3\u017cnych cz\u0119\u015bci Europy.<\/p>\n<p>Po II wojnie \u015bwiatowej wydarzenie nie by\u0142o organizowane. Jarmark reaktywowano w 1972 r.; w\u00f3wczas jego symbolem sta\u0142 si\u0119 kogut.\u00a0<\/p>\n<p>\u00a0<\/p>\n<p>\u00a0<\/p>\n<p>                                                                                                                                                                                                        ]]><\/p>\n","protected":false},"excerpt":{"rendered":"Kr\u00f3tkim wyst\u0105pieniem bez cz\u0119\u015bci artystycznej zako\u0144czy\u0142 si\u0119 w niedziel\u0119 w Gda\u0144sku 766. Jarmark \u015bw. Dominika. Rezygnacja z widowiska&hellip;\n","protected":false},"author":2,"featured_media":629104,"comment_status":"","ping_status":"","sticky":false,"template":"","format":"standard","meta":{"footnotes":"","_share_on_mastodon":"0"},"categories":[51610],"tags":[1048,42,38,40,39,41,598,52047,2278,2588],"class_list":["post-629103","post","type-post","status-publish","format-standard","has-post-thumbnail","category-gdansk","tag-gdansk","tag-pl","tag-poland","tag-polish","tag-polska","tag-polski","tag-ropa","tag-wm-wolne-media","tag-wojna-na-ukrainie","tag-wypadek"],"share_on_mastodon":{"url":"https:\/\/pubeurope.com\/@pl\/117114227133390904","error":""},"_links":{"self":[{"href":"https:\/\/www.europesays.com\/pl\/wp-json\/wp\/v2\/posts\/629103","targetHints":{"allow":["GET"]}}],"collection":[{"href":"https:\/\/www.europesays.com\/pl\/wp-json\/wp\/v2\/posts"}],"about":[{"href":"https:\/\/www.europesays.com\/pl\/wp-json\/wp\/v2\/types\/post"}],"author":[{"embeddable":true,"href":"https:\/\/www.europesays.com\/pl\/wp-json\/wp\/v2\/users\/2"}],"replies":[{"embeddable":true,"href":"https:\/\/www.europesays.com\/pl\/wp-json\/wp\/v2\/comments?post=629103"}],"version-history":[{"count":0,"href":"https:\/\/www.europesays.com\/pl\/wp-json\/wp\/v2\/posts\/629103\/revisions"}],"wp:featuredmedia":[{"embeddable":true,"href":"https:\/\/www.europesays.com\/pl\/wp-json\/wp\/v2\/media\/629104"}],"wp:attachment":[{"href":"https:\/\/www.europesays.com\/pl\/wp-json\/wp\/v2\/media?parent=629103"}],"wp:term":[{"taxonomy":"category","embeddable":true,"href":"https:\/\/www.europesays.com\/pl\/wp-json\/wp\/v2\/categories?post=629103"},{"taxonomy":"post_tag","embeddable":true,"href":"https:\/\/www.europesays.com\/pl\/wp-json\/wp\/v2\/tags?post=629103"}],"curies":[{"name":"wp","href":"https:\/\/api.w.org\/{rel}","templated":true}]}}