{"id":629465,"date":"2026-08-18T06:49:17","date_gmt":"2026-08-18T06:49:17","guid":{"rendered":"https:\/\/www.europesays.com\/pl\/629465\/"},"modified":"2026-08-18T06:49:17","modified_gmt":"2026-08-18T06:49:17","slug":"czarny-scenariusz-dla-europy-chinczycy-wepchna-nas-w-rece-apple-i-samsunga","status":"publish","type":"post","link":"https:\/\/www.europesays.com\/pl\/629465\/","title":{"rendered":"Czarny scenariusz dla Europy. Chi\u0144czycy wepchn\u0105 nas w r\u0119ce Apple i Samsunga"},"content":{"rendered":"<ul>\n<li>Kolejne \u017ar\u00f3d\u0142a informuj\u0105, \u017ce Xiaomi nie planuje wprowadza\u0107 na rynek nast\u0119pcy Xiaomi 17 Ultra.<\/li>\n<li>Jednocze\u015bnie Oppo i vivo planuj\u0105 ograniczy\u0107 dost\u0119pno\u015b\u0107 swoich modeli Ultra tylko do rynku chi\u0144skiego.\u00a0<\/li>\n<li>W 2027 r. mo\u017ce doj\u015b\u0107 do sytuacji, kiedy tylko Apple, Google i Samsung b\u0119d\u0105 sprzedawa\u0107 w Europie swoje prawdziwie flagowe smartfony. Cho\u0107 ni\u017cej pozycjonowane modele chi\u0144skie mog\u0105 mie\u0107 od nich lepsz\u0105 specyfikacj\u0119.\u00a0<\/li>\n<\/ul>\n<p>Jak informuje u\u017cytkownik serwisu X @That_Kartikey (wsp\u00f3\u0142pracuj\u0105cy z najwi\u0119kszymi portalami o tematyce smartfon\u00f3w na \u015bwiecie), chi\u0144scy producenci smartfon\u00f3w zamierzaj\u0105 porzuci\u0107 lub ograniczy\u0107 dost\u0119pno\u015b\u0107 modeli Ultra. Wszystkiemu winne s\u0105 oczywi\u015bcie rosn\u0105ce ceny komponent\u00f3w i dla Europy to fatalna wiadomo\u015b\u0107, bo wszystko wskazuje na to, \u017ce zostaniemy wepchni\u0119ci w r\u0119ce Apple i Samsunga.<\/p>\n<p>Xiaomi bez Xiaomi 18 Ultra. Oppo i vivo tylko w Chinach<img width=\"1920\" height=\"1280\" data-nuxt-img=\"\"   onerror=\"this.setAttribute('data-error', 1)\" class=\"article-image size-full wp-image-100231\" loading=\"lazy\" decoding=\"async\" alt=\"\" src=\"https:\/\/www.europesays.com\/pl\/wp-content\/uploads\/2026\/08\/xiaomi-17-ultra-147.jpg\" data-v-e4ee449a=\"\"\/><\/p>\n<p class=\"wp-caption-text\">Xiaomi 17 Ultra i Oppo Find X9 Ultra (fot. Arkadiusz Dzierma\u0144ski \/ Zero.pl)<\/p>\n<p>Ju\u017c od d\u0142u\u017cszego czasu pojawia\u0142a si\u0119 informacja o tym, \u017ce Xiaomi nie zrobi nast\u0119pcy bardzo udanego modelu Xiaomi 17 Ultra. Nie tylko w Chinach, ale w og\u00f3le taki smartfon ma nie powsta\u0107.\u00a0<\/p>\n<p>Jednocze\u015bnie pojawi\u0142a si\u0119 informacja, \u017ce Oppo i vivo zamierzaj\u0105 ograniczy\u0107 dost\u0119pno\u015b\u0107 swoich modeli Ultra tylko do Chin. To cofa nas o dwa lata, bo tak\u0105 sytuacj\u0119 ju\u017c mieli\u015bmy. Sam narzeka\u0142em wtedy, \u017ce najmocniejsze chi\u0144skie smartfony nie s\u0105 dost\u0119pne w Europie, wi\u0119c czeka nas powt\u00f3rka z rozrywki.\u00a0<\/p>\n<p>Pow\u00f3d tej decyzji jest prosty i s\u0105 to rosn\u0105ce ceny pami\u0119ci. Ju\u017c kilka miesi\u0119cy temu prezes Xiaomi informowa\u0142, \u017ce za sam\u0105 pami\u0119\u0107 RAM i wbudowan\u0105 do Xiaomi 17 Ultra firma p\u0142aci tyle samo, ile wynosi rynkowa cena modelu Redmi ze \u015bredniej p\u00f3\u0142ki. Cho\u0107 taka decyzja jest bolesna dla klienta z Europy, to nie jest trudn\u0105 j\u0105 zrozumie\u0107.<\/p>\n<p>Apple, Samsung, ewentualnie Google. Klienci z Europy b\u0119d\u0105 mie\u0107 ograniczony wyb\u00f3r<\/p>\n<p>Co w tej sytuacji czeka klient\u00f3w z Europy? Osoby zainteresowane flagowym, najmocniejszym smartfonem danego producenta b\u0119d\u0105 mie\u0107 bardzo ograniczony wyb\u00f3r. Pozostanie nam do dyspozycji Samsung Galaxy S27 Ultra, iPhone 18 Pro (Max) oraz Google Pixel 12 Pro (XL).<\/p>\n<p><img width=\"1920\" height=\"1280\" data-nuxt-img=\"\"   onerror=\"this.setAttribute('data-error', 1)\" class=\"article-image size-full wp-image-77330\" loading=\"lazy\" decoding=\"async\" alt=\"\" src=\"https:\/\/www.europesays.com\/pl\/wp-content\/uploads\/2026\/08\/vivo-x300-ultra-16.jpg\" data-v-e4ee449a=\"\"\/><\/p>\n<p class=\"wp-caption-text\">vivo X300 Ultra (fot. Arkadiusz Dzierma\u0144ski \/ Zero.pl, Arkadiusz Dzierma\u0144ski)<\/p>\n<p>Jednocze\u015bnie z\u0142o\u015bliwie mo\u017cemy powiedzie\u0107, \u017ce pod wzgl\u0119dem specyfikacji przysz\u0142oroczne modele Pro Oppo, vivo czy Xiaomi niemal na pewno b\u0119d\u0105 mie\u0107 lepsz\u0105 konfiguracj\u0119 ni\u017c Galaxy S27 Ultra. Pod wzgl\u0119dem aparat\u00f3w, baterii czy mocy \u0142adowania. Prawdopodobnie b\u0119d\u0105 te\u017c ta\u0144sze.\u00a0Nadal pozostanie jednak niesmak i z ty\u0142u g\u0142owy b\u0119dziemy mie\u0107 my\u015bl, \u017ce to nie jest najlepsze, co mo\u017cemy kupi\u0107.\u00a0<\/p>\n<p>Taka sytuacja prowadzi te\u017c do tego, \u017ce Apple, Google i Samsung nie b\u0119d\u0105 musieli si\u0119 stara\u0107. Po co maj\u0105 wprowadza\u0107 daleko id\u0105ce usprawnienia swoich flagowych smartfon\u00f3w, skoro nie maj\u0105 z kim konkurowa\u0107?\u00a0<\/p>\n<p>Wszystko wskazuje na to, \u017ce rynek smartfon\u00f3w w 2027 r. b\u0119dzie nudny i drogi.\u00a0<\/p>\n","protected":false},"excerpt":{"rendered":"Kolejne \u017ar\u00f3d\u0142a informuj\u0105, \u017ce Xiaomi nie planuje wprowadza\u0107 na rynek nast\u0119pcy Xiaomi 17 Ultra. Jednocze\u015bnie Oppo i vivo&hellip;\n","protected":false},"author":2,"featured_media":629466,"comment_status":"","ping_status":"","sticky":false,"template":"","format":"standard","meta":{"footnotes":"","_share_on_mastodon":"0"},"categories":[20],"tags":[120,118,119,42,38,40,39,41,116,114,115,121,1348,117],"class_list":["post-629465","post","type-post","status-publish","format-standard","has-post-thumbnail","category-nauka-i-technika","tag-nauka","tag-nauka-i-technika","tag-naukatechnika","tag-pl","tag-poland","tag-polish","tag-polska","tag-polski","tag-science","tag-science-and-technology","tag-sciencetechnology","tag-technika","tag-technologia","tag-technology"],"share_on_mastodon":{"url":"https:\/\/pubeurope.com\/@pl\/117115182297770065","error":""},"_links":{"self":[{"href":"https:\/\/www.europesays.com\/pl\/wp-json\/wp\/v2\/posts\/629465","targetHints":{"allow":["GET"]}}],"collection":[{"href":"https:\/\/www.europesays.com\/pl\/wp-json\/wp\/v2\/posts"}],"about":[{"href":"https:\/\/www.europesays.com\/pl\/wp-json\/wp\/v2\/types\/post"}],"author":[{"embeddable":true,"href":"https:\/\/www.europesays.com\/pl\/wp-json\/wp\/v2\/users\/2"}],"replies":[{"embeddable":true,"href":"https:\/\/www.europesays.com\/pl\/wp-json\/wp\/v2\/comments?post=629465"}],"version-history":[{"count":0,"href":"https:\/\/www.europesays.com\/pl\/wp-json\/wp\/v2\/posts\/629465\/revisions"}],"wp:featuredmedia":[{"embeddable":true,"href":"https:\/\/www.europesays.com\/pl\/wp-json\/wp\/v2\/media\/629466"}],"wp:attachment":[{"href":"https:\/\/www.europesays.com\/pl\/wp-json\/wp\/v2\/media?parent=629465"}],"wp:term":[{"taxonomy":"category","embeddable":true,"href":"https:\/\/www.europesays.com\/pl\/wp-json\/wp\/v2\/categories?post=629465"},{"taxonomy":"post_tag","embeddable":true,"href":"https:\/\/www.europesays.com\/pl\/wp-json\/wp\/v2\/tags?post=629465"}],"curies":[{"name":"wp","href":"https:\/\/api.w.org\/{rel}","templated":true}]}}