{"id":629507,"date":"2026-08-18T07:21:14","date_gmt":"2026-08-18T07:21:14","guid":{"rendered":"https:\/\/www.europesays.com\/pl\/629507\/"},"modified":"2026-08-18T07:21:14","modified_gmt":"2026-08-18T07:21:14","slug":"foxconn-szykuje-sie-na-premiere-iphonea-18-pro-i-iphonea-fold-kusi-pracownikow-wysokimi-premiami","status":"publish","type":"post","link":"https:\/\/www.europesays.com\/pl\/629507\/","title":{"rendered":"Foxconn szykuje si\u0119 na premier\u0119 iPhone\u2019a 18 Pro i iPhone\u2019a Fold. Kusi pracownik\u00f3w wysokimi premiami"},"content":{"rendered":"<p style=\"text-align:justify\">Apple przygotowuje si\u0119 do wrze\u015bniowej prezentacji nowych iPhone\u2019\u00f3w, a jeden z najwa\u017cniejszych partner\u00f3w firmy ju\u017c zwi\u0119ksza zatrudnienie przed rozpocz\u0119ciem produkcji na du\u017c\u0105 skal\u0119. Foxconn rekrutuje pracownik\u00f3w do swojej najwi\u0119kszej fabryki montuj\u0105cej iPhone\u2019y w Zhengzhou w Chinach, oferuj\u0105c przy tym premie si\u0119gaj\u0105ce 8800 juan\u00f3w, czyli oko\u0142o 1230 dolar\u00f3w.<\/p>\n<p style=\"text-align:justify\">Wed\u0142ug informacji Economic Daily News wydarzenie Apple odb\u0119dzie si\u0119 9 wrze\u015bnia. Firma zaprezentuje wtedy iPhone\u2019a 18 Pro oraz iPhone\u2019a 18 Pro Max, a tak\u017ce pierwszego sk\u0142adanego smartfona iPhone&#8217;a Fold. Je\u015bli te informacje si\u0119 potwierdz\u0105, tegoroczna premiera mo\u017ce by\u0107 dla Apple szczeg\u00f3lnie wymagaj\u0105ca pod wzgl\u0119dem organizacji produkcji.<\/p>\n<p>Foxconn ju\u017c szykuje si\u0119 na premier\u0119 nowych iPhone&#8217;\u00f3w<\/p>\n<p style=\"text-align:justify\">Foxconn chce odpowiednio wcze\u015bnie przygotowa\u0107 linie monta\u017cowe, dlatego rozpocz\u0105\u0142 intensywn\u0105 rekrutacj\u0119 w Zhengzhou. Nowi pracownicy mog\u0105 otrzyma\u0107 kr\u00f3tkoterminow\u0105 premi\u0119 w wysoko\u015bci do 8800 juan\u00f3w. Osoby, kt\u00f3re rozpocz\u0119\u0142y prac\u0119 od 14 sierpnia, otrzymuj\u0105 najpierw dodatkowe 500 juan\u00f3w, czyli oko\u0142o 74 dolar\u00f3w, a nast\u0119pnie mog\u0105 uzyska\u0107 pozosta\u0142e 8300 juan\u00f3w.<\/p>\n<blockquote><p>&#13;<\/p>\n<p style=\"text-align:justify\">Apple przygotowuje si\u0119 do wrze\u015bniowej prezentacji nowych iPhone\u2019\u00f3w, a jeden z najwa\u017cniejszych partner\u00f3w firmy ju\u017c zwi\u0119ksza zatrudnienie przed rozpocz\u0119ciem produkcji na du\u017c\u0105 skal\u0119. Foxconn rekrutuje pracownik\u00f3w do swojej najwi\u0119kszej fabryki montuj\u0105cej iPhone\u2019y w Zhengzhou w Chinach, oferuj\u0105c przy tym premie si\u0119gaj\u0105ce 8800 juan\u00f3w, czyli oko\u0142o 1230 dolar\u00f3w.<\/p>\n<p>&#13;\n<\/p><\/blockquote>\n<p style=\"text-align:justify\">\u00a0<\/p>\n<p style=\"text-align:justify\">Co ciekawe, zach\u0119ta jest nieco ni\u017csza ni\u017c w poprzednich latach, kiedy Foxconn oferowa\u0142 nawet 9000 juan\u00f3w, czyli oko\u0142o 1334 dolar\u00f3w. \u0179r\u00f3d\u0142o nie wyja\u015bnia przyczyny tej r\u00f3\u017cnicy, cho\u0107 w tym roku do produkcji mo\u017ce trafi\u0107 znacznie bardziej skomplikowany konstrukcyjnie iPhone Fold. Rekrutacj\u0119 prowadz\u0105 dwie grupy biznesowe Foxconna odpowiedzialne mi\u0119dzy innymi za monta\u017c, testowanie komponent\u00f3w oraz kontrol\u0119 jako\u015bci.<\/p>\n<p style=\"text-align:justify\">Nie podano jeszcze, ile egzemplarzy iPhone 18 Pro oraz iPhone Fold zamierza przygotowa\u0107 Apple na premier\u0119. Jednym z czynnik\u00f3w mog\u0105cych wp\u0142yn\u0105\u0107 na skal\u0119 produkcji pozostaj\u0105 wysokie ceny pami\u0119ci DRAM i NAND. Wed\u0142ug wcze\u015bniejszych doniesie\u0144 koszt pami\u0119ci w iPhone\u2019ach 18 Pro mo\u017ce w 2027 roku odpowiada\u0107 nawet za 42% ca\u0142kowitego kosztu materia\u0142\u00f3w potrzebnych do produkcji urz\u0105dzenia.<\/p>\n<p>Wyzwanie produkcyjne<\/p>\n<p style=\"text-align:justify\">W por\u00f3wnaniu z poprzednimi generacjami sytuacja jest bardziej skomplikowana, poniewa\u017c do modeli Pro ma do\u0142\u0105czy\u0107 pierwszy sk\u0142adany iPhone, wymagaj\u0105cy nowych proces\u00f3w produkcyjnych. Sytuacja jest wi\u0119c skomplikowana, aczkolwiek Foxconn z racji na swoje do\u015bwiadczenie powinien da\u0107 rad\u0119.<\/p>\n<p class=\"m-0\">Spodoba\u0142o Ci si\u0119? Podziel si\u0119 ze znajomymi!<\/p>\n","protected":false},"excerpt":{"rendered":"Apple przygotowuje si\u0119 do wrze\u015bniowej prezentacji nowych iPhone\u2019\u00f3w, a jeden z najwa\u017cniejszych partner\u00f3w firmy ju\u017c zwi\u0119ksza zatrudnienie przed&hellip;\n","protected":false},"author":2,"featured_media":629508,"comment_status":"","ping_status":"","sticky":false,"template":"","format":"standard","meta":{"footnotes":"","_share_on_mastodon":"0"},"categories":[20],"tags":[489,6203,120,118,119,42,38,40,39,41,116,114,115,121,117],"class_list":["post-629507","post","type-post","status-publish","format-standard","has-post-thumbnail","category-nauka-i-technika","tag-apple","tag-iphone","tag-nauka","tag-nauka-i-technika","tag-naukatechnika","tag-pl","tag-poland","tag-polish","tag-polska","tag-polski","tag-science","tag-science-and-technology","tag-sciencetechnology","tag-technika","tag-technology"],"share_on_mastodon":{"url":"https:\/\/pubeurope.com\/@pl\/117115308338256102","error":""},"_links":{"self":[{"href":"https:\/\/www.europesays.com\/pl\/wp-json\/wp\/v2\/posts\/629507","targetHints":{"allow":["GET"]}}],"collection":[{"href":"https:\/\/www.europesays.com\/pl\/wp-json\/wp\/v2\/posts"}],"about":[{"href":"https:\/\/www.europesays.com\/pl\/wp-json\/wp\/v2\/types\/post"}],"author":[{"embeddable":true,"href":"https:\/\/www.europesays.com\/pl\/wp-json\/wp\/v2\/users\/2"}],"replies":[{"embeddable":true,"href":"https:\/\/www.europesays.com\/pl\/wp-json\/wp\/v2\/comments?post=629507"}],"version-history":[{"count":0,"href":"https:\/\/www.europesays.com\/pl\/wp-json\/wp\/v2\/posts\/629507\/revisions"}],"wp:featuredmedia":[{"embeddable":true,"href":"https:\/\/www.europesays.com\/pl\/wp-json\/wp\/v2\/media\/629508"}],"wp:attachment":[{"href":"https:\/\/www.europesays.com\/pl\/wp-json\/wp\/v2\/media?parent=629507"}],"wp:term":[{"taxonomy":"category","embeddable":true,"href":"https:\/\/www.europesays.com\/pl\/wp-json\/wp\/v2\/categories?post=629507"},{"taxonomy":"post_tag","embeddable":true,"href":"https:\/\/www.europesays.com\/pl\/wp-json\/wp\/v2\/tags?post=629507"}],"curies":[{"name":"wp","href":"https:\/\/api.w.org\/{rel}","templated":true}]}}