{"id":629551,"date":"2026-08-18T07:51:13","date_gmt":"2026-08-18T07:51:13","guid":{"rendered":"https:\/\/www.europesays.com\/pl\/629551\/"},"modified":"2026-08-18T07:51:13","modified_gmt":"2026-08-18T07:51:13","slug":"corka-izabelli-scorupco-wyszla-za-maz-pokazala-zdjecia-ze-slubu","status":"publish","type":"post","link":"https:\/\/www.europesays.com\/pl\/629551\/","title":{"rendered":"C\u00f3rka Izabelli Scorupco wysz\u0142a za m\u0105\u017c. Pokaza\u0142a zdj\u0119cia ze \u015blubu"},"content":{"rendered":"<p>Izabella Scorupco i Mariusz Czerkawski przed laty byli ma\u0142\u017ce\u0144stwem. \u015alub pary, jak podaj\u0105 media, odby\u0142 si\u0119 w 1996 r. w Waszyngtonie. W kolejnym roku na \u015bwiat przysz\u0142a c\u00f3rka aktorki i hokeisty. Dziewczynka otrzyma\u0142a imi\u0119 Julia.<\/p>\n<p>Dalszy ci\u0105g artyku\u0142u pod materia\u0142em wideoJulia Scorupco wysz\u0142a za m\u0105\u017c<\/p>\n<p>Jeszcze przed narodzinami Julii Izabella Scorupco przyj\u0119\u0142a rol\u0119 Heleny Kurcewicz\u00f3wny w &#8222;Ogniem i mieczem&#8221;. Przez d\u0142u\u017cszy czas re\u017cyser filmu nie wiedzia\u0142, \u017ce aktorka jest w ci\u0105\u017cy. &#8222;P\u00f3\u017aniej zadzwoni\u0142am, przez par\u0119 sekund by\u0142am cicha, rozmawia\u0142am z pani\u0105 Wal\u0105 Hoffman [\u017con\u0105 Jerzego Hoffmana, re\u017cysera filmu \u2014 przyp. red.] i ona m\u00f3wi\u0142a: \u00bbIza, ja wiem, o co chodzi, jeste\u015b w ci\u0105\u017cy\u00ab. Czu\u0142a to. Kobieta czuje, czego druga kobieta nie mo\u017ce powiedzie\u0107, a chce. \u017bona u\u0142agodzi\u0142a re\u017cysera&#8221; \u2014 opowiada\u0142a przed laty Izabella Scorupco w programie &#8222;Wiecz\u00f3r z Wampirem&#8221;.<\/p>\n<p>Po dw\u00f3ch latach ma\u0142\u017ce\u0144stwa Izabella Scorupco i Mariusz Czerkawski rozstali si\u0119. Co jaki\u015b czas media rozpisuj\u0105 si\u0119 o c\u00f3rce pary. Julia, tak jak jej mama, mieszka w Stanach Zjednoczonych. Gra\u0142a niegdy\u015b w koszyk\u00f3wk\u0119, ale ostatecznie nie zwi\u0105za\u0142a si\u0119 ze sportem. Studiowa\u0142a kierunek zwi\u0105zany z mediami na Uniwersytecie Berkeley w San Francisco.<\/p>\n<p>Jaki\u015b czas temu w jednym z wywiad\u00f3w Mariusz Czerkawski opowiedzia\u0142 o tym, czym zajmuje si\u0119 jego c\u00f3rka. \u2014 Bran\u017ca taka mo\u017cna powiedzie\u0107 troch\u0119 hollywoodzka \u2014 <a href=\"https:\/\/kobieta.onet.pl\/celebryci\/mariusz-czerkawski-dumny-z-corki-ciezko-pracuje\/5bl5gzt\" id=\"c85b5ffa-6470-42f3-99ce-f9321f96fc09\" rel=\"nofollow noopener\" target=\"_blank\">m\u00f3wi\u0142 w podca\u015bcie Onetu<\/a> &#8222;Co powie tata?&#8221; w listopadzie 2024 r. Doda\u0142 te\u017c, \u017ce Julia pracuje w agencji PR, kt\u00f3ra promuje najwi\u0119ksze \u015bwiatowe gwiazdy. \u2014 Promowanie film\u00f3w, koncert\u00f3w. Tak, jak powiedzia\u0142em, teraz jest w Brazylii i promuj\u0105 nast\u0119pny jaki\u015b powa\u017cny hit filmowy. [&#8230;] Ci\u0119\u017cko pracuje, jest ambitna \u2014 m\u00f3wi\u0142 w\u00f3wczas.W czerwcu 2025 r. wieloletni partner Julii <a href=\"https:\/\/przegladsportowy.onet.pl\/ofsajd\/corka-mariusza-czerkawskiego-powiedziala-tak-pokazala-zdjecie-z-zareczyn\/vrkl4sn\" id=\"dadd3cb0-b0d4-42b2-adbd-b3b91dbad97f\" rel=\"nofollow noopener\" target=\"_blank\">o\u015bwiadczy\u0142 si\u0119 jej<\/a>. &#8222;Dziewi\u0119\u0107 lat p\u00f3\u017aniej i jako\u015b wci\u0105\u017c kocham ci\u0119 bardziej ka\u017cdego dnia&#8221; \u2014 napisa\u0142a w\u00f3wczas na Instagramie i pokaza\u0142a zdj\u0119cie z zar\u0119czyn.<\/p>\n<p>Tymczasem okazuje si\u0119, \u017ce para wzi\u0119\u0142a \u015blub. Julia Scorupco opublikowa\u0142a na Instagramie kilka zdj\u0119\u0107. &#8222;W tym \u017cyciu i w ka\u017cdym kolejnym&#8221; \u2014 napisa\u0142a w opisie fotek.<\/p>\n<p>Zdj\u0119cie ze \u015blubu Julia Scorupco pokaza\u0142a te\u017c na Instastories.<\/p>\n<p><img class=\"ods-a-photo ods-a-photo--background\" src=\"https:\/\/www.europesays.com\/pl\/wp-content\/uploads\/2026\/08\/Ti3k9lBaHR0cHM6Ly9vY2RuLmV1L3B1bHNjbXMvTURBXy8zNmUyZmZiNDlmNWI5MDdiZDZiNjNmNjc4MGFkN2RkMS5wbmeRkwXNA.jpeg\" height=\"817\" width=\"457\" alt=\"Julia Scorupco wysz\u0142a za m\u0105\u017c\" loading=\"lazy\" fetchpriority=\"auto\" decoding=\"auto\"\/><\/p>\n<p>https:\/\/www.instagram.com\/stories\/juliascorupco\/3966217401388669308\/<\/p>\n<p>Julia Scorupco wysz\u0142a za m\u0105\u017c<\/p>\n<p><script async src=\"\/\/www.instagram.com\/embed.js\"><\/script><\/p>\n","protected":false},"excerpt":{"rendered":"Izabella Scorupco i Mariusz Czerkawski przed laty byli ma\u0142\u017ce\u0144stwem. \u015alub pary, jak podaj\u0105 media, odby\u0142 si\u0119 w 1996&hellip;\n","protected":false},"author":2,"featured_media":629552,"comment_status":"","ping_status":"","sticky":false,"template":"","format":"standard","meta":{"footnotes":"","_share_on_mastodon":"0"},"categories":[22],"tags":[61195,122,38788,123901,38789,48,129,46,42,38,40,39,41,123,47,130],"class_list":["post-629551","post","type-post","status-publish","format-standard","has-post-thumbnail","category-rozrywka","tag-bottomfeed_styl","tag-entertainment","tag-izabella_scorupco","tag-julia_scorupco","tag-mariusz_czerkawski","tag-nat_styl","tag-ofsajd","tag-omp","tag-pl","tag-poland","tag-polish","tag-polska","tag-polski","tag-rozrywka","tag-screening_general","tag-wiadomosci_sportowe"],"share_on_mastodon":{"url":"https:\/\/pubeurope.com\/@pl\/117115427200061179","error":""},"_links":{"self":[{"href":"https:\/\/www.europesays.com\/pl\/wp-json\/wp\/v2\/posts\/629551","targetHints":{"allow":["GET"]}}],"collection":[{"href":"https:\/\/www.europesays.com\/pl\/wp-json\/wp\/v2\/posts"}],"about":[{"href":"https:\/\/www.europesays.com\/pl\/wp-json\/wp\/v2\/types\/post"}],"author":[{"embeddable":true,"href":"https:\/\/www.europesays.com\/pl\/wp-json\/wp\/v2\/users\/2"}],"replies":[{"embeddable":true,"href":"https:\/\/www.europesays.com\/pl\/wp-json\/wp\/v2\/comments?post=629551"}],"version-history":[{"count":0,"href":"https:\/\/www.europesays.com\/pl\/wp-json\/wp\/v2\/posts\/629551\/revisions"}],"wp:featuredmedia":[{"embeddable":true,"href":"https:\/\/www.europesays.com\/pl\/wp-json\/wp\/v2\/media\/629552"}],"wp:attachment":[{"href":"https:\/\/www.europesays.com\/pl\/wp-json\/wp\/v2\/media?parent=629551"}],"wp:term":[{"taxonomy":"category","embeddable":true,"href":"https:\/\/www.europesays.com\/pl\/wp-json\/wp\/v2\/categories?post=629551"},{"taxonomy":"post_tag","embeddable":true,"href":"https:\/\/www.europesays.com\/pl\/wp-json\/wp\/v2\/tags?post=629551"}],"curies":[{"name":"wp","href":"https:\/\/api.w.org\/{rel}","templated":true}]}}