{"id":629597,"date":"2026-08-18T08:17:09","date_gmt":"2026-08-18T08:17:09","guid":{"rendered":"https:\/\/www.europesays.com\/pl\/629597\/"},"modified":"2026-08-18T08:17:09","modified_gmt":"2026-08-18T08:17:09","slug":"zaskakujace-doniesienia-mediow-infantino-ma-powazne-powody-do-obawy","status":"publish","type":"post","link":"https:\/\/www.europesays.com\/pl\/629597\/","title":{"rendered":"Zaskakuj\u0105ce doniesienia medi\u00f3w. Infantino ma powa\u017cne powody do obawy"},"content":{"rendered":"\n<p class=\"contentpart contentpart--default contentpart--text\" data-position=\"0\">Jeszcze niedawno Patrice Motsepe, prezydent afryka\u0144skiej federacji (CAF), publicznie potwierdzi\u0142 instytucjonalne wsparcie dla <a href=\"https:\/\/sportowefakty.wp.pl\/pilka-nozna\/gianni-infantino\" rel=\"nofollow noopener\" target=\"_blank\">Gianniego Infantino<\/a>\u00a0i podkre\u015bla\u0142, \u017ce o ewentualnej zmianie na szczycie mog\u0105 zdecydowa\u0107 wy\u0142\u0105cznie wybory. Afryka ma 54 federacje stowarzyszone w FIFA i \u0142\u0105cznie 55 g\u0142os\u00f3w, co czyni j\u0105 kluczowym blokiem.<\/p>\n<p class=\"contentpart contentpart--default contentpart--text\" data-position=\"1\">Z r\u00f3\u017cnych \u017ar\u00f3de\u0142 wynika jednak, \u017ce oficjalny przekaz nie oddaje nastroj\u00f3w w kuluarach. Informacje te ujawni\u0142 dziennik &#8222;L&#8217;Equipe&#8221;.<\/p>\n<p>  <img decoding=\"async\" src=\"https:\/\/v.wpimg.pl\/X3dwLnN2d1IFFTpdYUl6R0ZNbgcnEHQREVV2TGEGbUtRT2MdOlZ2RBQUKABgQjQcDRotCStBd1IAAWMeIlM7VgwYIAorQAdEFFk_GCkQJQ\" alt=\"\" width=\"45\" height=\"58\" loading=\"lazy\"\/>  <\/p>\n<p class=\"contentpart contentpart--default contentpart--text\" data-position=\"2\">ZOBACZ WIDEO: W samo okienko! 19-latka zachwyci\u0142a<\/p>\n<p class=\"contentpart contentpart--default contentpart--text\" data-position=\"4\">&#8211; Moje wra\u017cenie jest takie, \u017ce co najmniej po\u0142owa federacji jest przeciw Infantino. Jest stanowisko oficjalne, ale za kulisami wida\u0107 op\u00f3r. W tajnym g\u0142osowaniu nawet po\u0142owa nie posz\u0142aby dzi\u015b za lini\u0105 oficjaln\u0105 &#8211; m\u00f3wi\u0142 Constant Omari, by\u0142y szef federacji kongijskiej i by\u0142y cz\u0142onek Rady FIFA.<\/p>\n<p class=\"contentpart contentpart--default contentpart--text\" data-position=\"5\">Krytyczny blok, budowany g\u0142\u00f3wnie przez federacje angloj\u0119zyczne, ma zarzuca\u0107 Infantino nadmiern\u0105 koncentracj\u0119 w\u0142adzy. Wskazywane s\u0105 te\u017c kontrowersje s\u0119dziowskie, w tym decyzje zwi\u0105zane z arbitrem Omarem Artanem podczas mundialu, a tak\u017ce nieudana inicjatywa sprzeda\u017cy cz\u0119\u015bci praw do mistrzostw \u015bwiata prywatnej sp\u00f3\u0142ce.<\/p>\n<p class=\"contentpart contentpart--default contentpart--text\" data-position=\"6\">Z drugiej strony Infantino ma liczy\u0107 na mocne wsparcie Maroka i Fouziego Lekjaa. Wed\u0142ug opisywanych doniesie\u0144 Rabat zabiega o fina\u0142 M\u015a 2030 kosztem Hiszpanii, a w zamian ma oferowa\u0107 jednoznaczne poparcie dla obecnego prezydenta FIFA. W\u015br\u00f3d sprzymierze\u0144c\u00f3w wymienia si\u0119 te\u017c m.in. Egipt i Mauretani\u0119.<\/p>\n<p>  <img decoding=\"async\" src=\"https:\/\/v.wpimg.pl\/X3dwLnN2d1IFFTpdYUl6R0ZNbgcnEHQREVV2TGEGbUtRT2MdOlZ2RBQUKABgQjQcDRotCStBd1IAAWMeIlM7VgwYIAorQAdEFFk_GCkQJQ\" alt=\"\" width=\"45\" height=\"58\" loading=\"lazy\"\/>  <\/p>\n<p class=\"contentpart contentpart--default contentpart--text\" data-position=\"7\">W Afryce narasta r\u00f3wnie\u017c nieufno\u015b\u0107 zwi\u0105zana z relacjami mi\u0119dzy Veronem Mosengo-Omba a Motsepe. Mosengo-Omba, prezydent federacji Demokratycznej Republiki Konga i wieloletni znajomy Infantino ze studi\u00f3w we Fryburgu, by\u0142 wcze\u015bniej sekretarzem generalnym CAF.<\/p>\n<p class=\"contentpart contentpart--default contentpart--text\" data-position=\"8\">Napi\u0119cia nie ko\u0144cz\u0105 si\u0119 na Afryce. Po finale Superpucharu Europy w Salzburgu mia\u0142o wybrzmie\u0107, \u017ce UEFA planuje wniosek o wotum nieufno\u015bci wobec Infantino, je\u015bli ten nie ust\u0105pi w nadchodz\u0105cych miesi\u0105cach.<\/p>\n<p class=\"contentpart contentpart--default contentpart--text\" data-position=\"9\">Obok Aleksandra Ceferina maj\u0105 sta\u0107 te\u017c Europejskie Stowarzyszenie Klub\u00f3w z Nasserem al-Khelaifim, a celem ma by\u0107 pozyskanie wsparcia konfederacji azjatyckiej (AFC) i Ameryki P\u00f3\u0142nocnej (CONCACAF).<\/p>\n","protected":false},"excerpt":{"rendered":"Jeszcze niedawno Patrice Motsepe, prezydent afryka\u0144skiej federacji (CAF), publicznie potwierdzi\u0142 instytucjonalne wsparcie dla Gianniego Infantino\u00a0i podkre\u015bla\u0142, \u017ce o&hellip;\n","protected":false},"author":2,"featured_media":629598,"comment_status":"","ping_status":"","sticky":false,"template":"","format":"standard","meta":{"footnotes":"","_share_on_mastodon":"0"},"categories":[24],"tags":[1285,5116,269,42,38,40,39,41,127,126],"class_list":["post-629597","post","type-post","status-publish","format-standard","has-post-thumbnail","category-sport","tag-fifa","tag-gianni-infantino","tag-pilka-nozna","tag-pl","tag-poland","tag-polish","tag-polska","tag-polski","tag-sport","tag-sports"],"share_on_mastodon":{"url":"https:\/\/pubeurope.com\/@pl\/117115529531149783","error":""},"_links":{"self":[{"href":"https:\/\/www.europesays.com\/pl\/wp-json\/wp\/v2\/posts\/629597","targetHints":{"allow":["GET"]}}],"collection":[{"href":"https:\/\/www.europesays.com\/pl\/wp-json\/wp\/v2\/posts"}],"about":[{"href":"https:\/\/www.europesays.com\/pl\/wp-json\/wp\/v2\/types\/post"}],"author":[{"embeddable":true,"href":"https:\/\/www.europesays.com\/pl\/wp-json\/wp\/v2\/users\/2"}],"replies":[{"embeddable":true,"href":"https:\/\/www.europesays.com\/pl\/wp-json\/wp\/v2\/comments?post=629597"}],"version-history":[{"count":0,"href":"https:\/\/www.europesays.com\/pl\/wp-json\/wp\/v2\/posts\/629597\/revisions"}],"wp:featuredmedia":[{"embeddable":true,"href":"https:\/\/www.europesays.com\/pl\/wp-json\/wp\/v2\/media\/629598"}],"wp:attachment":[{"href":"https:\/\/www.europesays.com\/pl\/wp-json\/wp\/v2\/media?parent=629597"}],"wp:term":[{"taxonomy":"category","embeddable":true,"href":"https:\/\/www.europesays.com\/pl\/wp-json\/wp\/v2\/categories?post=629597"},{"taxonomy":"post_tag","embeddable":true,"href":"https:\/\/www.europesays.com\/pl\/wp-json\/wp\/v2\/tags?post=629597"}],"curies":[{"name":"wp","href":"https:\/\/api.w.org\/{rel}","templated":true}]}}