{"id":629611,"date":"2026-08-18T08:24:10","date_gmt":"2026-08-18T08:24:10","guid":{"rendered":"https:\/\/www.europesays.com\/pl\/629611\/"},"modified":"2026-08-18T08:24:10","modified_gmt":"2026-08-18T08:24:10","slug":"maciej-berek-kandydatem-na-sedziego-tk-michal-gramatyka-wielki-mozg","status":"publish","type":"post","link":"https:\/\/www.europesays.com\/pl\/629611\/","title":{"rendered":"Maciej Berek kandydatem na s\u0119dziego TK. Micha\u0142 Gramatyka: wielki m\u00f3zg"},"content":{"rendered":"<p>Wiceminister cyfryzacji pytany by\u0142 o dzia\u0142ania rz\u0105du w sprawie<a href=\"https:\/\/wiadomosci.onet.pl\/kraj\/krzysztof-gawkowski-o-wycieku-danych-z-mydr-jestesmy-na-tropie-sprawcow\/vk6m7ms\" id=\"b8ede901-4b4c-4023-bb0b-04f4c79219b1\" rel=\"nofollow noopener\" target=\"_blank\"> wycieku danych z firmy MyDr.<\/a> \u2014 Dane wyciek\u0142y z prywatnej firmy. Wszystkie systemy pa\u0144stwowe s\u0105 bezpieczne \u2014 zapewnia Micha\u0142 Gramatyka.<\/p>\n<p>Polityk dopytywany by\u0142 o to, czy jest ju\u017c jaki\u015b trop przest\u0119pc\u00f3w odpowiedzialnych za atak. \u2014 S\u0105 r\u00f3\u017cne elementy we wpisach pochodz\u0105cych z kont, kt\u00f3re przyznaj\u0105 si\u0119 do tego ataku. One s\u0105 analizowane przez s\u0142u\u017cby \u2014 m\u00f3wi wiceminister, zdradzaj\u0105c, \u017ce pojawiaj\u0105 si\u0119 tam m.in. kalki z j\u0119zyka polskiego i \u015blady prowadz\u0105ce do Indii. \u2014 Ale to wszystko mo\u017ce by\u0107 \u015bciema robiona po to, aby\u015bmy si\u0119 nie dowiedzieli, kim s\u0105 przest\u0119pcy \u2014 dodaje.<\/p>\n<p>Dalszy ci\u0105g artyku\u0142u pod materia\u0142em wideo&#8221;Pa\u0144stwo nie jest po to, aby wchodzi\u0107 w uk\u0142ady z przest\u0119pcami&#8221;<\/p>\n<p>Gramatyka t\u0142umaczy, \u017ce przest\u0119pcy dostali dost\u0119p do danych z kopii bezpiecze\u0144stwa, czyli &#8222;danych historycznych&#8221;. Nadal mog\u0105 by\u0107 one jednak aktualne. \u2014 Nie zmienia to stopnia niebezpiecze\u0144stwa tej sytuacji \u2014 podkre\u015bla polityk.<\/p>\n<p>Wiceminister zapewnia, \u017ce pa\u0144stwo nie b\u0119dzie p\u0142aci\u0107 \u017cadnego okupu za skradzione dane. \u2014 Je\u015bli te oferty s\u0105 kierowane, to do firmy, kt\u00f3ra jest za te dane odpowiedzialne. Nie do nas. Pan premier Gawkowski wykluczy\u0142 sk\u0142adanie jakichkolwiek okup\u00f3w. To s\u0105 przest\u0119pcy i pa\u0144stwo polskie nie jest po to, aby wchodzi\u0107 w uk\u0142ady ze z\u0142oczy\u0144cami \u2014 podkre\u015bla.<\/p>\n<p>&#8222;Prawa r\u0119ka&#8221; Donalda Tuska kandydatem do TK. &#8222;Cz\u0142owiek ogromnej wiedzy&#8221;Donald Tusk poinformowa\u0142, \u017ce wyrazi\u0142 warunkow\u0105 zgod\u0119 na odej\u015bcie Macieja Berka, dotychczasowego ministra do spraw nadzoru nad wdra\u017caniem polityki rz\u0105du z Rady Ministr\u00f3w i <a href=\"https:\/\/wiadomosci.onet.pl\/kraj\/maciej-berek-zostanie-sedzia-tk-sejm-opublikowal-oficjalne-pismo\/72tjx0e\" id=\"2fe5cb11-b699-4ea7-8916-3742cf4bab27\" rel=\"nofollow noopener\" target=\"_blank\">jego kandydowanie na s\u0119dziego Trybuna\u0142u Konstytucyjnego.<\/a> Decyzja ta <a href=\"https:\/\/wiadomosci.onet.pl\/kraj\/koalicjant-powie-nie-pomyslowi-donalda-tuska-glosowac-przeciw\/kyverrp\" id=\"432f9c38-30ea-4496-9537-7fb8bac6b903\" rel=\"nofollow noopener\" target=\"_blank\">wywo\u0142a\u0142a kontrowersje. <\/a>Kulisy operacji &#8222;Berek&#8221;. Karol Nawrocki mo\u017ce storpedowa\u0107 plan Donalda Tuska<img class=\"ods-a-photo ods-a-photo--background\" src=\"https:\/\/www.europesays.com\/pl\/wp-content\/uploads\/2026\/08\/sBak9lBaHR0cHM6Ly9vY2RuLmV1L3B1bHNjbXMvTURBXy9hNzBkODRkYzRjNTAwOTBkOWVmZjIzZmM3YTA4YzYwYy5qcGeRlQLNA.jpeg\" height=\"253\" width=\"450\" alt=\"Donald Tusk i Karol Nawrocki\" loading=\"lazy\" fetchpriority=\"low\" decoding=\"async\"\/><\/p>\n<p>Gramatyka przyznaje, \u017ce bardzo d\u0142ugo wierzy\u0142, \u017ce informacja o Berku jest zmy\u015blona. Stwierdza jednak, \u017ce ta kandydatura do TK jest &#8222;bardzo dobra&#8221; i deklaruje, \u017ce zag\u0142osuje za kandydatur\u0105 wsp\u00f3\u0142pracownika premiera. Jego zdaniem jest to uczciwe, bo &#8222;Maciej Berek nie jest politykiem i nigdy nim nie by\u0142&#8221;. \u2014 Znajd\u017acie pa\u0144stwo jedn\u0105 wypowied\u017a polityczn\u0105 Macieja Berka \u2014 m\u00f3wi.<\/p>\n<p>\u2014 Jestem przekonany do s\u0142uszno\u015bci tej kandydatury. Maciej Berek jest jednym z najwi\u0119kszych polskich autorytet\u00f3w, je\u015bli chodzi o legislacj\u0119. W tym, je\u017celi chodzi o umiejscowienie polskiego prawa w tej panoramie konstytucyjnej. To jest cz\u0142owiek ogromnej wiedzy i nieposzlakowanej uczciwo\u015bci \u2014 ocenia wiceminister.<\/p>\n<p>Polityk podkre\u015bla, \u017ce obecnie w Polsce &#8222;nie ma Trybuna\u0142u Konstytucyjnego&#8221;, a Berek, jako &#8222;wielki m\u00f3zg, cz\u0142owiek wielkiej wiedzy, nieposzkalowanej przyzwoito\u015bci i uczciwo\u015bci, kt\u00f3ry ju\u017c dobrze przys\u0142u\u017cy\u0142 si\u0119 Polsce&#8221;, mo\u017ce przyczyni\u0107 si\u0119 do tego, by TK zacz\u0105\u0142 dzia\u0142a\u0107.<\/p>\n","protected":false},"excerpt":{"rendered":"Wiceminister cyfryzacji pytany by\u0142 o dzia\u0142ania rz\u0105du w sprawie wycieku danych z firmy MyDr. \u2014 Dane wyciek\u0142y z&hellip;\n","protected":false},"author":2,"featured_media":629612,"comment_status":"","ping_status":"","sticky":false,"template":"","format":"standard","meta":{"footnotes":"","_share_on_mastodon":"0"},"categories":[62713],"tags":[12913,61195,1345,49,2065,18183,48,46,48279,47,4057,18246],"class_list":["post-629611","post","type-post","status-publish","format-standard","has-post-thumbnail","category-donald-tusk","tag-_onet_rano_","tag-bottomfeed_styl","tag-donald-tusk","tag-kraj","tag-maciej_berek","tag-michal_gramatyka","tag-nat_styl","tag-omp","tag-przestepcy","tag-screening_general","tag-trybunal_konstytucyjny","tag-wyciek_danych"],"share_on_mastodon":{"url":"https:\/\/pubeurope.com\/@pl\/117115555908289560","error":""},"_links":{"self":[{"href":"https:\/\/www.europesays.com\/pl\/wp-json\/wp\/v2\/posts\/629611","targetHints":{"allow":["GET"]}}],"collection":[{"href":"https:\/\/www.europesays.com\/pl\/wp-json\/wp\/v2\/posts"}],"about":[{"href":"https:\/\/www.europesays.com\/pl\/wp-json\/wp\/v2\/types\/post"}],"author":[{"embeddable":true,"href":"https:\/\/www.europesays.com\/pl\/wp-json\/wp\/v2\/users\/2"}],"replies":[{"embeddable":true,"href":"https:\/\/www.europesays.com\/pl\/wp-json\/wp\/v2\/comments?post=629611"}],"version-history":[{"count":0,"href":"https:\/\/www.europesays.com\/pl\/wp-json\/wp\/v2\/posts\/629611\/revisions"}],"wp:featuredmedia":[{"embeddable":true,"href":"https:\/\/www.europesays.com\/pl\/wp-json\/wp\/v2\/media\/629612"}],"wp:attachment":[{"href":"https:\/\/www.europesays.com\/pl\/wp-json\/wp\/v2\/media?parent=629611"}],"wp:term":[{"taxonomy":"category","embeddable":true,"href":"https:\/\/www.europesays.com\/pl\/wp-json\/wp\/v2\/categories?post=629611"},{"taxonomy":"post_tag","embeddable":true,"href":"https:\/\/www.europesays.com\/pl\/wp-json\/wp\/v2\/tags?post=629611"}],"curies":[{"name":"wp","href":"https:\/\/api.w.org\/{rel}","templated":true}]}}