{"id":629621,"date":"2026-08-18T08:36:13","date_gmt":"2026-08-18T08:36:13","guid":{"rendered":"https:\/\/www.europesays.com\/pl\/629621\/"},"modified":"2026-08-18T08:36:13","modified_gmt":"2026-08-18T08:36:13","slug":"czternasta-emerytura-2026-zus-podal-terminy-i-kwoty-wyplat-lublin112-wiadomosci-z-lublina-i-regionu-wazne-informacje-z-kraju","status":"publish","type":"post","link":"https:\/\/www.europesays.com\/pl\/629621\/","title":{"rendered":"Czternasta emerytura 2026. ZUS poda\u0142 terminy i kwoty wyp\u0142at : Lublin112 \u2013 Wiadomo\u015bci z Lublina i regionu. Wa\u017cne informacje z kraju"},"content":{"rendered":"<p>Czternasta emerytura zostanie przekazana razem z podstawow\u0105 emerytur\u0105 lub rent\u0105 \u2013 jednym przelewem albo przekazem pocztowym. Pierwsze wyp\u0142aty rusz\u0105 pod koniec sierpnia i trafi\u0105 do os\u00f3b, kt\u00f3re otrzymuj\u0105 swoje \u015bwiadczenia w terminie przypadaj\u0105cym na 1 wrze\u015bnia.<\/p>\n<p>Kolejne p\u0142atno\u015bci ZUS zrealizuje w terminach przypadaj\u0105cych na 6, 10, 15, 20 i 25 wrze\u015bnia. Osoby pobieraj\u0105ce \u015bwiadczenia przedemerytalne otrzymaj\u0105 dodatkowe pieni\u0105dze do 1 pa\u017adziernika.<\/p>\n<p>Seniorzy nie musz\u0105 sk\u0142ada\u0107 \u017cadnych dokument\u00f3w. ZUS przyzna i wyp\u0142aci czternast\u0105 emerytur\u0119 automatycznie.<\/p>\n<p>Ile wyniesie czternasta emerytura?<\/p>\n<p>Pe\u0142na kwota tegorocznego \u015bwiadczenia to 1978,49 z\u0142 brutto. Otrzymaj\u0105 j\u0105 osoby, kt\u00f3rych emerytura lub renta nie przekracza 2900 z\u0142 brutto.<\/p>\n<p>W przypadku wy\u017cszych \u015bwiadcze\u0144 obowi\u0105zuje zasada \u201ez\u0142ot\u00f3wka za z\u0142ot\u00f3wk\u0119\u201d. Kwota czternastej emerytury zostanie wi\u0119c pomniejszona o sum\u0119, o jak\u0105 podstawowa emerytura lub renta przekracza pr\u00f3g 2900 z\u0142 brutto.<\/p>\n<p>Przyk\u0142adowo osoba pobieraj\u0105ca emerytur\u0119 w wysoko\u015bci 3500 z\u0142 brutto otrzyma 1378,49 z\u0142 brutto dodatkowego \u015bwiadczenia.<\/p>\n<p>Kto nie otrzyma dodatkowych pieni\u0119dzy?<\/p>\n<p>ZUS nie wyp\u0142aci czternastej emerytury, je\u017celi po zastosowaniu pomniejszenia jej kwota by\u0142aby ni\u017csza ni\u017c 50 z\u0142 brutto. Oznacza to, \u017ce \u015bwiadczenia nie otrzymaj\u0105 osoby, kt\u00f3rych emerytura lub renta przekracza 4828,49 z\u0142 brutto.<\/p>\n<p>Czternastka nie przys\u0142uguje r\u00f3wnie\u017c osobom, kt\u00f3re 31 sierpnia b\u0119d\u0105 mia\u0142y zawieszone prawo do wyp\u0142aty emerytury lub renty.<\/p>\n<p>Od dodatkowego \u015bwiadczenia ZUS pobierze sk\u0142adk\u0119 zdrowotn\u0105 oraz zaliczk\u0119 na podatek dochodowy \u2013 na takich samych zasadach jak w przypadku emerytury lub renty. Czternasta emerytura jest natomiast wolna od pozosta\u0142ych potr\u0105ce\u0144 i egzekucji komorniczej. Nie wp\u0142ynie r\u00f3wnie\u017c na prawo do \u015bwiadcze\u0144 uzale\u017cnionych od dochodu.<\/p>\n<p><img loading=\"lazy\" decoding=\"async\" class=\"alignnone size-medium wp-image-523443\" src=\"https:\/\/www.europesays.com\/pl\/wp-content\/uploads\/2026\/08\/czternastka-ZUS-2026-640x360.png\" alt=\"Czternasta emerytura 2026. ZUS poda\u0142 terminy i kwoty wyp\u0142at\" width=\"500\" height=\"281\"  \/><\/p>\n<p>\u0179r\u00f3d\u0142o: ZUS<\/p>\n","protected":false},"excerpt":{"rendered":"Czternasta emerytura zostanie przekazana razem z podstawow\u0105 emerytur\u0105 lub rent\u0105 \u2013 jednym przelewem albo przekazem pocztowym. Pierwsze wyp\u0142aty&hellip;\n","protected":false},"author":2,"featured_media":629622,"comment_status":"","ping_status":"","sticky":false,"template":"","format":"standard","meta":{"footnotes":"","_share_on_mastodon":"0"},"categories":[51612],"tags":[27571,5698,661,79146,1081,42,38,40,39,41,5699,2469,123911,660],"class_list":["post-629621","post","type-post","status-publish","format-standard","has-post-thumbnail","category-lublin","tag-czternasta-emerytura","tag-czternastka","tag-emeryci","tag-emerytura-2026","tag-lublin","tag-pl","tag-poland","tag-polish","tag-polska","tag-polski","tag-rencisci","tag-swiadczenia","tag-wyplaty-we-wrzesniu","tag-zus"],"share_on_mastodon":{"url":"https:\/\/pubeurope.com\/@pl\/117115604309004659","error":""},"_links":{"self":[{"href":"https:\/\/www.europesays.com\/pl\/wp-json\/wp\/v2\/posts\/629621","targetHints":{"allow":["GET"]}}],"collection":[{"href":"https:\/\/www.europesays.com\/pl\/wp-json\/wp\/v2\/posts"}],"about":[{"href":"https:\/\/www.europesays.com\/pl\/wp-json\/wp\/v2\/types\/post"}],"author":[{"embeddable":true,"href":"https:\/\/www.europesays.com\/pl\/wp-json\/wp\/v2\/users\/2"}],"replies":[{"embeddable":true,"href":"https:\/\/www.europesays.com\/pl\/wp-json\/wp\/v2\/comments?post=629621"}],"version-history":[{"count":0,"href":"https:\/\/www.europesays.com\/pl\/wp-json\/wp\/v2\/posts\/629621\/revisions"}],"wp:featuredmedia":[{"embeddable":true,"href":"https:\/\/www.europesays.com\/pl\/wp-json\/wp\/v2\/media\/629622"}],"wp:attachment":[{"href":"https:\/\/www.europesays.com\/pl\/wp-json\/wp\/v2\/media?parent=629621"}],"wp:term":[{"taxonomy":"category","embeddable":true,"href":"https:\/\/www.europesays.com\/pl\/wp-json\/wp\/v2\/categories?post=629621"},{"taxonomy":"post_tag","embeddable":true,"href":"https:\/\/www.europesays.com\/pl\/wp-json\/wp\/v2\/tags?post=629621"}],"curies":[{"name":"wp","href":"https:\/\/api.w.org\/{rel}","templated":true}]}}