{"id":630091,"date":"2026-08-18T12:55:14","date_gmt":"2026-08-18T12:55:14","guid":{"rendered":"https:\/\/www.europesays.com\/pl\/630091\/"},"modified":"2026-08-18T12:55:14","modified_gmt":"2026-08-18T12:55:14","slug":"regiojet-planuje-nowe-polaczenia-z-warszawy-noca-pojedziemy-w-alpy-beda-tez-nowe-kursy-do-pragi","status":"publish","type":"post","link":"https:\/\/www.europesays.com\/pl\/630091\/","title":{"rendered":"RegioJet planuje nowe po\u0142\u0105czenia z Warszawy. Noc\u0105 pojedziemy w Alpy. B\u0119d\u0105 te\u017c nowe kursy do Pragi"},"content":{"rendered":"<p class=\"componentsListsTableOfContents__title\">Spis tre\u015bci<\/p>\n<p style=\"text-align: null;\">Najciekawiej zapowiada si\u0119 planowane po\u0142\u0105czenie Warszawa Wschodnia \u2013 Sankt Anton am Arlberg w Austrii, znanego o\u015brodka narciarskiego w Alpach Tyrolskich. RegioJet chce uruchomi\u0107 jedn\u0105 par\u0119 poci\u0105g\u00f3w dziennie. <a href=\"https:\/\/warszawa.naszemiasto.pl\/pociag-pojedzie-prosto-pod-hale-odlotow-11-firm-chce-zbudowac-kolej-do-lotniska-modlin-kto-to-zrobi-i-kiedy\/ar\/c1p2-29215627\" title=\"\" rel=\"nofollow noopener\" target=\"_blank\">Trasa znalaz\u0142a si\u0119 w powiadomieniu z\u0142o\u017conym<\/a> przez przewo\u017anika do Urz\u0119du Transportu Kolejowego.<\/p>\n<p style=\"text-align: null;\">Poci\u0105g z Warszawy Wschodniej mia\u0142by odje\u017cd\u017ca\u0107 o 19.35. Do Sankt Anton w Tyroli dociera\u0142by nast\u0119pnego dnia o 12.00. Podr\u00f3\u017c trwa\u0142aby 16 godzin i 25 minut.<\/p>\n<p style=\"text-align: null;\">Po drodze sk\u0142ad zatrzymywa\u0142by si\u0119 mi\u0119dzy innymi na Warszawie Centralnej i Warszawie Zachodniej, a tak\u017ce w Opocznie Po\u0142udniowym, W\u0142oszczowie P\u00f3\u0142nocnej, Zawierciu, D\u0105browie G\u00f3rniczej, Sosnowcu, Katowicach, Tychach i Pszczynie.<\/p>\n<p style=\"text-align: null;\">P\u00f3\u017aniej poci\u0105g pojecha\u0142by przez Czechy i Austri\u0119. Na trasie zaplanowano mi\u0119dzy innymi Bohum\u00edn, Ostraw\u0119, Wiede\u0144, Linz, Salzburg, Bischofshofen, Zell am See, Kitzb\u00fchel, W\u00f6rgl i Innsbruck. Fani skok\u00f3w narciarskich na pewno zwr\u00f3c\u0105 uwag\u0119 na Bischofshofen i Innsbruck, gdzie odbywaj\u0105 si\u0119 zawody w ramach Turnieju Czterech Skoczni.<\/p>\n<p style=\"text-align: null;\">W drog\u0119 powrotn\u0105 sk\u0142ad rusza\u0142by ze Sankt Anton o 16.20. Do Warszawy Wschodniej dociera\u0142by nast\u0119pnego dnia o 8.55.<\/p>\n<p style=\"text-align: null;\">Dla Warszawiak\u00f3w oznacza\u0142oby to mo\u017cliwo\u015b\u0107 wieczornego wyjazdu ze stolicy i dotarcia nast\u0119pnego dnia w austriackie Alpy. Sankt Anton am Arlberg to jeden z najbardziej znanych kurort\u00f3w narciarskich w Austrii.<\/p>\n<p>    <a class=\"componentsRecommendationsSingleArticle__link\" href=\"https:\/\/warszawa.naszemiasto.pl\/nad-baltyk-bez-samochodu-flixbus-zabiera-podroznych-do-popularnych-i-spokojnych-kurortow\/ar\/c1p2-29222887\" data-ec=\"componentsRecommendationsSingleArticle\" data-event-position-el=\"link\" data-ecp=\"url=https:\/\/warszawa.naszemiasto.pl\/nad-baltyk-bez-samochodu-flixbus-zabiera-podroznych-do-popularnych-i-spokojnych-kurortow\/ar\/c1p2-29222887,title=Nad Ba&#x142;tyk bez samochodu. FlixBus zabiera podr&#xF3;&#x17C;nych do spokojnych kurort&#xF3;w\" rel=\"nofollow noopener\" target=\"_blank\"><img decoding=\"async\" class=\"componentsRecommendationsSingleArticle__tileImg\" loading=\"lazy\" src=\"https:\/\/www.europesays.com\/pl\/wp-content\/uploads\/2026\/08\/il20260729_972710269_small.jpg\" data-image-type=\"articles\" alt=\"Nad Ba&#x142;tyk bez samochodu. FlixBus zabiera podr&#xF3;&#x17C;nych do spokojnych kurort&#xF3;w\"\/>Nad Ba\u0142tyk bez samochodu. FlixBus zabiera podr\u00f3\u017cnych do spokojnych kurort\u00f3w<\/p>\n<p class=\"componentsRecommendationsSingleArticle__lead\">Urlop nad Ba\u0142tykiem nie musi zaczyna\u0107 si\u0119 od jazdy samochodem i szukania p\u0142atnego miejsca parkingowego w zat\u0142oczonym kurorcie. Dzi\u0119ki szerokiej siatce po\u0142\u0105cze\u0144 FlixBusa podr\u00f3\u017cni z r\u00f3\u017cnych cz\u0119\u015bci Polsk&#8230;<\/p>\n<p><img decoding=\"async\" class=\"atomsPartialImageAvatar atomsPartialImageAvatar--textSubtle\" data-event-position-context=\"atomsPartialImageAvatar\" alt=\"J&#x119;drzej Cichocki\" width=\"24\" height=\"24\" src=\"https:\/\/www.europesays.com\/pl\/wp-content\/uploads\/2026\/08\/1787057711_746_69c5305f38b13_icon.jpg\" loading=\"lazy\"\/>J\u0119drzej Cichocki<\/a><\/p>\n<p style=\"text-align: null;\">Drugim planowanym po\u0142\u0105czeniem ze stolicy jest trasa Warszawa Wschodnia \u2013 Praha Zahradn\u00ed M\u011bsto.<\/p>\n<p style=\"text-align: null;\">Poci\u0105g mia\u0142by odje\u017cd\u017ca\u0107 z Warszawy o 10.00, a do Pragi dociera\u0107 o 18.32. Podr\u00f3\u017c trwa\u0142aby 8 godzin i 32 minuty.<\/p>\n<p style=\"text-align: null;\">Po drodze sk\u0142ad zatrzymywa\u0142by si\u0119 mi\u0119dzy innymi na Warszawie Centralnej i Zachodniej, w Opocznie Po\u0142udniowym, W\u0142oszczowie P\u00f3\u0142nocnej, Zawierciu, D\u0105browie G\u00f3rniczej, Sosnowcu, Katowicach i Tychach.<\/p>\n<p style=\"text-align: null;\">Po czeskiej stronie na li\u015bcie znalaz\u0142y si\u0119 mi\u0119dzy innymi Bohum\u00edn, Ostrava hl.n., Ostrava-Svinov, Hranice na Morav\u011b, Olomouc hl.n., Z\u00e1b\u0159eh na Morav\u011b, \u010cesk\u00e1 T\u0159ebov\u00e1 i Pardubice hl.n. Poci\u0105g zatrzymywa\u0142by si\u0119 r\u00f3wnie\u017c na stacji Praha hl.n.<\/p>\n<p style=\"text-align: null;\">W przeciwnym kierunku wyjazd z Praha Zahradn\u00ed M\u011bsto zaplanowano na 9.22. Do Warszawy Wschodniej poci\u0105g przyje\u017cd\u017ca\u0142by o 18.00, a podr\u00f3\u017c trwa\u0142aby 8 godzin i 38 minut.<\/p>\n<p>                                                                                  <img decoding=\"async\" class=\"atomsArticleImage__image\" loading=\"lazy\" src=\"https:\/\/www.europesays.com\/pl\/wp-content\/uploads\/2026\/08\/260818104c_974153307_large.jpg\" alt=\"Charakterystyczny &#x17C;&#xF3;&#x142;ty poci&#x105;g RegioJet.\"\/><\/p>\n<p>Charakterystyczny \u017c\u00f3\u0142ty poci\u0105g RegioJet.<\/p>\n<p>        RegioJet    <\/p>\n<p style=\"text-align: null;\">Przewo\u017anik z\u0142o\u017cy\u0142 do Urz\u0119du Transportu Kolejowego \u0142\u0105cznie cztery powiadomienia dotycz\u0105ce nowych mi\u0119dzynarodowych przewoz\u00f3w.<\/p>\n<p style=\"text-align: null;\">Czwarta planowana trasa to Przemy\u015bl \u2013 Wiede\u0144. Po drodze zatrzymywa\u0142by si\u0119 mi\u0119dzy innymi w Rzeszowie G\u0142\u00f3wnym i Krakowie G\u0142\u00f3wnym.<\/p>\n<p style=\"text-align: null;\">Do obs\u0142ugi planowanych po\u0142\u0105cze\u0144 RegioJet przewidzia\u0142 lokomotywy Alstom TRAXX 3 F160 MS oraz Siemens Vectron X4.<\/p>\n<p style=\"text-align: null;\">Sk\u0142ady mia\u0142yby liczy\u0107 12 wagon\u00f3w typ\u00f3w Amz, ABmz i Bmz. W wybranych wagonach ma by\u0107 r\u00f3wnie\u017c mo\u017cliwy przew\u00f3z os\u00f3b z niepe\u0142nosprawno\u015bciami, w tym os\u00f3b poruszaj\u0105cych si\u0119 na w\u00f3zkach inwalidzkich.<\/p>\n<p>                                                                                  <img decoding=\"async\" class=\"atomsArticleImage__image\" loading=\"lazy\" src=\"https:\/\/www.europesays.com\/pl\/wp-content\/uploads\/2026\/08\/2608181187_974154583_large.jpg\" alt=\"RegioJet rozwija swoj&#x105; sie&#x107; w Polsce\"\/><\/p>\n<p>RegioJet rozwija swoj\u0105 sie\u0107 w Polsce<\/p>\n<p>        RegioJet    <\/p>\n<p style=\"text-align: null;\">Planowane po\u0142\u0105czenia mia\u0142yby by\u0107 realizowane codziennie w rocznych rozk\u0142adach jazdy od 2027 do 2032 roku.<\/p>\n<p style=\"text-align: null;\">Na razie nie oznacza to jednak, \u017ce nowe poci\u0105gi s\u0105 ju\u017c pewne. RegioJet z\u0142o\u017cy\u0142 do Urz\u0119du Transportu Kolejowego powiadomienia dotycz\u0105ce planowanego uruchomienia komercyjnych przewoz\u00f3w pasa\u017cerskich. <a href=\"https:\/\/warszawa.naszemiasto.pl\/kiedy-ruszy-wielka-rozbudowa-autostrady-lodz-warszawa-kierowcy-odetchna-do-konca-wakacji-znamy-termin-startu-prac\/ar\/c1p2-29272795\" title=\"\" rel=\"nofollow noopener\" target=\"_blank\">Szczeg\u00f3\u0142y po\u0142\u0105cze\u0144<\/a> mog\u0105 wi\u0119c jeszcze ulec zmianie.<\/p>\n<p style=\"text-align: null;\">Je\u015bli plany zostan\u0105 zrealizowane, Warszawa zyska dwa nowe bezpo\u015brednie kierunki zagraniczne. Szczeg\u00f3lnie ciekawie wygl\u0105da nocny poci\u0105g do Austrii. Wieczorny wyjazd ze stolicy i przyjazd nast\u0119pnego dnia w Alpy brzmi jak ca\u0142kiem nowa opcja na zimowy wyjazd.<\/p>\n<p>    <a class=\"componentsRecommendationsSingleArticle__link\" href=\"https:\/\/warszawa.naszemiasto.pl\/wizz-air-otwiera-nowy-kierunek-z-modlina-dla-milionow-ludzi-to-swiete-miejsce-jest-pelne-sredniowiecznych-zabytkow\/ar\/c7p2-29225045\" data-ec=\"componentsRecommendationsSingleArticle\" data-event-position-el=\"link\" data-ecp=\"url=https:\/\/warszawa.naszemiasto.pl\/wizz-air-otwiera-nowy-kierunek-z-modlina-dla-milionow-ludzi-to-swiete-miejsce-jest-pelne-sredniowiecznych-zabytkow\/ar\/c7p2-29225045,title=Wizz Air otwiera nowy kierunek z Modlina. Dla milion&#xF3;w ludzi to &#x15B;wi&#x119;te miejsce\" rel=\"nofollow noopener\" target=\"_blank\"><img decoding=\"async\" class=\"componentsRecommendationsSingleArticle__tileImg\" loading=\"lazy\" src=\"https:\/\/www.europesays.com\/pl\/wp-content\/uploads\/2026\/08\/il20260730_972742993,size,320x213,crop,0.0000x53.0000x1280.0000x670.0000,h,783684.jpg\" data-image-type=\"articles\" alt=\"Wizz Air otwiera nowy kierunek z Modlina. Dla milion&#xF3;w ludzi to &#x15B;wi&#x119;te miejsce\"\/>Wizz Air otwiera nowy kierunek z Modlina. Dla milion\u00f3w ludzi to \u015bwi\u0119te miejsce<\/p>\n<p class=\"componentsRecommendationsSingleArticle__lead\">W\u0119gierskie tanie linie lotnicze Wizz Air wprowadzaj\u0105 do swojej oferty kierunek, do kt\u00f3rego dotychczas nie by\u0142o bezpo\u015brednich po\u0142\u0105cze\u0144 z Polski. Z lotniska Warszawa-Modlin b\u0119dziemy mogli polecie\u0107 do mi&#8230;<\/p>\n<p><img decoding=\"async\" class=\"atomsPartialImageAvatar atomsPartialImageAvatar--textSubtle\" data-event-position-context=\"atomsPartialImageAvatar\" alt=\"Maciej Koprowicz\" width=\"24\" height=\"24\" src=\"https:\/\/www.europesays.com\/pl\/wp-content\/uploads\/2026\/08\/1787057714_593_672e38002f00f_icon.jpg\" loading=\"lazy\"\/>Maciej Koprowicz<\/a><\/p>\n","protected":false},"excerpt":{"rendered":"Spis tre\u015bci Najciekawiej zapowiada si\u0119 planowane po\u0142\u0105czenie Warszawa Wschodnia \u2013 Sankt Anton am Arlberg w Austrii, znanego o\u015brodka&hellip;\n","protected":false},"author":2,"featured_media":630092,"comment_status":"","ping_status":"","sticky":false,"template":"","format":"standard","meta":{"footnotes":"","_share_on_mastodon":"0"},"categories":[51605],"tags":[124008,102653,42,102673,124007,38,40,39,41,1196,108164,435],"class_list":["post-630091","post","type-post","status-publish","format-standard","has-post-thumbnail","category-warszawa","tag-kolej-warszawa","tag-komunikacja-warszawa","tag-pl","tag-pociagi-warszawa","tag-podroze-z-warszawy","tag-poland","tag-polish","tag-polska","tag-polski","tag-regiojet","tag-transport-warszawa","tag-warszawa"],"share_on_mastodon":{"url":"https:\/\/pubeurope.com\/@pl\/117116623008550285","error":""},"_links":{"self":[{"href":"https:\/\/www.europesays.com\/pl\/wp-json\/wp\/v2\/posts\/630091","targetHints":{"allow":["GET"]}}],"collection":[{"href":"https:\/\/www.europesays.com\/pl\/wp-json\/wp\/v2\/posts"}],"about":[{"href":"https:\/\/www.europesays.com\/pl\/wp-json\/wp\/v2\/types\/post"}],"author":[{"embeddable":true,"href":"https:\/\/www.europesays.com\/pl\/wp-json\/wp\/v2\/users\/2"}],"replies":[{"embeddable":true,"href":"https:\/\/www.europesays.com\/pl\/wp-json\/wp\/v2\/comments?post=630091"}],"version-history":[{"count":0,"href":"https:\/\/www.europesays.com\/pl\/wp-json\/wp\/v2\/posts\/630091\/revisions"}],"wp:featuredmedia":[{"embeddable":true,"href":"https:\/\/www.europesays.com\/pl\/wp-json\/wp\/v2\/media\/630092"}],"wp:attachment":[{"href":"https:\/\/www.europesays.com\/pl\/wp-json\/wp\/v2\/media?parent=630091"}],"wp:term":[{"taxonomy":"category","embeddable":true,"href":"https:\/\/www.europesays.com\/pl\/wp-json\/wp\/v2\/categories?post=630091"},{"taxonomy":"post_tag","embeddable":true,"href":"https:\/\/www.europesays.com\/pl\/wp-json\/wp\/v2\/tags?post=630091"}],"curies":[{"name":"wp","href":"https:\/\/api.w.org\/{rel}","templated":true}]}}