{"id":63011,"date":"2025-10-22T18:07:08","date_gmt":"2025-10-22T18:07:08","guid":{"rendered":"https:\/\/www.europesays.com\/pl\/63011\/"},"modified":"2025-10-22T18:07:08","modified_gmt":"2025-10-22T18:07:08","slug":"iordanescu-przerwal-mileczenie-oglasza-ws-odejscia-z-legii-pilka-nozna","status":"publish","type":"post","link":"https:\/\/www.europesays.com\/pl\/63011\/","title":{"rendered":"Iordanescu przerwa\u0142 mileczenie! Og\u0142asza ws. odej\u015bcia z Legii Pi\u0142ka no\u017cna"},"content":{"rendered":"<p class=\"art_paragraph\">W ostatinm czasie jest bardzo g\u0142o\u015bno wok\u00f3\u0142 sytuacji Legii Warszawa. Po pora\u017cce 1:3 z Zag\u0142\u0119biem Lubin cz\u0119\u015b\u0107 <a href=\"https:\/\/www.sport.pl\/kibice#anchorLink\" rel=\"nofollow noopener\" target=\"_blank\">kibic\u00f3w<\/a> i ekspert\u00f3w nie wytrzyma\u0142a i wskaza\u0142a Edwarda Iordanescu jako g\u0142\u00f3wnego winowajce. Zacz\u0119to si\u0119 domaga\u0107 tak\u017ce g\u0142owy rumu\u0144skiego trenera.<\/p>\n<p>\n    Zobacz wideo \u017belazny ostro o sytuacji w Legii Warszawa: Kto\u015b tam chyba oszala\u0142\n  <\/p>\n<p> Zamieszanie wok\u00f3\u0142 Edwarda Iordanescu w Legii<\/p>\n<p class=\"art_paragraph\">Jeszcze g\u0142o\u015bniej zrobi\u0142o si\u0119 po doniesieniach medi\u00f3w, \u017ce szkoleniowiec mia\u0142 odwo\u0142a\u0107 wtorkowy trening i zakomunikowa\u0107, \u017ce jest gotowy poda\u0107 si\u0119 do dymisji. Klub te informacje dementowa\u0142, \u017ce wolne by\u0142o zaplanowane, a \u017cadnej dymisji nie by\u0142o. Mimo to wok\u00f3\u0142 zespo\u0142u wci\u0105\u017c jest napi\u0119ta atmosfera.<\/p>\n<p class=\"art_paragraph\">W \u015brod\u0119 <a href=\"https:\/\/www.sport.pl\/pilka\/7,65039,32344865,koniec-spekulacji-zewlakow-oglosil-kto-poprowadzi-druzyne.html\" class=\"art_link\" rel=\"dofollow noopener\" target=\"_blank\">Micha\u0142 \u017bew\u0142akow spotka\u0142 si\u0119 z dziennikarzami<\/a> i oznajmi\u0142, \u017ce na razie \u017cadna decyzja nie zostanie podj\u0119ta. &#8211; We wtorek zn\u00f3w odbyli\u015bmy spotkanie z Edwardem Iordanescu. Przekaza\u0142em mu, co ja my\u015bl\u0119. Te\u017c potrzebuj\u0119 czasu, \u017ceby to przemy\u015ble\u0107, dlatego dzi\u015b <a href=\"https:\/\/www.sport.pl\/pilka\/7,65044,32188904,stalo-sie-wieczysta-z-absolutnym-hitem-transferowym-trener.html#anchorLink\" rel=\"nofollow noopener\" target=\"_blank\">trener<\/a> pojecha\u0142 na mecz z Szachtarem. Jeste\u015bmy w kryzysie. Ale ten, kt\u00f3ry prowadzi dru\u017cyn\u0119, musi mie\u0107 szans\u0119, \u017ceby z niego wyj\u015b\u0107. Media pisa\u0142y, \u017ce z\u0142o\u017cy\u0142 dymisj\u0119, ale nic takiego nie mia\u0142o miejsca. Omawiali\u015bmy pewne scenariusze, kt\u00f3re mog\u0105, ale nie musz\u0105 si\u0119 wydarzy\u0107. Mam zaufanie do Edwarda Iordanescu &#8211; o\u015bwiadczy\u0142.<\/p>\n<p class=\"art_paragraph\">Zobacz te\u017c: <a href=\"https:\/\/www.sport.pl\/pilka\/7,65039,32343333,legia-warszawa-szykuje-transferowy-hit-promocja-za-utalentowanego.html\" class=\"art_link\" rel=\"dofollow noopener\" target=\"_blank\">Legia Warszawa szykuje transferowy hit! Promocja<\/a><\/p>\n<p class=\"art_paragraph\">Taka atmosfera nie sprzyja przed wa\u017cnym meczem w ramach Ligi Konferencji. Legia Warszawa zmierzy si\u0119 w czwartek z Szachtarem Donieck. Ukrai\u0144cy r\u00f3wnie\u017c szeroko rozpisywali si\u0119 nt. sytuacji polskiej dru\u017cyny.<\/p>\n<p> Edward Iordanescu przem\u00f3wi\u0142 nt. swojej przysz\u0142o\u015bci w Legii<\/p>\n<p class=\"art_paragraph\">W \u015brod\u0119 odby\u0142a si\u0119 przedmeczowa konferencja prasowa z udzia\u0142em Edwarda Iordanescu, kt\u00f3ry zabra\u0142 g\u0142os nt. przysz\u0142o\u015bci. &#8211; To nie jest dobry moment i wierz\u0119, \u017ce fani zas\u0142uguj\u0105 na jasn\u0105 odpowied\u017a. Nie chc\u0119 du\u017co m\u00f3wi\u0107 o sobie. Czasem musisz m\u00f3wi\u0107 jako trener, ale to nie jest komfortowe. Jak m\u00f3wi\u0142em na ostatniej konferencji, jestem trenerem z sukcesami klubowymi i reprezentacyjnymi. Du\u017co nad tym pracowa\u0142em, by\u0142em kilkukrotnie nazywany najlepszym trenerem w Rumunii. Walczy\u0142em o trofea i wiem, jak walczy\u0107 o nie. R\u00f3wnie\u017c wiem, co to jest presja. To nie jest komfortowy moment, ale jestem do\u015b\u0107 dojrza\u0142y i dru\u017cyna znajduje si\u0119 na pierwszym miejscu &#8211; zacz\u0105\u0142.<\/p>\n<p class=\"art_paragraph\">&#8211; Po ostatnim spotkaniu z Zag\u0142\u0119biem poprosi\u0142em o spotkanie zarz\u0105d i pokaza\u0142em, \u017ce potrafi\u0119\u00a0podejmowa\u0107 najlepsze decyzje dla klubu i dru\u017cyny. By\u0142a to d\u0142uga rozmowa i r\u00f3wnie\u017c poruszyli\u015bmy bardzo wa\u017cn\u0105 kwesti\u0119 dot. kontraktu. Nie mog\u0119 porusza\u0107 szczeg\u00f3\u0142\u00f3w, ale <a href=\"https:\/\/www.sport.pl\/michal-zewlakow#anchorLink\" rel=\"nofollow noopener\" target=\"_blank\">Micha\u0142 \u017bew\u0142akow<\/a> powiedzia\u0142 niedawno, \u017ce je\u015bli chodzi o aspekty finansowe, to by\u0142o naj\u0142atwiejszy punkt negocjacji. Przyszed\u0142em tutaj dla wyzwa\u0144. Nie by\u0142o pod tym wzgl\u0119dem \u017cadnych negocjacji &#8211; doda\u0142.<\/p>\n<p class=\"art_paragraph\">&#8211; To jest kompleksowy kontrakt i nie chcia\u0142em blokowa\u0107 klubu w podj\u0119ciu najlepszej decyzji, nawet je\u015bli chodzi\u0142oby o zmian\u0119 trenera. Tak jak mieli\u015bmy du\u017co tych dyskusji i do ko\u0144ca mojego kontraktu du\u017co ich b\u0119dziemy mie\u0107. Zawsze interes klubu powinien by\u0107 na pierwszym miejscu. Je\u017celi jestem tu, to my\u015bl\u0119, \u017ce wi\u0119cej informacji powinni\u015bcie otrzyma\u0107 od klubu, bo to by\u0142a jego decyzja &#8211; podkre\u015bli\u0142.<\/p>\n<p class=\"art_paragraph\">Trener podzieli\u0142 si\u0119 tak\u017ce swoimi spostrze\u017ceniami. &#8211; Mam jasn\u0105 konkluzj\u0119 &#8211; rozpocz\u0119li\u015bmy lig\u0119 bardzo dobrze, mimo wyzwa\u0144 i trudno\u015bci &#8211; zdobyli\u015bmy trofeum, grali\u015bmy z kandydatami do tytu\u0142u i nie przegrali\u015bmy. Zakwalifikowali\u015bmy si\u0119 do Europy, ale zgadzam si\u0119 dwa ostatnie spotkania zmieni\u0142y percepcj\u0119. Stracili\u015bmy pewno\u015b\u0107 kibic\u00f3w i wszyscy s\u0105 sceptyczni co do przysz\u0142o\u015bci &#8211; kontynuowa\u0142.<\/p>\n<p class=\"art_paragraph\">&#8211; Patrz\u0105c na ca\u0142\u0105 moj\u0105 karier\u0119 to jest okres, w kt\u00f3rym\u00a0mia\u0142em najmniej szcz\u0119\u015bcia. To nie jest koniec pracy z dru\u017cyn\u0105 &#8211; to jest proces. Potrzebujemy wiele korekt, ale jestem pewien, \u017ce prawdziwa twarz Legii to s\u0105 te momenty dobre z kandydatami do tytu\u0142u, a nie nasze ostatnie dwa spotkania. Dwa mecze wystarczy\u0142y, aby zniszczy\u0107 wszystko &#8211; zako\u0144czy\u0142.<\/p>\n<p> Kiedy mecz Szachtar &#8211; Legia?<\/p>\n<p class=\"art_paragraph\">Po pierwszej kolejce fazy ligowej Ligi Konferencji Legia ma zero punkt\u00f3w. Wojskowi polegli z Samsunsporem, graj\u0105c w rezerwowym sk\u0142adzie. Z kolei Szachtar pokona\u0142 Aberdeen 3:2. Oba zespo\u0142y mierzy\u0142y si\u0119 tylko raz w el. do LM 2006\/07. W\u00f3wczas g\u00f3r\u0105 w tym dwumeczu by\u0142 Szachtar, wygrywaj\u0105c 1:0 i 3:2.<\/p>\n<p class=\"art_paragraph\">Mecz <a href=\"https:\/\/wyniki.sport.pl\/pilka-nozna\/Superliga-46\/#anchorLink\" rel=\"nofollow noopener\" target=\"_blank\">Szachtar Donieck<\/a> &#8211; Legia Warszawa odb\u0119dzie si\u0119 w czwartek 23 pa\u017adziernika. Pocz\u0105tek tego spotkania o godz. 18:45. Transmisj\u0119 na \u017cywo z tego pojedynku b\u0119dzie mo\u017cna \u015bledzi\u0107 na sportowych kana\u0142ach Polsatu oraz online m.in. na Polsat Box Go (po wykupieniu odpowiedniego pakietu). Tekstowa relacja b\u0119dzie dost\u0119pna r\u00f3wnie\u017c na stronie Sport.pl i w aplikacji Sport.pl LIVE.<\/p>\n","protected":false},"excerpt":{"rendered":"W ostatinm czasie jest bardzo g\u0142o\u015bno wok\u00f3\u0142 sytuacji Legii Warszawa. Po pora\u017cce 1:3 z Zag\u0142\u0119biem Lubin cz\u0119\u015b\u0107 kibic\u00f3w&hellip;\n","protected":false},"author":2,"featured_media":63012,"comment_status":"","ping_status":"","sticky":false,"template":"","format":"standard","meta":{"footnotes":""},"categories":[24],"tags":[42,38,40,39,41,127,126],"class_list":{"0":"post-63011","1":"post","2":"type-post","3":"status-publish","4":"format-standard","5":"has-post-thumbnail","7":"category-sport","8":"tag-pl","9":"tag-poland","10":"tag-polish","11":"tag-polska","12":"tag-polski","13":"tag-sport","14":"tag-sports"},"share_on_mastodon":{"url":"","error":""},"_links":{"self":[{"href":"https:\/\/www.europesays.com\/pl\/wp-json\/wp\/v2\/posts\/63011","targetHints":{"allow":["GET"]}}],"collection":[{"href":"https:\/\/www.europesays.com\/pl\/wp-json\/wp\/v2\/posts"}],"about":[{"href":"https:\/\/www.europesays.com\/pl\/wp-json\/wp\/v2\/types\/post"}],"author":[{"embeddable":true,"href":"https:\/\/www.europesays.com\/pl\/wp-json\/wp\/v2\/users\/2"}],"replies":[{"embeddable":true,"href":"https:\/\/www.europesays.com\/pl\/wp-json\/wp\/v2\/comments?post=63011"}],"version-history":[{"count":0,"href":"https:\/\/www.europesays.com\/pl\/wp-json\/wp\/v2\/posts\/63011\/revisions"}],"wp:featuredmedia":[{"embeddable":true,"href":"https:\/\/www.europesays.com\/pl\/wp-json\/wp\/v2\/media\/63012"}],"wp:attachment":[{"href":"https:\/\/www.europesays.com\/pl\/wp-json\/wp\/v2\/media?parent=63011"}],"wp:term":[{"taxonomy":"category","embeddable":true,"href":"https:\/\/www.europesays.com\/pl\/wp-json\/wp\/v2\/categories?post=63011"},{"taxonomy":"post_tag","embeddable":true,"href":"https:\/\/www.europesays.com\/pl\/wp-json\/wp\/v2\/tags?post=63011"}],"curies":[{"name":"wp","href":"https:\/\/api.w.org\/{rel}","templated":true}]}}