{"id":630301,"date":"2026-08-18T14:55:09","date_gmt":"2026-08-18T14:55:09","guid":{"rendered":"https:\/\/www.europesays.com\/pl\/630301\/"},"modified":"2026-08-18T14:55:09","modified_gmt":"2026-08-18T14:55:09","slug":"berek-moze-wejsc-do-tk-istnieje-sposob-na-obalenie-swieczkowskiego","status":"publish","type":"post","link":"https:\/\/www.europesays.com\/pl\/630301\/","title":{"rendered":"Berek mo\u017ce wej\u015b\u0107 do TK. Istnieje spos\u00f3b na obalenie \u015awi\u0119czkowskiego"},"content":{"rendered":"<p>\n        Im bowiem bli\u017cej wybor\u00f3w, tym s\u0142owa maj\u0105 mniejsz\u0105 wag\u0119, a coraz bardziej liczy si\u0119 skuteczno\u015b\u0107. Nawet je\u015bli oznacza to wchodzenie w buty PiS.\n    <\/p>\n<p>        Czy Berek znajdzie wi\u0119kszo\u015b\u0107?<\/p>\n<p>\n        Premier Donald Tusk o tym, \u017ce b\u0119dzie chcia\u0142, aby Berek trafi\u0142 do TK, powiedzia\u0142 jedynie gronu najbli\u017cszych wsp\u00f3\u0142pracownik\u00f3w, a tak\u017ce koalicjantom: W\u0142adys\u0142awowi Kosiniakowi-Kamyszowi i W\u0142odzimierzowi Czarzastemu. Wi\u0119kszo\u015b\u0107 ministr\u00f3w nic nie wiedzia\u0142a \u2014 byli w szoku.\n    <\/p>\n<p>\n        Dzi\u015b jeszcze nie wiadomo, czy Berek znajdzie wi\u0119kszo\u015b\u0107 w Sejmie. Jest to mo\u017cliwe, cho\u0107 nie\u0142atwe. Decyzji w klubach koalicyjnych zwyczajnie nie ma. Do wyboru potrzebna jest wi\u0119kszo\u015b\u0107 bezwzgl\u0119dna (wi\u0119cej g\u0142os\u00f3w na &#8222;tak&#8221; ni\u017c wszystkich innych oddanych) \u2014 a nie zwyk\u0142a (najwi\u0119cej na &#8222;tak&#8221;).\n    <\/p>\n<p>\n        Koalicja Obywatelska b\u0119dzie zdyscyplinowana \u2014 zag\u0142osuje za Berkiem. PSL jest lojalne wobec premiera \u2014 najpewniej zag\u0142osuje &#8222;za&#8221;.\n    <\/p>\n<p>\n        Nowa Lewica jest rozgadana i rozdarta. Marsza\u0142ek W\u0142odzimierz Czarzasty m\u00f3wi (w wywiadzie dla WP), \u017ce &#8222;zobaczymy&#8221;. Ale \u2014 wida\u0107 to wyra\u017anie \u2014 sam jest za tym, aby Berka poprze\u0107. Inni \u2014 jak szefowa klubu Anna Maria \u017bukowska i wiceszef Tomasz Trela \u2014 s\u0105 przeciw. Wi\u0119kszo\u015b\u0107 klubu wykorzystuje okazj\u0119, by siedzie\u0107 cicho. Ostatecznie zapewne Czarzasty przekona pos\u0142\u00f3w lewicy, by byli za Berkiem.\n    <\/p>\n<p>\n        Polska 2050 te\u017c jest rozdarta. Ale g\u0142osy z tej partii s\u0105 raczej pozytywne \u2014 Micha\u0142 Gramatyka i Bartosz Romowicz publicznie m\u00f3wi\u0105, \u017ce oczywi\u015bcie b\u0119d\u0105 &#8222;za&#8221;.\n    <\/p>\n<p>\n        Klub Centrum \u2014 b\u0119dzie za, bo jest lojalny wobec Tuska.\n    <\/p>\n<p>\n        Najbardziej wi\u0119c prawdopodobne jest, \u017ce cz\u0119\u015b\u0107 pos\u0142\u00f3w ponarzeka, ale ostatecznie zag\u0142osuje &#8222;za&#8221;. Bez rado\u015bci, ale b\u0119d\u0105 za Berkiem lub po prostu nie b\u0119d\u0105 utrudnia\u0107 jego wyboru na s\u0119dziego TK.\n    <\/p>\n<p>\n        \u2014 B\u0119dzie troch\u0119 problem\u00f3w, ale przewalczymy Berka w Sejmie \u2014 m\u00f3wi jeden z wa\u017cnych polityk\u00f3w obozu rz\u0105dz\u0105cego.\n    <\/p>\n<p>        Czy prezydent odbierze \u015blubowanie?<\/p>\n<p>\n        \u2014 Nikogo w koalicji to nie obchodzi \u2014 m\u00f3wi od razu jeden z naszych rozm\u00f3wc\u00f3w z koalicji. Linia obozu rz\u0105dz\u0105cego jest bowiem taka, \u017ce prezydent nie musi wcale osobi\u015bcie odbiera\u0107 \u015blubowa\u0144 \u2014 wystarczy, \u017ce wybrani przez Sejm s\u0119dziowie z\u0142o\u017c\u0105 \u015blubowanie z formu\u0142\u0105 &#8222;wobec prezydenta&#8221;.\n    <\/p>\n<p>\n        Prezydent mo\u017ce jednak zrobi\u0107 to u siebie w Pa\u0142acu. Szef Kancelarii Prezydenta Zbigniew Bogucki ju\u017c m\u00f3wi\u0142, \u017ce je\u015bli nie b\u0119dzie \u017cadnych uchybie\u0144 proceduralnych, to Karol Nawrocki odbierze \u015blubowanie od Berka. Wcze\u015bniej jednak odb\u0119dzie si\u0119 polowanie na takie uchybienia \u2014 a je\u015bli si\u0119 Pa\u0142ac dopatrzy jakiego\u015b, to mo\u017ce odm\u00f3wi\u0107 przyj\u0119cia \u015blubowania w obecno\u015bci prezydenta. Ponadto \u2014 patrz\u0105c na dotychczasow\u0105 praktyk\u0119 Nawrockiego \u2014 mo\u017ce on przeci\u0105ga\u0107 spraw\u0119. Tak zrobi\u0142 wobec prof. S\u0142awomira Patyry, kt\u00f3ry czeka\u0142 dwa miesi\u0105ce, nie maj\u0105c \u017cadnej informacji z Pa\u0142acu, a\u017c w ko\u0144cu dosta\u0142 zaproszenie od prezydenta. Patyra nie sk\u0142ada\u0142 \u2014 tak jak czterech innych wybranych na s\u0119dzi\u00f3w TK przez Sejm \u2014 \u015blubowania bez obecno\u015bci Nawrockiego, cho\u0107 z formu\u0142\u0105 &#8222;wobec prezydenta&#8221;.\n    <\/p>\n<p>\n        Gdyby Patyra zrobi\u0142 to bez niego, to Nawrocki uzna\u0142by go \u2014 tak jak czterech innych \u2014 za niegodnego urz\u0119du s\u0119dziego TK i odm\u00f3wi\u0142by przyj\u0119cia \u015blubowania. O ile Patyrze wystarczy\u0142o cierpliwo\u015bci, to Berek ma inne usposobienie i po ewentualnym wyborze przez Sejm mo\u017ce nie chcie\u0107 czeka\u0107 na to, a\u017c prezydent go zaprosi.\n    <\/p>\n<p>        Czy mo\u017cna przej\u0105\u0107 kontrol\u0119 nad TK?<\/p>\n<p>\n        To te\u017c jest mo\u017cliwe. W TK zasiada obecnie \u2014 licz\u0105c nieuznawanych przez \u015awi\u0119czkowskiego (nazywanego &#8222;Godzill\u0105&#8221;) i prezydenta \u2014 czworo s\u0119dzi\u00f3w, kt\u00f3rym Nawrocki odm\u00f3wi\u0142 przyj\u0119cia \u015blubowania. W sumie z nominacji koalicji rz\u0105dz\u0105cej w TK zasiada siedmioro os\u00f3b. Je\u015bli Berek zostanie wybrany, &#8222;nowych&#8221; s\u0119dzi\u00f3w b\u0119dzie o\u015bmioro, a wi\u0119c wi\u0119kszo\u015b\u0107 w 15-osobowym TK. Ponadto w sk\u0142adzie TK najpewniej s\u0105 buntownicy wobec \u015awi\u0119czkowskiego \u2014 m\u00f3wi si\u0119 o dw\u00f3ch s\u0119dziach. \u0141\u0105cznie w grupie przeciwko \u015awi\u0119czkowskiemu mo\u017ce by\u0107 nawet 10 s\u0119dzi\u00f3w, czyli wymagane kworum Zgromadzenia Og\u00f3lnego.\n    <\/p>\n<p>\n        Ustawa wymaga, aby w Zgromadzeniu Og\u00f3lnym bra\u0142 udzia\u0142 prezes b\u0105d\u017a wiceprezes TK. \u015awi\u0119czkowski z cz\u0119\u015bci\u0105 &#8222;nowych&#8221; s\u0119dzi\u00f3w nie chce nawet siedzie\u0107 przy jednym stole. Natomiast wiceprezes Bart\u0142omiej Socha\u0144ski to by\u0142y polityk PiS \u2014 wci\u0105\u017c identyfikowany jako wierny prezes TK.\n    <\/p>\n<p>\n        Na forum ZO, przy pr\u00f3bie obej\u015bcia \u015awi\u0119czkowskiego i Socha\u0144skiego mo\u017ce si\u0119 rozegra\u0107 walka o kontrol\u0119 nad TK.\n    <\/p>\n<p>\n        Jednym z pierwszych star\u0107 b\u0119dzie g\u0142osowanie nad pozbawieniem \u015awi\u0119czkowskiego immunitetu. Prokuratura chce mu stawia\u0107 zarzuty przekroczenia uprawnie\u0144 w sprawie sprawdzania i kopiowania m.in. materia\u0142\u00f3w pozyskanych dzi\u0119ki Pegasusowi, dotycz\u0105cych Romana Giertycha.\n    <\/p>\n<p>        Czy \u015awi\u0119czkowski mo\u017ce zosta\u0107 usuni\u0119ty z TK?<\/p>\n<p>\n        To mo\u017cliwe, ale bardzo trudne. Niemniej taka \u015bcie\u017cka jest rozwa\u017cana w gronie &#8222;nowych&#8221; s\u0119dzi\u00f3w TK.\n    <\/p>\n<p>Ustawa o TK przewiduje mo\u017cliwo\u015b\u0107 przeprowadzenia post\u0119powania dyscyplinarnego wobec s\u0119dziego TK. Mo\u017cna s\u0105dzi\u0107 s\u0119dziego TK &#8222;za naruszenie przepis\u00f3w prawa, uchybienie godno\u015bci urz\u0119du s\u0119dziego Trybuna\u0142u, naruszenie Kodeksu Etycznego S\u0119dziego Trybuna\u0142u Konstytucyjnego lub inne nieetyczne zachowanie mog\u0105ce podwa\u017ca\u0107 zaufanie do jego bezstronno\u015bci lub niezawis\u0142o\u015bci&#8221;.<\/p>\n<p>\n        Wniosek o wszcz\u0119cie takiego dochodzenia mo\u017ce z\u0142o\u017cy\u0107 inny s\u0119dzia TK. Ale nast\u0119pnie zaczynaj\u0105 si\u0119 schody, bo to wiceprezes TK (Socha\u0144ski \u2014 wierny linii PiS) powinien wylosowa\u0107 rzecznika dyscyplinarnego (&#8222;oskar\u017cyciela&#8221;) i sk\u0142ad s\u0105du dyscyplinarnego. S\u0105d dyscyplinarny (w drugiej instancji to pi\u0119ciu wylosowanych s\u0119dzi\u00f3w) mo\u017ce nawet usun\u0105\u0107 \u015awi\u0119czkowskiego ze sk\u0142adu Trybuna\u0142u. To bardzo trudne \u2014 ale mo\u017cliwe. <\/p>\n","protected":false},"excerpt":{"rendered":"Im bowiem bli\u017cej wybor\u00f3w, tym s\u0142owa maj\u0105 mniejsz\u0105 wag\u0119, a coraz bardziej liczy si\u0119 skuteczno\u015b\u0107. Nawet je\u015bli oznacza&hellip;\n","protected":false},"author":2,"featured_media":630302,"comment_status":"","ping_status":"","sticky":false,"template":"","format":"standard","meta":{"footnotes":"","_share_on_mastodon":"0"},"categories":[62713],"tags":[7976,1345,690,383,8232],"class_list":["post-630301","post","type-post","status-publish","format-standard","has-post-thumbnail","category-donald-tusk","tag-bogdan-swieczkowski","tag-donald-tusk","tag-karol-nawrocki","tag-prawo","tag-trybunal-konstytucyjny"],"share_on_mastodon":{"url":"https:\/\/pubeurope.com\/@pl\/117117093410739406","error":""},"_links":{"self":[{"href":"https:\/\/www.europesays.com\/pl\/wp-json\/wp\/v2\/posts\/630301","targetHints":{"allow":["GET"]}}],"collection":[{"href":"https:\/\/www.europesays.com\/pl\/wp-json\/wp\/v2\/posts"}],"about":[{"href":"https:\/\/www.europesays.com\/pl\/wp-json\/wp\/v2\/types\/post"}],"author":[{"embeddable":true,"href":"https:\/\/www.europesays.com\/pl\/wp-json\/wp\/v2\/users\/2"}],"replies":[{"embeddable":true,"href":"https:\/\/www.europesays.com\/pl\/wp-json\/wp\/v2\/comments?post=630301"}],"version-history":[{"count":0,"href":"https:\/\/www.europesays.com\/pl\/wp-json\/wp\/v2\/posts\/630301\/revisions"}],"wp:featuredmedia":[{"embeddable":true,"href":"https:\/\/www.europesays.com\/pl\/wp-json\/wp\/v2\/media\/630302"}],"wp:attachment":[{"href":"https:\/\/www.europesays.com\/pl\/wp-json\/wp\/v2\/media?parent=630301"}],"wp:term":[{"taxonomy":"category","embeddable":true,"href":"https:\/\/www.europesays.com\/pl\/wp-json\/wp\/v2\/categories?post=630301"},{"taxonomy":"post_tag","embeddable":true,"href":"https:\/\/www.europesays.com\/pl\/wp-json\/wp\/v2\/tags?post=630301"}],"curies":[{"name":"wp","href":"https:\/\/api.w.org\/{rel}","templated":true}]}}