{"id":630411,"date":"2026-08-18T15:58:09","date_gmt":"2026-08-18T15:58:09","guid":{"rendered":"https:\/\/www.europesays.com\/pl\/630411\/"},"modified":"2026-08-18T15:58:09","modified_gmt":"2026-08-18T15:58:09","slug":"zuzel-bedzie-duzo-testow-w-motorze-lublin-lindgren-mowi-o-planie-na-gkm-pobandzie","status":"publish","type":"post","link":"https:\/\/www.europesays.com\/pl\/630411\/","title":{"rendered":"\u017bu\u017cel. B\u0119dzie du\u017co test\u00f3w w Motorze Lublin! Lindgren m\u00f3wi o planie na GKM &#8211; PoBandzie"},"content":{"rendered":"<p>\nPo trudnym pocz\u0105tku sezonu zwi\u0105zanym ze z\u0142amaniem nogi Fredrik Lindgren wraca do gry. Dobr\u0105 dyspozycj\u0119 zaprezentowa\u0142 ju\u017c w meczu wyjazdowym we Wroc\u0142awiu, a w niedzielnym domowym starciu z Uni\u0105 Leszno znacz\u0105co przyczyni\u0142 si\u0119 do zwyci\u0119stwa Motoru Lublin. Czy szwedzki \u017cu\u017clowiec poprowadzi swoj\u0105 dru\u017cyn\u0119 do upragnionego awansu do play-off\u00f3w? \t\t\t\t\t\t\t\t<\/p>\n","protected":false},"excerpt":{"rendered":"Po trudnym pocz\u0105tku sezonu zwi\u0105zanym ze z\u0142amaniem nogi Fredrik Lindgren wraca do gry. Dobr\u0105 dyspozycj\u0119 zaprezentowa\u0142 ju\u017c w&hellip;\n","protected":false},"author":2,"featured_media":630412,"comment_status":"","ping_status":"","sticky":false,"template":"","format":"standard","meta":{"footnotes":"","_share_on_mastodon":"0"},"categories":[51612],"tags":[3412,3972,12376,124057,1081,3364,124058,2164,1334,42,38,40,39,41,3977,174,23743,3980,3981,23744,12380],"class_list":["post-630411","post","type-post","status-publish","format-standard","has-post-thumbnail","category-lublin","tag-fredrik-lindgren","tag-google-news","tag-google-upday","tag-lindgren","tag-lublin","tag-motor-lublin","tag-motor-zuzel","tag-orlen-oil-motor-lublin","tag-pge-ekstraliga","tag-pl","tag-poland","tag-polish","tag-polska","tag-polski","tag-sport-zuzlowy","tag-zuzel","tag-zuzel-2026","tag-zuzel-ekstraliga","tag-zuzel-google","tag-zuzel-lublin","tag-zuzel-wiadomosci"],"share_on_mastodon":{"url":"https:\/\/pubeurope.com\/@pl\/117117341354562164","error":""},"_links":{"self":[{"href":"https:\/\/www.europesays.com\/pl\/wp-json\/wp\/v2\/posts\/630411","targetHints":{"allow":["GET"]}}],"collection":[{"href":"https:\/\/www.europesays.com\/pl\/wp-json\/wp\/v2\/posts"}],"about":[{"href":"https:\/\/www.europesays.com\/pl\/wp-json\/wp\/v2\/types\/post"}],"author":[{"embeddable":true,"href":"https:\/\/www.europesays.com\/pl\/wp-json\/wp\/v2\/users\/2"}],"replies":[{"embeddable":true,"href":"https:\/\/www.europesays.com\/pl\/wp-json\/wp\/v2\/comments?post=630411"}],"version-history":[{"count":0,"href":"https:\/\/www.europesays.com\/pl\/wp-json\/wp\/v2\/posts\/630411\/revisions"}],"wp:featuredmedia":[{"embeddable":true,"href":"https:\/\/www.europesays.com\/pl\/wp-json\/wp\/v2\/media\/630412"}],"wp:attachment":[{"href":"https:\/\/www.europesays.com\/pl\/wp-json\/wp\/v2\/media?parent=630411"}],"wp:term":[{"taxonomy":"category","embeddable":true,"href":"https:\/\/www.europesays.com\/pl\/wp-json\/wp\/v2\/categories?post=630411"},{"taxonomy":"post_tag","embeddable":true,"href":"https:\/\/www.europesays.com\/pl\/wp-json\/wp\/v2\/tags?post=630411"}],"curies":[{"name":"wp","href":"https:\/\/api.w.org\/{rel}","templated":true}]}}