{"id":630751,"date":"2026-08-18T19:25:15","date_gmt":"2026-08-18T19:25:15","guid":{"rendered":"https:\/\/www.europesays.com\/pl\/630751\/"},"modified":"2026-08-18T19:25:15","modified_gmt":"2026-08-18T19:25:15","slug":"robert-lewandowski-obok-lecha-walesy-polska-ma-nowa-wspolprace","status":"publish","type":"post","link":"https:\/\/www.europesays.com\/pl\/630751\/","title":{"rendered":"Robert Lewandowski obok Lecha Wa\u0142\u0119sy. Polska ma now\u0105 wsp\u00f3\u0142prac\u0119"},"content":{"rendered":"<p>Polska Organizacja Turystyczna zaprezentowa\u0142a w\u0142a\u015bnie now\u0105 kampani\u0119. Ta zosta\u0142a zatytu\u0142owana &#8222;Poland. More than you expected&#8221; i pojawi\u0142 si\u0119 w niej mi\u0119dzy innymi&#8230; Robert Lewandowski.<\/p>\n<p>Dalszy ci\u0105g artyku\u0142u pod materia\u0142em wideo<\/p>\n<p>W spotach reklamowych zaprezentowano trzy miasta \u2014 Gda\u0144sk, Warszaw\u0119 i Krak\u00f3w. Po nich widz\u00f3w oprowadzaj\u0105 Miko\u0142aj Kopernik, Fryderyk Chopin i kr\u00f3l Polski, wszyscy grani przez Nikodema Rozbickiego. A im towarzyszy nie tylko Robert Lewandowski, ale i znany aktor Jesse Eisenberg. A to nie wszystko.<\/p>\n<p>Robert Lewandowski i&#8230; Maryla Rodowicz. Tak to wygl\u0105da<\/p>\n<p>&#8222;W spotach, kt\u00f3re b\u0119d\u0105 sukcesywnie pokazywane w ci\u0105gu najbli\u017cszych tygodni, pojawiaj\u0105 si\u0119 tak\u017ce Lech Wa\u0142\u0119sa, Anja Rubik i Maryla Rodowicz. Bud\u017cet na realizacj\u0119 i przeprowadzenie kampanii wynosi w sumie 7 mln z\u0142. Kampania b\u0119dzie trwa\u0107 do ko\u0144ca 2026 r.&#8221; \u2014 czytamy na portalu XYZ.<\/p>\n<p>\u2014 Zosta\u0142a zrealizowana z rozmachem, jakiego do tej pory jeszcze nie by\u0142o w tego typu przedsi\u0119wzi\u0119ciach. Gwiazdy, kt\u00f3re w niej uczestnicz\u0105, z ogromnym entuzjazmem podesz\u0142y do tego pomys\u0142u. W pi\u0119ciu krajach poka\u017cemy Polsk\u0119 jako kraj pi\u0119kny, bezpieczny i taki, kt\u00f3ry ma do zaoferowania znacznie wi\u0119cej, ni\u017c mo\u017cna si\u0119 spodziewa\u0107 \u2014 powiedzia\u0142a Magdalena Krucz, prezes Polskiej Organizacji Turystycznej.<\/p>\n<p>Kampania obejmie Niemcy, Wielk\u0105 Brytani\u0119, W\u0142ochy, Hiszpani\u0119, a tak\u017ce Stany Zjednoczone.<\/p>\n","protected":false},"excerpt":{"rendered":"Polska Organizacja Turystyczna zaprezentowa\u0142a w\u0142a\u015bnie now\u0105 kampani\u0119. Ta zosta\u0142a zatytu\u0142owana &#8222;Poland. More than you expected&#8221; i pojawi\u0142 si\u0119&hellip;\n","protected":false},"author":2,"featured_media":630752,"comment_status":"","ping_status":"","sticky":false,"template":"","format":"standard","meta":{"footnotes":"","_share_on_mastodon":"0"},"categories":[12],"tags":[61195,48,129,46,42,38,40,39,41,300,47,130],"class_list":["post-630751","post","type-post","status-publish","format-standard","has-post-thumbnail","category-polska","tag-bottomfeed_styl","tag-nat_styl","tag-ofsajd","tag-omp","tag-pl","tag-poland","tag-polish","tag-polska","tag-polski","tag-robert_lewandowski","tag-screening_general","tag-wiadomosci_sportowe"],"share_on_mastodon":{"url":"https:\/\/pubeurope.com\/@pl\/117118155385385990","error":""},"_links":{"self":[{"href":"https:\/\/www.europesays.com\/pl\/wp-json\/wp\/v2\/posts\/630751","targetHints":{"allow":["GET"]}}],"collection":[{"href":"https:\/\/www.europesays.com\/pl\/wp-json\/wp\/v2\/posts"}],"about":[{"href":"https:\/\/www.europesays.com\/pl\/wp-json\/wp\/v2\/types\/post"}],"author":[{"embeddable":true,"href":"https:\/\/www.europesays.com\/pl\/wp-json\/wp\/v2\/users\/2"}],"replies":[{"embeddable":true,"href":"https:\/\/www.europesays.com\/pl\/wp-json\/wp\/v2\/comments?post=630751"}],"version-history":[{"count":0,"href":"https:\/\/www.europesays.com\/pl\/wp-json\/wp\/v2\/posts\/630751\/revisions"}],"wp:featuredmedia":[{"embeddable":true,"href":"https:\/\/www.europesays.com\/pl\/wp-json\/wp\/v2\/media\/630752"}],"wp:attachment":[{"href":"https:\/\/www.europesays.com\/pl\/wp-json\/wp\/v2\/media?parent=630751"}],"wp:term":[{"taxonomy":"category","embeddable":true,"href":"https:\/\/www.europesays.com\/pl\/wp-json\/wp\/v2\/categories?post=630751"},{"taxonomy":"post_tag","embeddable":true,"href":"https:\/\/www.europesays.com\/pl\/wp-json\/wp\/v2\/tags?post=630751"}],"curies":[{"name":"wp","href":"https:\/\/api.w.org\/{rel}","templated":true}]}}