{"id":63088,"date":"2025-10-22T18:54:24","date_gmt":"2025-10-22T18:54:24","guid":{"rendered":"https:\/\/www.europesays.com\/pl\/63088\/"},"modified":"2025-10-22T18:54:24","modified_gmt":"2025-10-22T18:54:24","slug":"sluzby-z-prezentem-od-premiera-do-abw-i-aw-trafia-dodatkowe-miliony","status":"publish","type":"post","link":"https:\/\/www.europesays.com\/pl\/63088\/","title":{"rendered":"S\u0142u\u017cby z &#8222;prezentem&#8221; od premiera. Do ABW i AW trafi\u0105 dodatkowe miliony"},"content":{"rendered":"<p>   <img decoding=\"async\" src=\"https:\/\/www.europesays.com\/pl\/wp-content\/uploads\/2025\/10\/rqGtGciyzNfuF08F0EVI8iVhbGlul4A5gNehwiUG.ckia.jpg\" alt=\"\"  width=\"800\" height=\"450\" author=\"MSWiA\" fetchpriority=\"high\" class=\"img image-with-caption__image\"\/><br \/>\n        Autor. MSWiA<\/p>\n<ul class=\"article-share list-inline d-lg-none bg-black mb-0\">\n<li class=\"article-share-item list-inline-item m-0\">\n        Facebook\n      <\/li>\n<li class=\"article-share-item list-inline-item m-0\">\n        Twitter\n      <\/li>\n<li class=\"article-share-item list-inline-item m-0\">\n        LinkedIn\n      <\/li>\n<li class=\"article-share-item list-inline-item m-0\">\n        Kopiuj link\n      <\/li>\n<li class=\"article-share-item list-inline-item m-0\">\n        Wy\u015blij email\n      <\/li>\n<\/ul>\n<p>Premier Donald Tusk zdecydowa\u0142 o dofinansowaniu z rezerwy og\u00f3lnej jeszcze w 2025 roku Agencji Bezpiecze\u0144stwa Wewn\u0119trznego i Agencji Wywiadu \u2013 poinformowa\u0142 Tomasz Siemoniak, minister koordynator s\u0142u\u017cb specjalnych. \u0141\u0105cznie do ABW i AW trafi\u0107 ma 110 mln z\u0142otych.\u00a0<\/p>\n<p class=\"paragraph-module\">Jak przekaza\u0142 minister koordynator s\u0142u\u017cb specjalnych Tomasz Siemoniak, jeszcze w tym roku do ABW i AW \u2013 decyzj\u0105 premiera &#8211; trafi\u0105 dodatkowe \u015brodki, w \u0142\u0105cznej wysoko\u015bci 110 mln z\u0142otych, pochodz\u0105ce z rezerwy og\u00f3lnej.\u00a0<\/p>\n<p class=\"paragraph-module\">W uchwale Rady Ministr\u00f3w czytamy, \u017ce 70 mln z\u0142otych, jakie trafi do Agencji Bezpiecze\u0144stwa Wewn\u0119trznego, zostanie przeznaczone na \u201edoposa\u017cenie w nowoczesny sprz\u0119t techniki specjalnej i informatyki, systemy kryptograficzne i szyfruj\u0105ce, zakup nowoczesnych technologii w zakresie informatyki \u015bledczej\u201d. To jednak nie wszystko, bowiem pieni\u0105dze wykorzystane zostan\u0105 te\u017c na pokrycie \u201ewydatk\u00f3w bie\u017c\u0105cych w tym zakup materia\u0142\u00f3w, wyposa\u017cenia i us\u0142ug remontowych oraz wydatki maj\u0105tkowe, w tym wydatki inwestycyjne polegaj\u0105ce na modernizacji obiekt\u00f3w s\u0142u\u017cbowych i zakupie sprz\u0119tu teleinformatycznego\u201d.<\/p>\n<blockquote class=\"twitter-tweet\">\n<p lang=\"pl\" dir=\"ltr\">Premier <a href=\"https:\/\/twitter.com\/donaldtusk?ref_src=twsrc%5Etfw\" rel=\"nofollow noopener\" target=\"_blank\">@donaldtusk<\/a> zdecydowa\u0142 o dofinansowaniu z rezerwy og\u00f3lnej jeszcze w 2025 roku Agencji Bezpiecze\u0144stwa Wewn\u0119trznego i Agencji Wywiadu. ABW otrzyma\u0142a 70 mln z\u0142 na doposa\u017cenie w nowoczesny sprz\u0119t, zakup nowoczesnych technologii, wydatki bie\u017c\u0105ce oraz maj\u0105tkowe. AW &#8211; dodatkowe\u2026 <a href=\"https:\/\/t.co\/D92T6Ndhl7\" rel=\"nofollow\">pic.twitter.com\/D92T6Ndhl7<\/a><\/p>\n<p>\u2014 Tomasz Siemoniak (@TomaszSiemoniak) <a href=\"https:\/\/twitter.com\/TomaszSiemoniak\/status\/1980899800502460809?ref_src=twsrc%5Etfw\" rel=\"nofollow noopener\" target=\"_blank\">October 22, 2025<\/a><\/p><\/blockquote>\n<p class=\"paragraph-module\">40 mln z\u0142otych, jakie zasil\u0105 bud\u017cet Agencji Wywiadu maj\u0105 zosta\u0107 przeznaczone na \u201ezwi\u0119kszenie funduszu operacyjnego w celu poprawienia efektywno\u015bci realizacji zada\u0144\u201d.<\/p>\n<p class=\"paragraph-module\">Czy tegoroczne wzmocnienie finansowania ABW i AW to preludium do zwi\u0119kszenia bud\u017cet\u00f3w tych s\u0142u\u017cb w procedowanym obecnie projekcie ustawy bud\u017cetowej na 2026 rok? Przypomnijmy, Sejmowa Komisja ds. S\u0142u\u017cb Specjalnych negatywnie zaopiniowa\u0142a przysz\u0142oroczn\u0105 propozycj\u0119, dotycz\u0105c\u0105 wysoko\u015bci \u015brodk\u00f3w, jakie rz\u0105d mia\u0142 zamiar przeznaczy\u0107 na Agencj\u0119 Bezpiecze\u0144stwa Wewn\u0119trznego i Agencj\u0119 Wywiadu. Jak zapewnia\u0142 jednak nadzoruj\u0105cy s\u0142u\u017cby specjalne minister Tomasz Siemoniak, \u201eze wsparciem premiera i ministra finans\u00f3w, \u017ce na etapie prac sejmowych, nast\u0105pi zwi\u0119kszenie bud\u017cet\u00f3w ABW i AW\u201d.\u00a0\u00a0\u201eIntensywnie nad tym pracujemy\u201d \u2013 zapewnia\u0142 minister koordynator s\u0142u\u017cb specjalnych.<\/p>\n<p>    <script async src=\"https:\/\/platform.twitter.com\/widgets.js\" charset=\"utf-8\"><\/script><\/p>\n","protected":false},"excerpt":{"rendered":"Autor. MSWiA Facebook Twitter LinkedIn Kopiuj link Wy\u015blij email Premier Donald Tusk zdecydowa\u0142 o dofinansowaniu z rezerwy og\u00f3lnej&hellip;\n","protected":false},"author":2,"featured_media":63089,"comment_status":"","ping_status":"","sticky":false,"template":"","format":"standard","meta":{"footnotes":""},"categories":[12],"tags":[16213,16214,32,33,36,37,27,34,35,28,31,25,504,42,38,40,39,41,11209,1346,29,30,26],"class_list":{"0":"post-63088","1":"post","2":"type-post","3":"status-publish","4":"format-standard","5":"has-post-thumbnail","7":"category-polska","8":"tag-agencja-bezpieczenstwa-wewnetrznego","9":"tag-agencja-wywiadu","10":"tag-breaking-news","11":"tag-breakingnews","12":"tag-featured-news","13":"tag-featurednews","14":"tag-headlines","15":"tag-latest-news","16":"tag-latestnews","17":"tag-naglowki","18":"tag-najwazniejsze-artykuly","19":"tag-news","20":"tag-pieniadze","21":"tag-pl","22":"tag-poland","23":"tag-polish","24":"tag-polska","25":"tag-polski","26":"tag-sluzby-specjalne","27":"tag-tomasz-siemoniak","28":"tag-top-stories","29":"tag-topstories","30":"tag-wiadomosci"},"share_on_mastodon":{"url":"","error":""},"_links":{"self":[{"href":"https:\/\/www.europesays.com\/pl\/wp-json\/wp\/v2\/posts\/63088","targetHints":{"allow":["GET"]}}],"collection":[{"href":"https:\/\/www.europesays.com\/pl\/wp-json\/wp\/v2\/posts"}],"about":[{"href":"https:\/\/www.europesays.com\/pl\/wp-json\/wp\/v2\/types\/post"}],"author":[{"embeddable":true,"href":"https:\/\/www.europesays.com\/pl\/wp-json\/wp\/v2\/users\/2"}],"replies":[{"embeddable":true,"href":"https:\/\/www.europesays.com\/pl\/wp-json\/wp\/v2\/comments?post=63088"}],"version-history":[{"count":0,"href":"https:\/\/www.europesays.com\/pl\/wp-json\/wp\/v2\/posts\/63088\/revisions"}],"wp:featuredmedia":[{"embeddable":true,"href":"https:\/\/www.europesays.com\/pl\/wp-json\/wp\/v2\/media\/63089"}],"wp:attachment":[{"href":"https:\/\/www.europesays.com\/pl\/wp-json\/wp\/v2\/media?parent=63088"}],"wp:term":[{"taxonomy":"category","embeddable":true,"href":"https:\/\/www.europesays.com\/pl\/wp-json\/wp\/v2\/categories?post=63088"},{"taxonomy":"post_tag","embeddable":true,"href":"https:\/\/www.europesays.com\/pl\/wp-json\/wp\/v2\/tags?post=63088"}],"curies":[{"name":"wp","href":"https:\/\/api.w.org\/{rel}","templated":true}]}}