{"id":630899,"date":"2026-08-18T21:00:14","date_gmt":"2026-08-18T21:00:14","guid":{"rendered":"https:\/\/www.europesays.com\/pl\/630899\/"},"modified":"2026-08-18T21:00:14","modified_gmt":"2026-08-18T21:00:14","slug":"izraelski-minister-pod-presja-niemieccy-politycy-chca-sankcji-za-slowa-o-gazie","status":"publish","type":"post","link":"https:\/\/www.europesays.com\/pl\/630899\/","title":{"rendered":"Izraelski minister pod presj\u0105. Niemieccy politycy chc\u0105 sankcji za s\u0142owa o Gazie"},"content":{"rendered":"<p>&#8222;Uwa\u017cam, \u017ce w Strefie Gazy nale\u017cy przeprowadza\u0107 zab\u00f3jstwa celowe, eliminuj\u0105c co noc 30, 40 [os\u00f3b]&#8221; \u2014 powiedzia\u0142 Ben-Gwir, lider skrajnie prawicowej partii \u017bydowska Si\u0142a, w odcinku podcastu opublikowanym w ostatni\u0105 sobot\u0119. &#8222;Nie tylko tych, kt\u00f3rzy stanowi\u0105 bezpo\u015brednie zagro\u017cenie. Nie, s\u0105 tam ludzie, kt\u00f3rzy nie zas\u0142uguj\u0105 na \u017cycie. Nie powinni \u017cy\u0107. To nawet nie s\u0105 ludzie&#8221;.<\/p>\n<p>Wypowiedzi te wywo\u0142a\u0142y niezwykle ostr\u0105 reakcj\u0119 ze strony konserwatyst\u00f3w niemieckiego kanclerza Friedricha Merza.<\/p>\n<p>&#8222;Nieludzkie uwagi Ben-Gwira mo\u017cna jedynie pot\u0119pi\u0107&#8221; \u2014 powiedzia\u0142 serwisowi POLITICO Juergen Hardt, rzecznik do spraw polityki zagranicznej frakcji parlamentarnej Unii Chrze\u015bcija\u0144sko-Demokratycznej\/Chrze\u015bcija\u0144sko-Spo\u0142ecznej Unii. &#8222;UE powinna na\u0142o\u017cy\u0107 na niego sankcje jako znak powszechnej wa\u017cno\u015bci godno\u015bci ludzkiej i praw cz\u0142owieka&#8221;.<\/p>\n<blockquote class=\"ods-o-quote\">\n<p class=\"ods-o-quote__paragraph\">Hardt poszed\u0142 jeszcze dalej, m\u00f3wi\u0105c, \u017ce jest przekonany, i\u017c rz\u0105d izraelski bez Ben-Gwira lub innego skrajnie prawicowego ministra finans\u00f3w, Bezalela Smotricza, zbli\u017cy\u0142by Europ\u0119 i Izrael do siebie.<\/p>\n<\/blockquote>\n<p>Niemieccy socjaldemokraci zabrali g\u0142os w podobnym tonie. Adis Ahmetovi\u0107, rzecznik partii do spraw polityki zagranicznej, stwierdzi\u0142, \u017ce obaj ministrowie zaszokowali mi\u0119dzynarodow\u0105 opini\u0119 publiczn\u0105 na d\u0142ugo przed swoimi ostatnimi wypowiedziami, i wezwa\u0142 rz\u0105d niemiecki do poparcia sankcji wobec obu z nich.<\/p>\n<p>Krytyka rozleg\u0142a si\u0119 w ca\u0142ym spektrum politycznym.<\/p>\n<p>Dietmar Bartsch z partii Lewica nazwa\u0142 wypowiedzi Ben-Gwira &#8222;g\u0142\u0119boko nieludzkimi&#8221; i wezwa\u0142 Berlin oraz Bruksel\u0119 do rozwa\u017cenia sankcji, w tym zakazu wjazdu. Markus Frohnmaier, rzecznik do spraw polityki zagranicznej skrajnie prawicowej partii Alternatywa dla Niemiec, stwierdzi\u0142, \u017ce nawo\u0142ywanie do masowego zabijania ludzi, kt\u00f3rzy nie stanowi\u0105 bezpo\u015bredniego zagro\u017cenia, przekracza &#8222;wyra\u017an\u0105 granic\u0119&#8221;. Pos\u0142anka Partii Zielonych Marlene Schoenberger nazwa\u0142a Ben-Gwira &#8222;skrajnie prawicowym ekstremist\u0105&#8221; i stwierdzi\u0142a, \u017ce jego komentarze by\u0142y &#8222;g\u0142\u0119boko nieludzkie&#8221;, dodaj\u0105c, \u017ce nie mia\u0142y one &#8222;absolutnie nic wsp\u00f3lnego&#8221; z prawem Izraela do obrony siebie i swoich obywateli.<\/p>\n<p>O\u015bwiadczenia te oznaczaj\u0105 znacz\u0105c\u0105 zmian\u0119 stanowiska w Berlinie. Niemcy wielokrotnie sprzeciwia\u0142y si\u0119 \u015brodkom UE wymierzonym w Izrael, w tym propozycji sankcji wobec Ben-Gwira w czerwcu oraz, jeszcze w zesz\u0142ym miesi\u0105cu, ograniczeniom w handlu z nielegalnymi izraelskimi osadami na Zachodnim Brzegu.<\/p>\n<p>Sankcje UE wymagaj\u0105 jednomy\u015blno\u015bci, co daje Berlinowi znacz\u0105cy wp\u0142yw na to, czy Unia b\u0119dzie mog\u0142a podj\u0105\u0107 dzia\u0142ania.<\/p>\n<p>Rz\u0105d Merza nie poszed\u0142 jeszcze w \u015blady parlamentarzyst\u00f3w. Ministerstwo Spraw Zagranicznych odm\u00f3wi\u0142o w poniedzia\u0142ek zaj\u0119cia stanowiska, podczas gdy niekt\u00f3rzy cz\u0142onkowie rz\u0105du obawiaj\u0105 si\u0119, \u017ce na\u0142o\u017cenie sankcji na Ben-Gwira na kilka tygodni przed wyborami w Izraelu, kt\u00f3re odb\u0119d\u0105 si\u0119 27 pa\u017adziernika, mog\u0142oby mu pom\u00f3c.<\/p>\n<p>Niemiecki minister spraw zagranicznych Johann Wadephul spotka si\u0119 ze swoimi odpowiednikami z UE w Irlandii w dniach 1 i 2 wrze\u015bnia, gdzie wypowiedzi Ben-Gwira oraz wojna w Strefie Gazy prawdopodobnie b\u0119d\u0105 dominowa\u0107 w dyskusjach.<\/p>\n","protected":false},"excerpt":{"rendered":"&#8222;Uwa\u017cam, \u017ce w Strefie Gazy nale\u017cy przeprowadza\u0107 zab\u00f3jstwa celowe, eliminuj\u0105c co noc 30, 40 [os\u00f3b]&#8221; \u2014 powiedzia\u0142 Ben-Gwir,&hellip;\n","protected":false},"author":2,"featured_media":630900,"comment_status":"","ping_status":"","sticky":false,"template":"","format":"standard","meta":{"footnotes":"","_share_on_mastodon":"0"},"categories":[14],"tags":[61195,32,33,27,91,34,35,28,31,48,25,295,46,40,41,47,88,80,29,30,86,26,82,83,84],"class_list":["post-630899","post","type-post","status-publish","format-standard","has-post-thumbnail","category-swiat","tag-bottomfeed_styl","tag-breaking-news","tag-breakingnews","tag-headlines","tag-izrael","tag-latest-news","tag-latestnews","tag-naglowki","tag-najwazniejsze-artykuly","tag-nat_styl","tag-news","tag-niemcy","tag-omp","tag-polish","tag-polski","tag-screening_general","tag-strefa_gazy","tag-swiat","tag-top-stories","tag-topstories","tag-unia_europejska","tag-wiadomosci","tag-world","tag-world-news","tag-worldnews"],"share_on_mastodon":{"url":"https:\/\/pubeurope.com\/@pl\/117118528597779285","error":""},"_links":{"self":[{"href":"https:\/\/www.europesays.com\/pl\/wp-json\/wp\/v2\/posts\/630899","targetHints":{"allow":["GET"]}}],"collection":[{"href":"https:\/\/www.europesays.com\/pl\/wp-json\/wp\/v2\/posts"}],"about":[{"href":"https:\/\/www.europesays.com\/pl\/wp-json\/wp\/v2\/types\/post"}],"author":[{"embeddable":true,"href":"https:\/\/www.europesays.com\/pl\/wp-json\/wp\/v2\/users\/2"}],"replies":[{"embeddable":true,"href":"https:\/\/www.europesays.com\/pl\/wp-json\/wp\/v2\/comments?post=630899"}],"version-history":[{"count":0,"href":"https:\/\/www.europesays.com\/pl\/wp-json\/wp\/v2\/posts\/630899\/revisions"}],"wp:featuredmedia":[{"embeddable":true,"href":"https:\/\/www.europesays.com\/pl\/wp-json\/wp\/v2\/media\/630900"}],"wp:attachment":[{"href":"https:\/\/www.europesays.com\/pl\/wp-json\/wp\/v2\/media?parent=630899"}],"wp:term":[{"taxonomy":"category","embeddable":true,"href":"https:\/\/www.europesays.com\/pl\/wp-json\/wp\/v2\/categories?post=630899"},{"taxonomy":"post_tag","embeddable":true,"href":"https:\/\/www.europesays.com\/pl\/wp-json\/wp\/v2\/tags?post=630899"}],"curies":[{"name":"wp","href":"https:\/\/api.w.org\/{rel}","templated":true}]}}