{"id":630953,"date":"2026-08-18T21:42:18","date_gmt":"2026-08-18T21:42:18","guid":{"rendered":"https:\/\/www.europesays.com\/pl\/630953\/"},"modified":"2026-08-18T21:42:18","modified_gmt":"2026-08-18T21:42:18","slug":"fabian-drzyzga-ma-nowy-klub-i-to-w-polsce-ale-wybor","status":"publish","type":"post","link":"https:\/\/www.europesays.com\/pl\/630953\/","title":{"rendered":"Fabian Drzyzga ma nowy klub. I to w Polsce. Ale wyb\u00f3r"},"content":{"rendered":"<p>Fabian Drzyzga rozpocz\u0105\u0142 karier\u0119 w Tytanie AZS Cz\u0119stochowa, a p\u00f3\u017aniej po grze w kolejnych polskich klubach trafi\u0142 do Olympiakosu Pireus czy Lokomotiwu Nowosybirsk. W ostatnim czasie by\u0142y reprezentant Polski by\u0142 zawodnikiem mi\u0119dzy innymi Fenerbahce, a teraz postanowi\u0142 wr\u00f3ci\u0107 do kraju!<\/p>\n<p>Dalszy ci\u0105g artyku\u0142u pod materia\u0142em wideo<\/p>\n<p>Transferowy hit og\u0142osi\u0142 Cuprum Stilon Gorz\u00f3w, kt\u00f3ry zakontraktowa\u0142 dwukrotnego mistrza \u015bwiata! Wy\u015bmienity siatkarz trafia wi\u0119c do 12. zespo\u0142u poprzedniego sezonu.<\/p>\n<p>Fabian Drzyzga wybra\u0142 nowy klub. Nie do wiary!<\/p>\n<p>\u2014 Dwukrotny mistrz \u015bwiata. Mistrz Polski. Jeden z najbardziej utytu\u0142owanych polskich rozgrywaj\u0105cych XXI wieku. Od sezonu 2026\/2027 Fabian Drzyzga b\u0119dzie zawodnikiem Cuprum Stilonu Gorz\u00f3w! \u2014 poinformowa\u0142 klub w oficjalnym komunikacie.<\/p>\n<p>\u2014 To transfer, kt\u00f3ry pisze nowy rozdzia\u0142 w historii gorzowskiej siatk\u00f3wki. Do naszego zespo\u0142u do\u0142\u0105cza zawodnik, kt\u00f3rego nazwiska nie trzeba przedstawia\u0107 \u017cadnemu kibicowi siatk\u00f3wki w Polsce. Fabian Drzyzga. Lider. Rozgrywaj\u0105cy Stilonu. MISTRZ \u015aWIATA. DWUKROTNIE \u2014 czytamy dalej.<\/p>\n<p>Fabian Drzyzga by\u0142 cz\u0119\u015bci\u0105 reprezentacji Polski, kt\u00f3ra si\u0119ga\u0142a po mistrzostwo \u015bwiata w 2014 i 2018 roku. Z bia\u0142o-czerwonymi zdobywa\u0142 r\u00f3wnie\u017c medale mistrzostw Europy, Pucharu \u015awiata i Ligi Narod\u00f3w. W 2021 roku zosta\u0142 wybrany najlepszym rozgrywaj\u0105cym Ligi Narod\u00f3w.<\/p>\n","protected":false},"excerpt":{"rendered":"Fabian Drzyzga rozpocz\u0105\u0142 karier\u0119 w Tytanie AZS Cz\u0119stochowa, a p\u00f3\u017aniej po grze w kolejnych polskich klubach trafi\u0142 do&hellip;\n","protected":false},"author":2,"featured_media":630954,"comment_status":"","ping_status":"","sticky":false,"template":"","format":"standard","meta":{"footnotes":"","_share_on_mastodon":"0"},"categories":[52122],"tags":[61195,30387,48,46,6010,752,42,6242,38,40,39,41,47,131,130],"class_list":["post-630953","post","type-post","status-publish","format-standard","has-post-thumbnail","category-pko-bank-polski","tag-bottomfeed_styl","tag-cuprum_stilon_gorzow","tag-nat_styl","tag-omp","tag-pko-bank-polski","tag-pko-bp","tag-pl","tag-plusliga","tag-poland","tag-polish","tag-polska","tag-polski","tag-screening_general","tag-siatkowka","tag-wiadomosci_sportowe"],"share_on_mastodon":{"url":"https:\/\/pubeurope.com\/@pl\/117118693823209713","error":""},"_links":{"self":[{"href":"https:\/\/www.europesays.com\/pl\/wp-json\/wp\/v2\/posts\/630953","targetHints":{"allow":["GET"]}}],"collection":[{"href":"https:\/\/www.europesays.com\/pl\/wp-json\/wp\/v2\/posts"}],"about":[{"href":"https:\/\/www.europesays.com\/pl\/wp-json\/wp\/v2\/types\/post"}],"author":[{"embeddable":true,"href":"https:\/\/www.europesays.com\/pl\/wp-json\/wp\/v2\/users\/2"}],"replies":[{"embeddable":true,"href":"https:\/\/www.europesays.com\/pl\/wp-json\/wp\/v2\/comments?post=630953"}],"version-history":[{"count":0,"href":"https:\/\/www.europesays.com\/pl\/wp-json\/wp\/v2\/posts\/630953\/revisions"}],"wp:featuredmedia":[{"embeddable":true,"href":"https:\/\/www.europesays.com\/pl\/wp-json\/wp\/v2\/media\/630954"}],"wp:attachment":[{"href":"https:\/\/www.europesays.com\/pl\/wp-json\/wp\/v2\/media?parent=630953"}],"wp:term":[{"taxonomy":"category","embeddable":true,"href":"https:\/\/www.europesays.com\/pl\/wp-json\/wp\/v2\/categories?post=630953"},{"taxonomy":"post_tag","embeddable":true,"href":"https:\/\/www.europesays.com\/pl\/wp-json\/wp\/v2\/tags?post=630953"}],"curies":[{"name":"wp","href":"https:\/\/api.w.org\/{rel}","templated":true}]}}