{"id":630981,"date":"2026-08-18T21:58:15","date_gmt":"2026-08-18T21:58:15","guid":{"rendered":"https:\/\/www.europesays.com\/pl\/630981\/"},"modified":"2026-08-18T21:58:15","modified_gmt":"2026-08-18T21:58:15","slug":"krystyna-demska-olbrychska-zegna-jana-frycza-to-byla-dluga-rozmowa","status":"publish","type":"post","link":"https:\/\/www.europesays.com\/pl\/630981\/","title":{"rendered":"Krystyna Demska-Olbrychska \u017cegna Jana Frycza. &#8222;To by\u0142a d\u0142uga rozmowa&#8221;"},"content":{"rendered":"<p><a href=\"https:\/\/plejada.pl\/newsy\/jan-frycz-nie-zyje-mial-72-lata\/ngw2lsh\" id=\"6d64c6c3-3e2d-44ef-a3fc-9d8def47e507\" rel=\"nofollow noopener\" target=\"_blank\">Jan Frycz zmar\u0142 15 sierpnia w wieku 72 lat otoczony najbli\u017cszymi osobami<\/a>. Wspomnieniami o legendarnym aktorze dzieli si\u0119 coraz wi\u0119cej gwiazd. Krystyna Demska-Olbrychska w mediach spo\u0142eczno\u015bciowych po\u017cegna\u0142a Jana Frycza i opowiedzia\u0142a o towarzyskiej relacji \u0142\u0105cz\u0105cej j\u0105 i <a href=\"https:\/\/plejada.pl\/temat\/daniel-olbrychski-aktor\/jfw2f7r\" id=\"74e0596c-21f0-4baa-89e7-c42f135c1633\" rel=\"nofollow noopener\" target=\"_blank\">Daniela Olbrychskiego<\/a> z aktorem.<\/p>\n<p>Jak przekaza\u0142a, informacja o \u015bmierci Jana Frycza zasta\u0142a j\u0105 podczas kr\u00f3tkich wakacji na Podlasiu. \u2014 Zaniem\u00f3wi\u0142am. Oboje zamilkli\u015bmy w jednej sekundzie. Niewyobra\u017calne sta\u0142o si\u0119 rzeczywisto\u015bci\u0105 i radosny wakacyjny dzie\u0144 sta\u0142 si\u0119 koszmarem \u2014 wspomina moment, gdy us\u0142ysza\u0142a tragiczn\u0105 wie\u015b\u0107.<\/p>\n<p>\u2014 Powiedzia\u0142am \u2014 to niemo\u017cliwe. Przecie\u017c tak niedawno plotkowali\u015bmy przez telefon. Kiedy to by\u0142o? Dwa tygodnie temu? Trzy? \u2014 pr\u00f3bowa\u0142a sobie przypomnie\u0107. Okaza\u0142o si\u0119, \u017ce ich ostatnia rozmowa mia\u0142a miejsce 23 maja.<\/p>\n<p>Dalszy ci\u0105g artyku\u0142u pod materia\u0142em wideo&#8221;Janek to czu\u0142y i g\u0142\u0119boki facet&#8221;<\/p>\n<p>\u2014 Janek zadzwoni\u0142 bo mia\u0142 taki pomys\u0142. Chcia\u0142 pogada\u0107. Nie by\u0142o imienin, urodzin, rocznicy. By\u0142a potrzeba us\u0142yszenia nas. Przywita\u0142 mnie jak zawsze mnie wita\u0142: cze\u015b\u0107 \u017cono mojego wybitnego kolegi. Cze\u015b\u0107 Janku. Jak si\u0119 czujecie? W porz\u0105dku? Da si\u0119 \u017cy\u0107? Da si\u0119 odpowiedzia\u0142am i w\u0142\u0105czy\u0142am tryb g\u0142o\u015bnom\u00f3wi\u0105cy, bo Daniel by\u0142 obok. To by\u0142a d\u0142uga rozmowa. Kilkadziesi\u0105t minut. Rozmowa wa\u017cna, serdeczna, czu\u0142a. Janek to czu\u0142y i g\u0142\u0119boki facet. Dzwoni\u0142 rzadko, dwa razy w roku. Na urodziny Daniela i na moje imieniny 13 marca \u2014 napisa\u0142a Krystyna Demska-Olbrychska.<\/p>\n<p><img class=\"ods-a-photo ods-a-photo--background\" src=\"https:\/\/www.europesays.com\/pl\/wp-content\/uploads\/2026\/08\/rJIk9lBaHR0cHM6Ly9vY2RuLmV1L3B1bHNjbXMvTURBXy9hYTA0MWUyMjRhYjE3Yjc5MGU0NDc2MWExZGQ0YjU0Ny5wbmeRkwXNB.jpeg\" height=\"800\" width=\"533\" alt=\"Jan Frycz (2015 r.)\" loading=\"lazy\" fetchpriority=\"auto\" decoding=\"auto\"\/><\/p>\n<p>Pawe\u0142 Wrzecion \/ MW Media<\/p>\n<p>Jan Frycz (2015 r.)<\/p>\n<p>Jak przyzna\u0142a, z Janem Fryczem nie widywali si\u0119 cz\u0119sto, nie odwiedzali, ani nie umawiali si\u0119 na spotkania, wi\u0119c ich relacji nie mo\u017cna nazwa\u0107 przyja\u017ani\u0105.<\/p>\n<blockquote class=\"ods-o-quote\">\n<p class=\"ods-o-quote__paragraph\">To by\u0142a serdeczno\u015b\u0107, szacunek i jednak ogromna towarzyska czu\u0142o\u015b\u0107. To by\u0142o w s\u0142owach Janka i w tembrze jego g\u0142osu. Pi\u0119knego. Niskiego. Niezapomnianego. W podziwie dla cz\u0142owieka czy zachwycie zawodowym sukcesem. Umia\u0142 m\u00f3wi\u0107. Lubi\u0142 m\u00f3wi\u0107. I m\u00f3wi\u0142. I ju\u017c nie powie. I nic z tym si\u0119 nie da zrobi\u0107<\/p>\n<\/blockquote>\n<p>\u2014 napisa\u0142a \u017cona Daniela Olbrychskiego.<\/p>\n<p>\u2014 A z tego smutku najbardziej wkurzaj\u0105ce jest, \u017ce nie wiemy jak si\u0119 czuje, czy jest mu dobrze, spokojnie, czy odpoczywa. Nic nie wiemy&#8221; \u2014 zako\u0144czy\u0142a sw\u00f3j wpis Krystyna Demska-Olbrychska.<\/p>\n<p>Jan Frycz: pan dotkn\u0105\u0142 mojego czu\u0142ego punktu [WYWIAD]<img class=\"ods-a-photo ods-a-photo--background\" src=\"https:\/\/www.europesays.com\/pl\/wp-content\/uploads\/2026\/08\/JrIk9lBaHR0cHM6Ly9vY2RuLmV1L3B1bHNjbXMvTURBXy8wN2FkOTNiMTY1ZWJkOTVlOWJhMjZhNzhlZWYwODhjYi5qcGeRlQLNA.jpeg\" height=\"299\" width=\"450\" alt=\"Jan Frycz\" loading=\"lazy\" fetchpriority=\"low\" decoding=\"async\"\/>Dzi\u0119kujemy, \u017ce przeczyta\u0142a\u015b\/e\u015b nasz artyku\u0142 do ko\u0144ca. W serwisie Plejada.pl ka\u017cdego dnia piszemy o najwa\u017cniejszych wydarzeniach show-biznesowych. B\u0105d\u017a na bie\u017c\u0105co!<a rel=\"nofollow noopener\" href=\"https:\/\/profile.google.com\/cp\/Cg0vZy8xMWJ6X19wdHBx\" id=\"0246c42b-3a97-4718-93d3-11b859e9c578\" target=\"_blank\"> Obserwuj<\/a> Plejad\u0119 w Google. Odwied\u017a nas tak\u017ce na<a rel=\"nofollow noopener\" href=\"https:\/\/www.facebook.com\/plejadapl\" id=\"6c450ec5-08ab-4059-90ed-cb6302dd9b83\" target=\"_blank\"> Facebooku<\/a>,<a rel=\"nofollow noopener\" href=\"https:\/\/www.instagram.com\/plejadapl\/\" id=\"d459f8d0-77a0-4701-b725-bfec5268d52f\" target=\"_blank\"> Instagramie<\/a>,<a rel=\"nofollow noopener\" href=\"https:\/\/www.youtube.com\/c\/plejada\" id=\"93229327-964a-45e2-bb06-8a56d0d5063b\" target=\"_blank\"> YouTubie<\/a> oraz<a rel=\"nofollow noopener\" href=\"https:\/\/www.tiktok.com\/@plejada_pl\" id=\"e7f453d2-4bc7-4794-a658-e5f7aa67435d\" target=\"_blank\"> TikToku<\/a>.Chcesz podzieli\u0107 si\u0119 ciekawym newsem lub zaproponowa\u0107 temat? Skontaktuj si\u0119 z nami, pisz\u0105c maila na adres: <a rel=\"nofollow noopener\" href=\"https:\/\/plejada.pl\/newsy\/krystyna-demska-olbrychska-zegna-jana-frycza-to-byla-dluga-rozmowa\/mailto:plejada@redakcjaonet.pl\" id=\"4612efd7-a47b-4c0c-a312-39abc4fb8b9b\" target=\"_blank\">plejada@redakcjaonet.pl<\/a>.<script async src=\"\/\/www.instagram.com\/embed.js\"><\/script><script async src=\"\/\/www.tiktok.com\/embed.js\"><\/script><\/p>\n","protected":false},"excerpt":{"rendered":"Jan Frycz zmar\u0142 15 sierpnia w wieku 72 lat otoczony najbli\u017cszymi osobami. Wspomnieniami o legendarnym aktorze dzieli si\u0119&hellip;\n","protected":false},"author":2,"featured_media":630982,"comment_status":"","ping_status":"","sticky":false,"template":"","format":"standard","meta":{"footnotes":"","_share_on_mastodon":"0"},"categories":[22],"tags":[61195,4691,122,25758,14865,48,125,46,42,38,40,39,41,123,47],"class_list":["post-630981","post","type-post","status-publish","format-standard","has-post-thumbnail","category-rozrywka","tag-bottomfeed_styl","tag-daniel_olbrychski","tag-entertainment","tag-jan_frycz","tag-krystyna_demska_olbrychska","tag-nat_styl","tag-newsy","tag-omp","tag-pl","tag-poland","tag-polish","tag-polska","tag-polski","tag-rozrywka","tag-screening_general"],"share_on_mastodon":{"url":"https:\/\/pubeurope.com\/@pl\/117118758869068363","error":""},"_links":{"self":[{"href":"https:\/\/www.europesays.com\/pl\/wp-json\/wp\/v2\/posts\/630981","targetHints":{"allow":["GET"]}}],"collection":[{"href":"https:\/\/www.europesays.com\/pl\/wp-json\/wp\/v2\/posts"}],"about":[{"href":"https:\/\/www.europesays.com\/pl\/wp-json\/wp\/v2\/types\/post"}],"author":[{"embeddable":true,"href":"https:\/\/www.europesays.com\/pl\/wp-json\/wp\/v2\/users\/2"}],"replies":[{"embeddable":true,"href":"https:\/\/www.europesays.com\/pl\/wp-json\/wp\/v2\/comments?post=630981"}],"version-history":[{"count":0,"href":"https:\/\/www.europesays.com\/pl\/wp-json\/wp\/v2\/posts\/630981\/revisions"}],"wp:featuredmedia":[{"embeddable":true,"href":"https:\/\/www.europesays.com\/pl\/wp-json\/wp\/v2\/media\/630982"}],"wp:attachment":[{"href":"https:\/\/www.europesays.com\/pl\/wp-json\/wp\/v2\/media?parent=630981"}],"wp:term":[{"taxonomy":"category","embeddable":true,"href":"https:\/\/www.europesays.com\/pl\/wp-json\/wp\/v2\/categories?post=630981"},{"taxonomy":"post_tag","embeddable":true,"href":"https:\/\/www.europesays.com\/pl\/wp-json\/wp\/v2\/tags?post=630981"}],"curies":[{"name":"wp","href":"https:\/\/api.w.org\/{rel}","templated":true}]}}