{"id":631207,"date":"2026-08-19T00:53:05","date_gmt":"2026-08-19T00:53:05","guid":{"rendered":"https:\/\/www.europesays.com\/pl\/631207\/"},"modified":"2026-08-19T00:53:05","modified_gmt":"2026-08-19T00:53:05","slug":"lowca-skor-z-lodzkiej-karetki-na-wolnosci-sad-dal-przerwe-w-odsiadce-kompanowi-mengele","status":"publish","type":"post","link":"https:\/\/www.europesays.com\/pl\/631207\/","title":{"rendered":"\u0141owca sk\u00f3r&#8221; z \u0142\u00f3dzkiej karetki na wolno\u015bci. S\u0105d da\u0142 przerw\u0119 w odsiadce kompanowi &#8222;Mengele"},"content":{"rendered":"<p>Blisko \u0107wier\u0107 wieku od ujawnienia \u0142\u00f3dzkiej afery <a href=\"https:\/\/wiadomosci.onet.pl\/lodz\/za-500-zl-zmieniali-pacjentow-w-skory-ludzie-bali-sie-wzywac-pogotowie\/zz0mr8t\" id=\"fa4218ae-c284-4d9e-aa84-d4d510dfb5db\" rel=\"nofollow noopener\" target=\"_blank\">&#8222;\u0142owc\u00f3w sk\u00f3r&#8221;<\/a> tylko jeden ze skazanych w jej skutek siedzi aktualnie za kratkami. Onet ustali\u0142, \u017ce wi\u0119zienie opu\u015bci\u0142 niedawno Karol B., wsp\u00f3\u0142tworz\u0105cy na prze\u0142omie wiek\u00f3w morderczy duet sanitariuszy z Andrzejem N., znanym jako &#8222;Mengele&#8221;. Dowiedzieli\u015bmy si\u0119, dlaczego Karol B. uzyska\u0142 przerw\u0119 w orzeczonej na 25 lat odsiadce i jak d\u0142ugo ta przerwa potrwa. Zadali\u015bmy tak\u017ce pytania w sprawie pozosta\u0142ych skazanych.Gdy nawi\u0105zania do afery ujawnionej w \u0141odzi na pocz\u0105tku XXI w. pojawiaj\u0105 si\u0119 w kontek\u015bcie handlu zw\u0142okami w szpitalach w Warszawie \u2014 w <a href=\"https:\/\/wiadomosci.onet.pl\/warszawa\/jak-prosektor-szpitala-poludniowego-handlowal-zwlokami-ujawniamy-kulisy\/77trrt8\" id=\"04164200-454a-46a2-8448-8a8a2b6b2077\" rel=\"nofollow noopener\" target=\"_blank\">Po\u0142udniowym<\/a> oraz <a href=\"https:\/\/wiadomosci.onet.pl\/tylko-w-onecie\/koszmar-w-znanym-szpitalu-w-warszawie-ciala-zmarlych-rozkladaly-sie-w-chlodni\/7k8tt47\" id=\"c733dbe2-39c9-4fbc-b6b2-c6494c40fe05\" rel=\"nofollow noopener\" target=\"_blank\">Banacha<\/a> \u2014 postanowili\u015bmy ustali\u0107, co dzieje si\u0119 ze skazanymi za &#8222;\u0142owienie sk\u00f3r&#8221; w \u0141odzi. Spytali\u015bmy s\u0105dy, kto z czw\u00f3rki skazanej na wyroki bezwzgl\u0119dnego wi\u0119zienia w \u0142\u00f3dzkim procesie sprzed dw\u00f3ch dekad wci\u0105\u017c p\u0142aci za &#8222;\u0142owienie sk\u00f3r&#8221; wolno\u015bci\u0105, a kto ju\u017c zak\u0142ad karny opu\u015bci\u0142.P\u00f3\u0142roczna przerwa w odsiadce Karola B. &#8222;Zosta\u0142a udzielona ze wzgl\u0119d\u00f3w zdrowotnych&#8221;Przypomnimy. Makabryczny skandal w \u0142\u00f3dzkim pogotowiu ujawnili w 2002 r. dziennikarze &#8222;Gazety Wyborczej&#8221; i Radia \u0141\u00f3d\u017a (najlepszym &#8222;przewodnikiem&#8221; po szczeg\u00f3\u0142ach tej afery jest ksi\u0105\u017cka &#8222;\u0141owcy sk\u00f3r&#8221; <a href=\"https:\/\/wiadomosci.onet.pl\/kraj\/tomasz-patora-ujawnia-komu-zalezalo-by-o-lowcach-skor-nie-bylo-glosno\/rf56ppt\" id=\"71f21a77-7577-44aa-afd6-4d58e5b1073a\" rel=\"nofollow noopener\" target=\"_blank\">Tomasza Patory<\/a>). Sanitariusze, lekarze, dyspozytorzy i kierowcy przez lata handlowali z przedstawicielami zak\u0142ad\u00f3w pogrzebowych informacjami o zgonach pacjent\u00f3w. Niekt\u00f3rym chorym sanitariusze &#8222;pomagali&#8221;, podaj\u0105c pavulon, czyli lek zwiotczaj\u0105cy mi\u0119\u015bnie, w tym przepon\u0119, co prowadzi do zatrzymania oddechu.<\/p>\n<p>Jedn\u0105 z pacjentek zamordowanych pavulonem by\u0142a Ludmi\u0142a \u015a., kt\u00f3ra w 2001 r. trafi\u0142a do karetki z powodu wysypki. Sze\u015b\u0107 lat potem w procesie &#8222;\u0142owc\u00f3w sk\u00f3r&#8221; toczonym przed S\u0105dem Okr\u0119gowy w \u0141odzi ten orzek\u0142, \u017ce pavulon poda\u0142 68-letniej pacjentce sanitariusz Karol B. Us\u0142ysza\u0142 on kar\u0119 25 lat wi\u0119zienia \u2014 tak\u017ce za pomoc w u\u015bmierceniu czterech innych pacjent\u00f3w.<\/p>\n<p>Jak prywatny detektyw handlowa\u0142 ta\u015bmami polityk\u00f3w. Od Jana Kulczyka chcia\u0142 ogromnej kwoty<\/p>\n<p class=\"ods-o-frame-in-text__paragraph\"><a href=\"https:\/\/wiadomosci.onet.pl\/tylko-w-onecie\/jak-prywatny-detektyw-handlowal-tasmami-politykow-w-tle-spotkanie-z-rosjanami-w\/2z0g3vp\" id=\"a2502dc8-8a27-40bf-9091-a631cb7e13d9\" rel=\"nofollow noopener\" target=\"_blank\">Przeczytaj tekst Sebastiana Bia\u0142acha<\/a><\/p>\n<p><img class=\"ods-a-photo ods-a-photo--background\" src=\"https:\/\/www.europesays.com\/pl\/wp-content\/uploads\/2026\/08\/1787100784_673_C8Gk9lBaHR0cHM6Ly9vY2RuLmV1L3B1bHNjbXMvTURBXy8xMTcyZDhiZTNhNjY3ZjRiZjhkYWQ3MzBjYzU2YTJlNS5wbmeRlQLNA.jpeg\" height=\"253\" width=\"450\" loading=\"lazy\" fetchpriority=\"low\" decoding=\"async\"\/><\/p>\n<p>Karol B. przed wyrokiem z 2007 r. \u2014 kt\u00f3ry sta\u0142 si\u0119 prawomocny po apelacji w 2008 r. (i utrzyma\u0142 si\u0119 tak\u017ce po kasacji oddalonej przez S\u0105d Najwy\u017cszy) \u2014 przebywa\u0142 w areszcie. Dlatego S\u0105d Okr\u0119gowy w \u0141odzi wylicza, w odpowiedzi na pytania Onetu, \u017ce &#8222;Karol B. rozpocz\u0105\u0142 odbywanie kary [\u2026] w dniu 1 stycznia 2004 roku&#8221;.<\/p>\n<p>Ale \u2014 mimo prawomocnej odsiadki w wymiarze 25 lat, liczonej od 2004 r. \u2014 dobiegaj\u0105cy sze\u015b\u0107dziesi\u0105tki Karol B. aktualnie przebywa na wolno\u015bci.<\/p>\n<p>&#8222;W dniu 3 czerwca 2026 roku do S\u0105du Okr\u0119gowego w \u0141odzi wp\u0142yn\u0119\u0142y akta sprawy z wnioskiem skazanego o udzielenie przedterminowego warunkowego zwolnienia, z kt\u00f3rych wynika\u0142o, \u017ce na mocy postanowienia S\u0105du Okr\u0119gowego we Wroc\u0142awiu od 27 maja 2026 roku Karol B. korzysta z przerwy w karze&#8221; \u2014 informuje s\u0119dzia Monika Paw\u0142owska-Radzimierska rzecznik S\u0105du Okr\u0119gowego w \u0141odzi.<\/p>\n<p>Dalszy ci\u0105g artyku\u0142u pod materia\u0142em wideo<\/p>\n<p>Za\u015b w poniedzia\u0142ek S\u0105d Okr\u0119gowy we Wroc\u0142awiu poda\u0142 pow\u00f3d przyznania Karolowi B. przerwy. &#8222;Zosta\u0142a udzielona ze wzgl\u0119d\u00f3w zdrowotnych&#8221; \u2014 poinformowa\u0142o w odpowiedzi dla Onetu biuro prasowe wroc\u0142awskiego s\u0105du. Przerwa ma trwa\u0107 do 27 listopada, czyli jej d\u0142ugo\u015b\u0107 to p\u00f3\u0142 roku.<\/p>\n<p>Co z wnioskiem o przedterminowe warunkowe zwolnienie Karola B.? Rzecznik S\u0105du Okr\u0119gowego w \u0141odzi stwierdza, \u017ce ten wniosek &#8222;nie zosta\u0142 jeszcze rozpoznany&#8221;.<\/p>\n<p>Co z pozosta\u0142ymi odsiadkami? Od &#8222;Mengele&#8221; do &#8222;Don Wasyla&#8221;<\/p>\n<p>Cztery zab\u00f3jstwa, w kt\u00f3rych pomaga\u0142 Karol B., s\u0105d przypisa\u0142 Andrzejowi N. Ten sanitariusz, zwany w pogotowiu &#8222;Mengele&#8221;, trafi\u0142 do aresztu w czerwcu 2003 i odt\u0105d S\u0105d Okr\u0119gowy w \u0141odzi liczy odsiadywanie przez Andrzeja N. do\u017cywocia. To kara r\u00f3wnie\u017c za pomoc udzielon\u0105 przez &#8222;Mengele&#8221; w zab\u00f3jstwie udowodnionym Karolowi B. \u2014 czyli przekazanie mi\u0119dzy sanitariuszami pavulonu.<\/p>\n<p>&#8222;Mengele&#8221;, kt\u00f3ry podobnie jak Karol B. dobiega, sze\u015b\u0107dziesi\u0105tki, b\u0119dzie m\u00f3g\u0142 si\u0119 ubiega\u0107 o przedterminowe warunkowe zwolnienie od czerwca 2028 r.<\/p>\n<p><img class=\"ods-a-photo ods-a-photo--background\" src=\"https:\/\/www.europesays.com\/pl\/wp-content\/uploads\/2026\/08\/yoYk9lBaHR0cHM6Ly9vY2RuLmV1L3B1bHNjbXMvTURBXy9jMzM3NDQ5YjBkYzg1MjI2YWNjMjE3NjRjYWUzODA3Zi5qcGeRkwXNB.jpeg\" height=\"800\" width=\"523\" alt=\"Andrzej N. (w \u015brodku zdj\u0119cia) i Karol B. (na dole fotografii) w 2005 r. \u2014 podczas procesu &quot;\u0142owc\u00f3w sk\u00f3r&quot; przed S\u0105dem Okr\u0119gowym w \u0141odzi\" loading=\"lazy\" fetchpriority=\"auto\" decoding=\"auto\"\/><\/p>\n<p>Grzegorz Micha\u0142owski\/PAP \/ PAP<\/p>\n<p>Andrzej N. (w \u015brodku zdj\u0119cia) i Karol B. (na dole fotografii) w 2005 r. \u2014 podczas procesu &#8222;\u0142owc\u00f3w sk\u00f3r&#8221; przed S\u0105dem Okr\u0119gowym w \u0141odzi<\/p>\n<p>\u0141\u00f3dzki proces &#8222;\u0142owc\u00f3w sk\u00f3r&#8221; zako\u0144czy\u0142 si\u0119 prawomocnymi wyrokami wi\u0119zienia tak\u017ce dla dw\u00f3ch lekarzy pogotowia. W ich przypadku s\u0105d uzna\u0142, \u017ce nara\u017cali \u017cycie swoich pacjent\u00f3w, odst\u0119puj\u0105c od ich ratowania \u2014 albo prowadz\u0105c akcje ratownicze w niew\u0142a\u015bciwy spos\u00f3b.<\/p>\n<p>&#8222;Istnieje powa\u017cne podejrzenie, \u017ce up\u0142yn\u0105\u0142 ju\u017c okres niezb\u0119dny do zatarcia skazania. W takim przypadku skazanie uwa\u017ca si\u0119 za nieby\u0142e ze wszystkimi tego konsekwencjami&#8221; \u2014 stwierdza w odpowiedzi dla Onetu rzecznik S\u0105du Okr\u0119gowego w \u0141odzi, pytana o sytuacj\u0119 lekarzy Janusza K. oraz Paw\u0142a W.<\/p>\n<p>Janusz K. us\u0142ysza\u0142 w \u0142\u00f3dzkim procesie wyrok sze\u015bciu lat wi\u0119zienia oraz zakaz wykonywania zawodu przez dekad\u0119. Dodatkowo Okr\u0119gowa Izba Lekarska w \u0141odzi orzek\u0142a wobec Janusza K. do\u017cywotni\u0105 dyskwalifikacj\u0119 zawodow\u0105.<\/p>\n<p>Kara orzeczona przez s\u0105d wobec Paw\u0142a W., znanego w pogotowiu jako &#8222;Don Wasyl&#8221; \u2014 albo &#8222;lekarz z Milioner\u00f3w&#8221; (w 2000 r. wygra\u0142 125 tys. z\u0142 w teleturnieju prowadzonym przez Huberta Urba\u0144skiego) to pi\u0119\u0107 lat wi\u0119zienia i dwa razy d\u0142u\u017cszy zakaz wykonywania zawodu. Jednak &#8222;Don Wasyl&#8221; sam zrzek\u0142 si\u0119 prawa do bycia lekarzem wobec samorz\u0105du zawodowego. Wiadomo, \u017ce mi\u0119dzy wybuchem afery a wyrokiem z \u0141odzi pr\u00f3bowa\u0142 odbudowa\u0107 karier\u0119 medyka w szpitalu w Cz\u0142uchowie, jednak po publikacjach lokalnych dziennikarzy zako\u0144czy\u0142o si\u0119 to niepowodzeniem. Kilkana\u015bcie lat temu Pawe\u0142 W. by\u0142 aktywny jako hodowca jednej z ras kot\u00f3w.<\/p>\n","protected":false},"excerpt":{"rendered":"Blisko \u0107wier\u0107 wieku od ujawnienia \u0142\u00f3dzkiej afery &#8222;\u0142owc\u00f3w sk\u00f3r&#8221; tylko jeden ze skazanych w jej skutek siedzi aktualnie&hellip;\n","protected":false},"author":2,"featured_media":631208,"comment_status":"","ping_status":"","sticky":false,"template":"","format":"standard","meta":{"footnotes":"","_share_on_mastodon":"0"},"categories":[51608],"tags":[56,61195,2765,3652,48,5354,46,42,10529,38,40,39,41,47],"class_list":["post-631207","post","type-post","status-publish","format-standard","has-post-thumbnail","category-lodz","tag-article_premium","tag-bottomfeed_styl","tag-lodz_miasto","tag-lodz","tag-nat_styl","tag-ochrona_zdrowia","tag-omp","tag-pl","tag-pogotowie_ratunkowe","tag-poland","tag-polish","tag-polska","tag-polski","tag-screening_general"],"share_on_mastodon":{"url":"https:\/\/pubeurope.com\/@pl\/117119445928552804","error":""},"_links":{"self":[{"href":"https:\/\/www.europesays.com\/pl\/wp-json\/wp\/v2\/posts\/631207","targetHints":{"allow":["GET"]}}],"collection":[{"href":"https:\/\/www.europesays.com\/pl\/wp-json\/wp\/v2\/posts"}],"about":[{"href":"https:\/\/www.europesays.com\/pl\/wp-json\/wp\/v2\/types\/post"}],"author":[{"embeddable":true,"href":"https:\/\/www.europesays.com\/pl\/wp-json\/wp\/v2\/users\/2"}],"replies":[{"embeddable":true,"href":"https:\/\/www.europesays.com\/pl\/wp-json\/wp\/v2\/comments?post=631207"}],"version-history":[{"count":0,"href":"https:\/\/www.europesays.com\/pl\/wp-json\/wp\/v2\/posts\/631207\/revisions"}],"wp:featuredmedia":[{"embeddable":true,"href":"https:\/\/www.europesays.com\/pl\/wp-json\/wp\/v2\/media\/631208"}],"wp:attachment":[{"href":"https:\/\/www.europesays.com\/pl\/wp-json\/wp\/v2\/media?parent=631207"}],"wp:term":[{"taxonomy":"category","embeddable":true,"href":"https:\/\/www.europesays.com\/pl\/wp-json\/wp\/v2\/categories?post=631207"},{"taxonomy":"post_tag","embeddable":true,"href":"https:\/\/www.europesays.com\/pl\/wp-json\/wp\/v2\/tags?post=631207"}],"curies":[{"name":"wp","href":"https:\/\/api.w.org\/{rel}","templated":true}]}}