{"id":631303,"date":"2026-08-19T02:07:14","date_gmt":"2026-08-19T02:07:14","guid":{"rendered":"https:\/\/www.europesays.com\/pl\/631303\/"},"modified":"2026-08-19T02:07:14","modified_gmt":"2026-08-19T02:07:14","slug":"nowe-sankcje-usa-wobec-mtk-na-liscie-prezeska-sadu-tomoko-akane-2","status":"publish","type":"post","link":"https:\/\/www.europesays.com\/pl\/631303\/","title":{"rendered":"Nowe sankcje USA wobec MTK. Na li\u015bcie prezeska s\u0105du Tomoko Akane"},"content":{"rendered":"<p>Sekretarz stanu USA napisa\u0142 w komunikacie rozes\u0142anym przez Departament Stanu, \u017ce wed\u0142ug administracji Donalda Trumpa MTK &#8222;jest skorumpowanym i skrajnie upolitycznionym ponadnarodowym s\u0105dem, kt\u00f3ry celowo i w z\u0142ej woli nadu\u017cywa swoich uprawnie\u0144 i przekracza powierzony mu mandat&#8221;. Zapowiedzia\u0142, \u017ce USA nie b\u0119d\u0105 &#8222;tolerowa\u0107 jego ataku na suwerenno\u015b\u0107 pa\u0144stwow\u0105&#8221;.<\/p>\n<p class=\"ods-o-frame-in-text__paragraph\"><a href=\"https:\/\/wiadomosci.onet.pl\/swiat\/trump-wybil-dziure-w-obronie-zachodu-polska-moze-miec-problem-z-kluczowym-uzbrojeniem\/pptrqcr\" id=\"74aecdfe-b33b-46e9-9b6b-8e6f5ab6f5e9\" rel=\"nofollow noopener\" target=\"_blank\">Trump wybi\u0142 dziur\u0119 w obronie Zachodu. Polska mo\u017ce mie\u0107 problem z kluczowym uzbrojeniem<\/a><\/p>\n<p><img class=\"ods-a-photo ods-a-photo--background\" src=\"https:\/\/www.europesays.com\/pl\/wp-content\/uploads\/2026\/08\/WCsk9lBaHR0cHM6Ly9vY2RuLmV1L3B1bHNjbXMvTURBXy84MjFhYjJjZWIzOTU0NzZhM2Y1MWNjNzYxY2NhODZhMC5qcGeRlQLNA.jpeg\" height=\"300\" width=\"450\" alt=\"Donald Trump\" loading=\"lazy\" fetchpriority=\"low\" decoding=\"async\"\/><\/p>\n<p>Rubio wyznaczy\u0142 do obj\u0119cia sankcjami dw\u00f3ch przedstawicieli MTK: prezesk\u0119 s\u0105du oraz starszego prawnika procesowego. &#8222;Osoby te bezpo\u015brednio uczestniczy\u0142y w dzia\u0142aniach MTK zmierzaj\u0105cych do prowadzenia dochodze\u0144, aresztowania, zatrzymywania lub \u015bcigania urz\u0119dnik\u00f3w pa\u0144stw, kt\u00f3rych rz\u0105dy nie wyrazi\u0142y zgody na podleganie jurysdykcji MTK&#8221; \u2014 oznajmi\u0142 Rubio.<\/p>\n<p>S\u0119dziowie MTK na celowniku USA. Na\u0142o\u017cono kolejne sankcje<\/p>\n<p>Szef dyplomacji zapowiedzia\u0142, \u017ce ameryka\u0144ska &#8222;kampania maj\u0105ca na celu wyeliminowanie zagro\u017cenia, jakie MTK stanowi dla suwerenno\u015bci pa\u0144stwowej, b\u0119dzie zakrojona na szerok\u0105 skal\u0119&#8221;. USA oczekuj\u0105, \u017ce kolejne pa\u0144stwa przy\u0142\u0105cz\u0105 si\u0119 do ich dzia\u0142a\u0144, wstrzymuj\u0105c finansowanie oraz udzia\u0142 w dzia\u0142alno\u015bci MTK \u2014 doda\u0142.<\/p>\n<p>Administracja Trumpa ju\u017c wcze\u015bniej og\u0142osi\u0142a sankcje wobec licznych s\u0119dzi\u00f3w i prokurator\u00f3w Trybuna\u0142u, g\u0142\u00f3wnie w zwi\u0105zku ze \u015bciganiem przez MTK premiera Izraela Binjamina Netanjahu oraz by\u0142ego ministra obrony tego kraju Joawa Galanta. W lutym br. USA na\u0142o\u017cy\u0142y sankcje na g\u0142\u00f3wnego prokuratora MTK Karima Khana w zwi\u0105zku z wydaniem przez Trybuna\u0142 nakaz\u00f3w aresztowania Netanjahu i Galanta.<\/p>\n","protected":false},"excerpt":{"rendered":"Sekretarz stanu USA napisa\u0142 w komunikacie rozes\u0142anym przez Departament Stanu, \u017ce wed\u0142ug administracji Donalda Trumpa MTK &#8222;jest skorumpowanym&hellip;\n","protected":false},"author":2,"featured_media":631304,"comment_status":"","ping_status":"","sticky":false,"template":"","format":"standard","meta":{"footnotes":"","_share_on_mastodon":"0"},"categories":[14],"tags":[343,61195,32,33,44,27,34,35,5190,4166,28,31,48,25,46,55,40,41,47,80,29,30,26,82,83,84],"class_list":["post-631303","post","type-post","status-publish","format-standard","has-post-thumbnail","category-swiat","tag-binjamin_netanjahu","tag-bottomfeed_styl","tag-breaking-news","tag-breakingnews","tag-donald_trump","tag-headlines","tag-latest-news","tag-latestnews","tag-marco_rubio","tag-mtk_miedzynarodowy_trybunal_karny","tag-naglowki","tag-najwazniejsze-artykuly","tag-nat_styl","tag-news","tag-omp","tag-phx","tag-polish","tag-polski","tag-screening_general","tag-swiat","tag-top-stories","tag-topstories","tag-wiadomosci","tag-world","tag-world-news","tag-worldnews"],"share_on_mastodon":{"url":"https:\/\/pubeurope.com\/@pl\/117119736763110981","error":""},"_links":{"self":[{"href":"https:\/\/www.europesays.com\/pl\/wp-json\/wp\/v2\/posts\/631303","targetHints":{"allow":["GET"]}}],"collection":[{"href":"https:\/\/www.europesays.com\/pl\/wp-json\/wp\/v2\/posts"}],"about":[{"href":"https:\/\/www.europesays.com\/pl\/wp-json\/wp\/v2\/types\/post"}],"author":[{"embeddable":true,"href":"https:\/\/www.europesays.com\/pl\/wp-json\/wp\/v2\/users\/2"}],"replies":[{"embeddable":true,"href":"https:\/\/www.europesays.com\/pl\/wp-json\/wp\/v2\/comments?post=631303"}],"version-history":[{"count":0,"href":"https:\/\/www.europesays.com\/pl\/wp-json\/wp\/v2\/posts\/631303\/revisions"}],"wp:featuredmedia":[{"embeddable":true,"href":"https:\/\/www.europesays.com\/pl\/wp-json\/wp\/v2\/media\/631304"}],"wp:attachment":[{"href":"https:\/\/www.europesays.com\/pl\/wp-json\/wp\/v2\/media?parent=631303"}],"wp:term":[{"taxonomy":"category","embeddable":true,"href":"https:\/\/www.europesays.com\/pl\/wp-json\/wp\/v2\/categories?post=631303"},{"taxonomy":"post_tag","embeddable":true,"href":"https:\/\/www.europesays.com\/pl\/wp-json\/wp\/v2\/tags?post=631303"}],"curies":[{"name":"wp","href":"https:\/\/api.w.org\/{rel}","templated":true}]}}