{"id":631635,"date":"2026-08-19T06:10:12","date_gmt":"2026-08-19T06:10:12","guid":{"rendered":"https:\/\/www.europesays.com\/pl\/631635\/"},"modified":"2026-08-19T06:10:12","modified_gmt":"2026-08-19T06:10:12","slug":"trump-wstrzymuje-decyzje-wobec-kanady-nagly-zwrot-ws-cel","status":"publish","type":"post","link":"https:\/\/www.europesays.com\/pl\/631635\/","title":{"rendered":"Trump wstrzymuje decyzj\u0119 wobec Kanady. Nag\u0142y zwrot ws. ce\u0142"},"content":{"rendered":"\n<p>&#13;<br \/>\nW \u015brod\u0119 19 sierpnia mia\u0142y wej\u015b\u0107 w\u00a0\u017cycie 50-proc. c\u0142a na\u00a0wybrane produkty z\u00a0Kanady. Bia\u0142y Dom uzasadnia\u0142 t\u0119\u00a0decyzj\u0119 dyskryminacj\u0105 ameryka\u0144skich towar\u00f3w. Nowe taryfy mia\u0142y obj\u0105\u0107 m.in. cement, wino oraz\u00a0kije do\u00a0bardzo popularnego zar\u00f3wno w\u00a0Stanach Zjednoczonych, jak i\u00a0Kanadzie hokeja na\u00a0lodzie. &#13;\n<\/p>\n<p>&#13;<br \/>\nChc\u0105c uderzy\u0107 w\u00a0s\u0105siednie pa\u0144stwo, Donald Trump skorzysta\u0142 z\u00a0zapis\u00f3w ustawy taryfowej z\u00a01930\u00a0r. Jeden z\u00a0przepis\u00f3w pozwala prezydentowi USA na\u0142o\u017cy\u0107 c\u0142a si\u0119gaj\u0105ce 50 proc. bez zgody Kongresu, je\u015bli uzna, \u017ce\u00a0dany kraj dyskryminuje produkty ze\u00a0Stan\u00f3w Zjednoczonych. &#13;\n<\/p>\n<p>&#13;<br \/>\nW ostatnich dniach Trump m\u00f3wi\u0142 r\u00f3wnie\u017c o\u00a0tym, \u017ce\u00a0Kanada powinna ponie\u015b\u0107 koszty zanieczyszczenia powietrza po\u00a0po\u017carach las\u00f3w. Jednak wysoki rang\u0105 przedstawiciel prezydenckiej administracji podkre\u015bli\u0142 w\u00a0rozmowie z\u00a0portalem Axios, \u017ce\u00a0c\u0142a nie\u00a0maj\u0105 zwi\u0105zku z\u00a0po\u017carami, a\u00a0rozwi\u0105zania w\u00a0tej sprawie wci\u0105\u017c s\u0105 analizowane. &#13;\n<\/p>\n<p>&#13;<br \/>\nKanada jest drugim, po\u00a0Meksyku, najwi\u0119kszym partnerem handlowym Stan\u00f3w Zjednoczonych pod\u00a0wzgl\u0119dem sumy eksportu i\u00a0importu. Nowe c\u0142a mog\u0142y obj\u0105\u0107 eksport o\u00a0warto\u015bci ok. 30 mld dol. kanadyjskich. &#13;\n<\/p>\n<p>Trump: Kanada i\u00a0USA zawar\u0142y porozumienie!<\/p>\n<p>&#13;<br \/>\n&#8222;Wstrzyma\u0142em 50-procentowe c\u0142a na\u00a0Kanad\u0119, kt\u00f3re mia\u0142y wej\u015b\u0107 w\u00a0\u017cycie jutro rano na\u00a0okres trzech dni, poniewa\u017c Kanada i\u00a0USA \u2013\u00a0pod\u00a0warunkiem sfinalizowania dokument\u00f3w \u2013\u00a0ZAWAR\u0141Y POROZUMIENIE! Wielki ruroci\u0105g Keystone XL, dawno temu pogrzebany przez \u015api\u0105cego Joe Bidena, mo\u017ce zosta\u0107 wskrzeszony!&#8221; \u2013\u00a0napisa\u0142 we\u00a0wtorek wieczorem na\u00a0swojej platformie spo\u0142eczno\u015bciowej Truth Social Donald Trump. &#13;\n<\/p>\n<p>&#13;<br \/>\nAmeryka\u0144ski przyw\u00f3dca og\u0142osi\u0142 na\u0142o\u017cenie ce\u0142 na\u00a0Kanad\u0119 w\u00a0lipcu. Kanadyjski premier Mark Carney zadeklarowa\u0142 w\u00f3wczas gotowo\u015b\u0107 swojego kraju do\u00a0negocjacji. Jednocze\u015bnie zapowiedzia\u0142 ochron\u0119 gospodarki. Nie\u00a0wykluczy\u0142 tak\u017ce podj\u0119cia dzia\u0142a\u0144 odwetowych. &#13;\n<\/p>\n<p>&#13;<br \/>\nKanadyjskie media poda\u0142y, \u017ce\u00a0Carney i\u00a0Trump przeprowadzili w\u00a0poniedzia\u0142ek rozmow\u0119 telefoniczn\u0105. &#13;\n<\/p>\n<p>&#13;<br \/>\n   Czytaj te\u017c:<br \/><a href=\"https:\/\/dorzeczy.pl\/ekonomia\/926611\/grenlandia-firma-powiazana-z-trumpem-chce-wiercic-bez-zgody-wladz.html\" rel=\"follow nofollow noopener\" data-schema=\"DORZECZY\" data-image=\"https:\/\/img.dorzeczy.pl\/_thumb\/79\/60\/414ecea647e50xxbcf7a1a59e6ba.jpeg\" target=\"_blank\">Firma powi\u0105zana z\u00a0Trumpem wys\u0142a\u0142a sprz\u0119t na\u00a0Grenlandi\u0119. Rz\u0105d wyda\u0142 ostrze\u017cenie<\/a>&#13;<\/p>\n","protected":false},"excerpt":{"rendered":"&#13; W \u015brod\u0119 19 sierpnia mia\u0142y wej\u015b\u0107 w\u00a0\u017cycie 50-proc. c\u0142a na\u00a0wybrane produkty z\u00a0Kanady. Bia\u0142y Dom uzasadnia\u0142 t\u0119\u00a0decyzj\u0119 dyskryminacj\u0105&hellip;\n","protected":false},"author":2,"featured_media":631636,"comment_status":"","ping_status":"","sticky":false,"template":"","format":"standard","meta":{"footnotes":"","_share_on_mastodon":"0"},"categories":[14],"tags":[32,33,63,662,98,105,27,193,34,35,28,31,25,40,41,80,29,30,597,71,26,82,83,84],"class_list":["post-631635","post","type-post","status-publish","format-standard","has-post-thumbnail","category-swiat","tag-breaking-news","tag-breakingnews","tag-cla","tag-dawid-sienkowski","tag-dorzeczy","tag-ekonomia","tag-headlines","tag-kanada","tag-latest-news","tag-latestnews","tag-naglowki","tag-najwazniejsze-artykuly","tag-news","tag-polish","tag-polski","tag-swiat","tag-top-stories","tag-topstories","tag-trump","tag-usa","tag-wiadomosci","tag-world","tag-world-news","tag-worldnews"],"share_on_mastodon":{"url":"https:\/\/pubeurope.com\/@pl\/117120691376343489","error":""},"_links":{"self":[{"href":"https:\/\/www.europesays.com\/pl\/wp-json\/wp\/v2\/posts\/631635","targetHints":{"allow":["GET"]}}],"collection":[{"href":"https:\/\/www.europesays.com\/pl\/wp-json\/wp\/v2\/posts"}],"about":[{"href":"https:\/\/www.europesays.com\/pl\/wp-json\/wp\/v2\/types\/post"}],"author":[{"embeddable":true,"href":"https:\/\/www.europesays.com\/pl\/wp-json\/wp\/v2\/users\/2"}],"replies":[{"embeddable":true,"href":"https:\/\/www.europesays.com\/pl\/wp-json\/wp\/v2\/comments?post=631635"}],"version-history":[{"count":0,"href":"https:\/\/www.europesays.com\/pl\/wp-json\/wp\/v2\/posts\/631635\/revisions"}],"wp:featuredmedia":[{"embeddable":true,"href":"https:\/\/www.europesays.com\/pl\/wp-json\/wp\/v2\/media\/631636"}],"wp:attachment":[{"href":"https:\/\/www.europesays.com\/pl\/wp-json\/wp\/v2\/media?parent=631635"}],"wp:term":[{"taxonomy":"category","embeddable":true,"href":"https:\/\/www.europesays.com\/pl\/wp-json\/wp\/v2\/categories?post=631635"},{"taxonomy":"post_tag","embeddable":true,"href":"https:\/\/www.europesays.com\/pl\/wp-json\/wp\/v2\/tags?post=631635"}],"curies":[{"name":"wp","href":"https:\/\/api.w.org\/{rel}","templated":true}]}}