{"id":631825,"date":"2026-08-19T08:04:10","date_gmt":"2026-08-19T08:04:10","guid":{"rendered":"https:\/\/www.europesays.com\/pl\/631825\/"},"modified":"2026-08-19T08:04:10","modified_gmt":"2026-08-19T08:04:10","slug":"nocne-uderzenia-ukrainy-gesty-dym-nad-fabryka-w-rosji","status":"publish","type":"post","link":"https:\/\/www.europesays.com\/pl\/631825\/","title":{"rendered":"Nocne uderzenia Ukrainy. G\u0119sty dym nad fabryk\u0105 w Rosji"},"content":{"rendered":"<p>Ukrai\u0144skie drony zaatakowa\u0142y obiekty przemys\u0142owe w Ufie w nocy 19 sierpnia \u2014 poinformowa\u0142 Radij Chabirow, prezydent Baszkirii. Wed\u0142ug niego si\u0142om obrony przeciwlotniczej uda\u0142o si\u0119 zestrzeli\u0107 cztery z sze\u015bciu dron\u00f3w. Jeden z nich rozbi\u0142 si\u0119 w strefie przemys\u0142owej, wzniecaj\u0105c po\u017car, a drugi uderzy\u0142 w budynek mieszkalny w dzielnicy Zaton. Jedna osoba zosta\u0142a ranna.<\/p>\n<p>Kolejny taki atak na rosyjsk\u0105 fabryk\u0119<\/p>\n<p>Wed\u0142ug kana\u0142u Astra, ukrai\u0144ski dron uszkodzi\u0142 r\u00f3wnie\u017c budynek mieszkalny w Dzier\u017cy\u0144sku w obwodzie ni\u017cnonowogrodzkim, ale nikt nie zosta\u0142 ranny. W tym samym mie\u015bcie drony zaatakowa\u0142y fabryk\u0119 materia\u0142\u00f3w wybuchowych Swierd\u0142ow, gdzie, wed\u0142ug nagra\u0144 naocznych \u015bwiadk\u00f3w, unosi\u0142 si\u0119 g\u0119sty dym. Ukrai\u0144skie drony uderza\u0142y tam ju\u017c kilkukrotnie.<\/p>\n<p>W\u0142adze obwod\u00f3w w\u0142odzimierskiego i tulskiego r\u00f3wnie\u017c informowa\u0142y o ataku dron\u00f3w. Gubernator obwodu tulskiego Dmitrij Milajew poinformowa\u0142, \u017ce bezza\u0142ogowce zosta\u0142y &#8222;skutecznie zniszczone&#8221;, nikt nie zosta\u0142 ranny. Gubernator obwodu w\u0142odzimierskiego Aleksandra Awdiejewa poinformowa\u0142a o uszkodzeniach budynk\u00f3w w sektorze domk\u00f3w letniskowych. Doda\u0142a, \u017ce \u200b\u200bnikt nie zosta\u0142 ranny.<\/p>\n<p>Ukraina uderza w m\u00f3zg armii Rosji. Atak wytr\u0105ca asa z r\u0105k Putina. &#8222;Nasze sankcje&#8221;<img class=\"ods-a-photo ods-a-photo--background\" src=\"https:\/\/www.europesays.com\/pl\/wp-content\/uploads\/2026\/08\/1787126650_352_TuFk9lBaHR0cHM6Ly9vY2RuLmV1L3B1bHNjbXMvTURBXy8zOGYyYTJjNDY5MGY0ZjQ3ZTZmZGQ1MzdmYTc1M2U4YS5wbmeRlQLNA.jpeg\" height=\"246\" width=\"450\" alt=\"W\u0142adimir Putin i atak na Centrum Rakietowo-Kosmiczne Progres w Samarze\" loading=\"lazy\" fetchpriority=\"low\" decoding=\"async\"\/><\/p>\n","protected":false},"excerpt":{"rendered":"Ukrai\u0144skie drony zaatakowa\u0142y obiekty przemys\u0142owe w Ufie w nocy 19 sierpnia \u2014 poinformowa\u0142 Radij Chabirow, prezydent Baszkirii. Wed\u0142ug&hellip;\n","protected":false},"author":2,"featured_media":631826,"comment_status":"","ping_status":"","sticky":false,"template":"","format":"standard","meta":{"footnotes":"","_share_on_mastodon":"0"},"categories":[14],"tags":[61195,32,33,144,27,76,34,35,28,31,48,25,46,40,41,87,47,80,29,30,415,26,82,83,84],"class_list":["post-631825","post","type-post","status-publish","format-standard","has-post-thumbnail","category-swiat","tag-bottomfeed_styl","tag-breaking-news","tag-breakingnews","tag-drony","tag-headlines","tag-inwazja_rosji_na_ukraine","tag-latest-news","tag-latestnews","tag-naglowki","tag-najwazniejsze-artykuly","tag-nat_styl","tag-news","tag-omp","tag-polish","tag-polski","tag-rosja","tag-screening_general","tag-swiat","tag-top-stories","tag-topstories","tag-ukraina","tag-wiadomosci","tag-world","tag-world-news","tag-worldnews"],"share_on_mastodon":{"url":"https:\/\/pubeurope.com\/@pl\/117121140514570955","error":""},"_links":{"self":[{"href":"https:\/\/www.europesays.com\/pl\/wp-json\/wp\/v2\/posts\/631825","targetHints":{"allow":["GET"]}}],"collection":[{"href":"https:\/\/www.europesays.com\/pl\/wp-json\/wp\/v2\/posts"}],"about":[{"href":"https:\/\/www.europesays.com\/pl\/wp-json\/wp\/v2\/types\/post"}],"author":[{"embeddable":true,"href":"https:\/\/www.europesays.com\/pl\/wp-json\/wp\/v2\/users\/2"}],"replies":[{"embeddable":true,"href":"https:\/\/www.europesays.com\/pl\/wp-json\/wp\/v2\/comments?post=631825"}],"version-history":[{"count":0,"href":"https:\/\/www.europesays.com\/pl\/wp-json\/wp\/v2\/posts\/631825\/revisions"}],"wp:featuredmedia":[{"embeddable":true,"href":"https:\/\/www.europesays.com\/pl\/wp-json\/wp\/v2\/media\/631826"}],"wp:attachment":[{"href":"https:\/\/www.europesays.com\/pl\/wp-json\/wp\/v2\/media?parent=631825"}],"wp:term":[{"taxonomy":"category","embeddable":true,"href":"https:\/\/www.europesays.com\/pl\/wp-json\/wp\/v2\/categories?post=631825"},{"taxonomy":"post_tag","embeddable":true,"href":"https:\/\/www.europesays.com\/pl\/wp-json\/wp\/v2\/tags?post=631825"}],"curies":[{"name":"wp","href":"https:\/\/api.w.org\/{rel}","templated":true}]}}