{"id":631951,"date":"2026-08-19T09:30:11","date_gmt":"2026-08-19T09:30:11","guid":{"rendered":"https:\/\/www.europesays.com\/pl\/631951\/"},"modified":"2026-08-19T09:30:11","modified_gmt":"2026-08-19T09:30:11","slug":"serce-mi-peka-wicemistrz-swiata-reaguje-na-tekst-wp-sportowefakty","status":"publish","type":"post","link":"https:\/\/www.europesays.com\/pl\/631951\/","title":{"rendered":"&#8222;Serce mi p\u0119ka&#8221;. Wicemistrz \u015bwiata reaguje na tekst WP SportoweFakty"},"content":{"rendered":"\n<p class=\"contentpart contentpart--default contentpart--text\" data-position=\"0\">Dziennikarz <a href=\"https:\/\/sportowefakty.wp.pl\/inne\/lukasz-kuczera\" rel=\"nofollow noopener\" target=\"_blank\">\u0141ukasz Kuczera<\/a>\u00a0z WP SportoweFakty opisa\u0142 konflikt, jaki ma miejsce w Z\u0142otorii pod Toruniem. <a href=\"https:\/\/sportowefakty.wp.pl\/pilka-nozna\/edward-hodge\" rel=\"nofollow noopener\" target=\"_blank\">Edward Hodge<\/a>, kt\u00f3ry przez lata wsp\u00f3\u0142pracowa\u0142 z sukcesami z pi\u0142karzami i klubami <a href=\"https:\/\/sportowefakty.wp.pl\/pilka-nozna\/premier-league\" rel=\"nofollow noopener\" target=\"_blank\">Premier League<\/a>, przeprowadzi\u0142 si\u0119 do Polski wraz z ma\u0142\u017conk\u0105.\u00a0<a href=\"https:\/\/sportowefakty.wp.pl\/pilka-nozna\/1267559\/idylla-zamieniona-w-koszmar-angielski-trener-przezywa-pieklo-w-polsce\" rel=\"nofollow noopener\" target=\"_blank\">Szybko idylla zamieni\u0142a si\u0119\u00a0w koszmar, a para zacz\u0119\u0142a by\u0107 prze\u015bladowana przez lokaln\u0105 spo\u0142eczno\u015b\u0107<\/a>. Hodge&#8217;owie zmagaj\u0105 si\u0119 z ksenofobi\u0105, niszczeniem mienia oraz zastraszaniem. Spraw\u0105 zajmuje si\u0119 policja.<\/p>\n<p>Robert Lambert reaguje na tekst WP SportoweFakty<\/p>\n<p>  <img decoding=\"async\" src=\"https:\/\/v.wpimg.pl\/X3dwLnN2d1IFFTpdYUl6R0ZNbgcnEHQREVV2TGEGbUtRT2MdOlZ2RBQUKABgQjQcDRotCStBd1IAAWMeIlM7VgwYIAorQAdEFFk_GCkQJQ\" alt=\"\" width=\"45\" height=\"58\" loading=\"lazy\"\/>  <\/p>\n<p class=\"contentpart contentpart--default contentpart--text\" data-position=\"2\">&#8211; Jedna osoba powiedzia\u0142a mi, \u017ce nie chce widzie\u0107 tu obcokrajowc\u00f3w. S\u0142ysza\u0142em has\u0142a, \u017ce skoro jestem w Polsce, powinienem m\u00f3wi\u0107 po polsku, \u017ce Polska jest tylko dla Polak\u00f3w. To jest rasizm. Zamontowali kamery nagrywaj\u0105ce to, co robimy w ogrodzie &#8211; powiedzia\u0142 Hodge w rozmowie z dziennikarzem WP SportoweFakty.<\/p>\n<p class=\"contentpart contentpart--default contentpart--text\" data-position=\"3\">ZOBACZ WIDEO: Dwa pa\u0142ace, stadnina i setki hektar\u00f3w. Tak wygl\u0105da maj\u0105tek legendy<\/p>\n<p class=\"contentpart contentpart--default contentpart--text\" data-position=\"5\">Artyku\u0142 dotar\u0142 do <a href=\"https:\/\/sportowefakty.wp.pl\/zuzel\/robert-lambert\" rel=\"nofollow noopener\" target=\"_blank\">Roberta Lamberta<\/a>, kt\u00f3ry w polskiej <a href=\"https:\/\/sportowefakty.wp.pl\/zuzel\/pge-ekstraliga\" rel=\"nofollow noopener\" target=\"_blank\">PGE Ekstralidze<\/a>\u00a0reprezentuje klub \u017cu\u017clowy <a href=\"https:\/\/sportowefakty.wp.pl\/zuzel\/pres-grupa-deweloperska-torun\" rel=\"nofollow noopener\" target=\"_blank\">PRES Grupa Deweloperska Toru\u0144<\/a>\u00a0i sam mieszka na co dzie\u0144 w wojew\u00f3dztwie kujawsko-pomorskim. Wicemistrz \u015bwiata z sezonu 2024 ma \u017con\u0119 Polk\u0119 i sporo czasu wolnego sp\u0119dza w naszym kraju.<\/p>\n<p class=\"contentpart contentpart--default contentpart--text\" data-position=\"6\">&#8222;Widok tego sprawia, \u017ce \u200b\u200bserce mi p\u0119ka&#8221; &#8211; napisa\u0142 Lambert, udost\u0119pniaj\u0105c link do reporta\u017cu WP SportoweFakty ze Z\u0142otorii. Brytyjski \u017cu\u017clowiec mia\u0142 okazj\u0119 osobi\u015bcie pozna\u0107 Hodge&#8217;a. To w\u0142a\u015bnie trener pom\u00f3g\u0142 mu w przygotowaniach fizycznych do sezonu 2026.<\/p>\n<p>  <img decoding=\"async\" src=\"https:\/\/v.wpimg.pl\/X3dwLnN2d1IFFTpdYUl6R0ZNbgcnEHQREVV2TGEGbUtRT2MdOlZ2RBQUKABgQjQcDRotCStBd1IAAWMeIlM7VgwYIAorQAdEFFk_GCkQJQ\" alt=\"\" width=\"45\" height=\"58\" loading=\"lazy\"\/>  <\/p>\n<p class=\"contentpart contentpart--default contentpart--text\" data-position=\"7\">&#8222;Dwie osoby, tak bardzo \u017cyczliwe i pomocne, chcia\u0142y po prostu spokojnego \u017cycia, bez gr\u00f3\u017ab \u015bmierci. To zdecydowanie przekracza wszelkie granice. Oka\u017cmy mi\u0142o\u015b\u0107 tym dw\u00f3m wspania\u0142ym przyjacio\u0142om&#8221; &#8211; doda\u0142 brytyjski \u017cu\u017clowiec.<\/p>\n<p class=\"contentpart contentpart--default contentpart--text\" data-position=\"8\"><a href=\"https:\/\/sportowefakty.wp.pl\/sportowybar\/1268765\/szokujace-chore-reakcje-po-glosnym-tekscie-wp-sportowefakty\" rel=\"nofollow noopener\" target=\"_blank\">Ju\u017c wcze\u015bniej na doniesienia o atakach na ma\u0142\u017ce\u0144stwo Hodge&#8217;\u00f3w zareagowa\u0142o \u015brodowisko pi\u0142karskie<\/a>. &#8222;Pozna\u0142em Eda i jego \u017con\u0119. Strasznie mili ludzie, z wielk\u0105 empati\u0105 i mi\u0142o\u015bci\u0105 do drugiego cz\u0142owieka. Straszne czyta\u0107 takie rzeczy! Niech w\u0142adze Z\u0142otorii\/Torunia zaczn\u0105 dzia\u0142a\u0107 i pomog\u0105 tej rodzinie&#8221; &#8211; napisa\u0142 na platformie X by\u0142y pi\u0142karz <a href=\"https:\/\/sportowefakty.wp.pl\/pilka-nozna\/michal-yro\" rel=\"nofollow noopener\" target=\"_blank\">Micha\u0142 \u017byro<\/a>.<\/p>\n<p class=\"contentpart contentpart--default contentpart--text\" data-position=\"9\">&#8222;Prawdziwa Polska, taka patriotyczna, bez empatii&#8221; &#8211; doda\u0142 <a href=\"https:\/\/sportowefakty.wp.pl\/pilka-nozna\/cezary-kucharski\" rel=\"nofollow noopener\" target=\"_blank\">Cezary Kucharski<\/a>, by\u0142y mened\u017cer <a href=\"https:\/\/sportowefakty.wp.pl\/pilka-nozna\/robert-lewandowski\" rel=\"nofollow noopener\" target=\"_blank\">Roberta Lewandowskiego<\/a>\u00a0i wielokrotny reprezentant Polski.<\/p>\n","protected":false},"excerpt":{"rendered":"Dziennikarz \u0141ukasz Kuczera\u00a0z WP SportoweFakty opisa\u0142 konflikt, jaki ma miejsce w Z\u0142otorii pod Toruniem. Edward Hodge, kt\u00f3ry przez&hellip;\n","protected":false},"author":2,"featured_media":631952,"comment_status":"","ping_status":"","sticky":false,"template":"","format":"standard","meta":{"footnotes":"","_share_on_mastodon":"0"},"categories":[24],"tags":[123933,3420,1334,269,278,42,38,40,39,41,2619,3413,127,126,3421,106,174,10524,30818],"class_list":["post-631951","post","type-post","status-publish","format-standard","has-post-thumbnail","category-sport","tag-edward-hodge","tag-motoarena-torun-im-mariana-rosego","tag-pge-ekstraliga","tag-pilka-nozna","tag-pilka-w-europie","tag-pl","tag-poland","tag-polish","tag-polska","tag-polski","tag-pres-grupa-deweloperska-torun","tag-robert-lambert","tag-sport","tag-sports","tag-torun","tag-wielka-brytania","tag-zuzel","tag-zuzel-w-europie","tag-zuzel-w-wielkiej-brytanii"],"share_on_mastodon":{"url":"https:\/\/pubeurope.com\/@pl\/117121478110634699","error":""},"_links":{"self":[{"href":"https:\/\/www.europesays.com\/pl\/wp-json\/wp\/v2\/posts\/631951","targetHints":{"allow":["GET"]}}],"collection":[{"href":"https:\/\/www.europesays.com\/pl\/wp-json\/wp\/v2\/posts"}],"about":[{"href":"https:\/\/www.europesays.com\/pl\/wp-json\/wp\/v2\/types\/post"}],"author":[{"embeddable":true,"href":"https:\/\/www.europesays.com\/pl\/wp-json\/wp\/v2\/users\/2"}],"replies":[{"embeddable":true,"href":"https:\/\/www.europesays.com\/pl\/wp-json\/wp\/v2\/comments?post=631951"}],"version-history":[{"count":0,"href":"https:\/\/www.europesays.com\/pl\/wp-json\/wp\/v2\/posts\/631951\/revisions"}],"wp:featuredmedia":[{"embeddable":true,"href":"https:\/\/www.europesays.com\/pl\/wp-json\/wp\/v2\/media\/631952"}],"wp:attachment":[{"href":"https:\/\/www.europesays.com\/pl\/wp-json\/wp\/v2\/media?parent=631951"}],"wp:term":[{"taxonomy":"category","embeddable":true,"href":"https:\/\/www.europesays.com\/pl\/wp-json\/wp\/v2\/categories?post=631951"},{"taxonomy":"post_tag","embeddable":true,"href":"https:\/\/www.europesays.com\/pl\/wp-json\/wp\/v2\/tags?post=631951"}],"curies":[{"name":"wp","href":"https:\/\/api.w.org\/{rel}","templated":true}]}}