{"id":631975,"date":"2026-08-19T09:44:14","date_gmt":"2026-08-19T09:44:14","guid":{"rendered":"https:\/\/www.europesays.com\/pl\/631975\/"},"modified":"2026-08-19T09:44:14","modified_gmt":"2026-08-19T09:44:14","slug":"wlasna-firma-to-wolnosc-oto-jak-widza-to-mikroprzedsiebiorcy-biznes-wiadomosci-bialystok-online-portal-miejski-bialystok-bialystok","status":"publish","type":"post","link":"https:\/\/www.europesays.com\/pl\/631975\/","title":{"rendered":"W\u0142asna firma to wolno\u015b\u0107? Oto, jak widz\u0105 to mikroprzedsi\u0119biorcy, Biznes, Wiadomo\u015bci Bia\u0142ystok Online Portal Miejski Bia\u0142ystok (Bialystok)"},"content":{"rendered":"\n<p>            <img decoding=\"async\" class=\"art-figimg\" src=\"https:\/\/www.europesays.com\/pl\/wp-content\/uploads\/2026\/08\/150428-e.jpg\" width=\"375\" height=\"250\" alt=\"W\u0142asna firma to wolno\u015b\u0107? Oto, jak widz\u0105 to mikroprzedsi\u0119biorcy\" loading=\"lazy\" fetchpriority=\"high\"\/><br \/>\n            Fot: pixabay.com<\/p>\n<p class=\"art-lid\">W\u0142asny biznes daje niezale\u017cno\u015b\u0107, elastyczno\u015b\u0107 i mo\u017cliwo\u015b\u0107 decydowania o sobie, ale ma te\u017c drug\u0105 stron\u0119. 41 proc. mikroprzedsi\u0119biorc\u00f3w nie wie, ile zarobi w kolejnym miesi\u0105cu, a co trzeci zmaga si\u0119 ze stresem. Nowe badanie KRD pokazuje, z czym naprawd\u0119 mierz\u0105 si\u0119 w\u0142a\u015bciciele ma\u0142ych firm.<\/p>\n<p class=\"art-cont\">Prowadzenie w\u0142asnej firmy wci\u0105\u017c przyci\u0105ga Polak\u00f3w. Tylko w pierwszej po\u0142owie tego roku zarejestrowano w Polsce 182,3 tys. nowych podmiot\u00f3w gospodarczych. Badanie Krajowego Rejestru D\u0142ug\u00f3w pokazuje jednak, \u017ce za wizj\u0105 niezale\u017cno\u015bci kryj\u0105 si\u0119 zar\u00f3wno konkretne korzy\u015bci, jak i spore ryzyko. Najwi\u0119kszym atutem w\u0142asnej dzia\u0142alno\u015bci okazuje si\u0119 elastyczno\u015b\u0107. Ponad po\u0142owa mikroprzedsi\u0119biorc\u00f3w docenia mo\u017cliwo\u015b\u0107 samodzielnego ustalania godzin pracy. 48 proc. cieszy brak szefa, a 47 proc. &#8211; mo\u017cliwo\u015b\u0107 samodzielnego podejmowania decyzji. Wy\u017csze zarobki ni\u017c na etacie znalaz\u0142y si\u0119 dopiero na pi\u0105tym miejscu &#8211; wskaza\u0142o je 29 proc. badanych.<\/p>\n<p>&#8211; Mo\u017cliwo\u015b\u0107 samodzielnego ustalania godzin pracy to jedna z najcz\u0119\u015bciej wskazywanych zalet prowadzenia firmy, ale nie oznacza to, \u017ce mikroprzedsi\u0119biorcy maj\u0105 du\u017co wolnego czasu &#8211; zauwa\u017ca Adam \u0141\u0105cki, prezes Zarz\u0105du Krajowego Rejestru D\u0142ug\u00f3w Biura Informacji Gospodarczej.<\/p>\n<p>Najwi\u0119kszy problem? Nie wiadomo, ile wp\u0142ynie na konto<\/p>\n<p>Swoboda ma swoj\u0105 cen\u0119. Najcz\u0119\u015bciej wskazywan\u0105 wad\u0105 prowadzenia firmy jest nieprzewidywalno\u015b\u0107 dochod\u00f3w &#8211; m\u00f3wi o niej 41 proc. mikroprzedsi\u0119biorc\u00f3w. Dla 33 proc. problemem s\u0105 stres i brak poczucia bezpiecze\u0144stwa, a 30 proc. narzeka na konieczno\u015b\u0107 \u0142\u0105czenia wielu zawodowych r\u00f3l. W\u0142a\u015bciciel ma\u0142ej firmy cz\u0119sto jest jednocze\u015bnie sprzedawc\u0105, ksi\u0119gowym, osob\u0105 od marketingu i spraw kadrowych. Niemal 29 proc. badanych wskazuje te\u017c, \u017ce prowadzenie dzia\u0142alno\u015bci utrudnia korzystanie ze zwolnienia chorobowego. &#8211; Firma mo\u017ce generowa\u0107 wysokie obroty i wykazywa\u0107 zysk w dokumentach, ale je\u015bli klienci op\u00f3\u017aniaj\u0105 p\u0142atno\u015bci (&#8230;) na koncie mo\u017ce brakowa\u0107 got\u00f3wki na bie\u017c\u0105ce wydatki \u2013  podkre\u015bla Emanuel Nowak, ekspert firmy faktoringowej NFG.<\/p>\n<p>Dla 69 proc. badanych najwi\u0119ksz\u0105 barier\u0105 s\u0105 wysokie podatki i sk\u0142adki. Niewiele mniej, bo 63 proc., wskazuje wysokie koszty prowadzenia dzia\u0142alno\u015bci. Problemem pozostaje tak\u017ce prawo &#8211; 42 proc. przedsi\u0119biorc\u00f3w skar\u017cy si\u0119 na niejasne i cz\u0119sto zmieniaj\u0105ce si\u0119 przepisy.<\/p>\n<p>&#8211; Dla 42 procent badanych niejasne i cz\u0119sto zmieniaj\u0105ce si\u0119 przepisy s\u0105 jednym z czynnik\u00f3w utrudniaj\u0105cych prowadzenie firmy w Polsce &#8211; m\u00f3wi Adam \u0141\u0105cki.<\/p>\n<p>Do tego dochodz\u0105 konkurencja i niepewno\u015b\u0107 gospodarcza. Dla cz\u0119\u015bci przedsi\u0119biorc\u00f3w coraz wi\u0119kszym wyzwaniem staje si\u0119 r\u00f3wnie\u017c sztuczna inteligencja &#8211; 12 proc. obawia si\u0119, \u017ce AI mo\u017ce zast\u0105pi\u0107 us\u0142ugi, za kt\u00f3re wcze\u015bniej p\u0142acili klienci.<\/p>\n<p>Jedna niezap\u0142acona faktura mo\u017ce zachwia\u0107 firm\u0105<\/p>\n<p>Szczeg\u00f3lnie trudna sytuacja dotyczy przedsi\u0119biorc\u00f3w pracuj\u0105cych dla innych firm. Oko\u0142o 28 proc. mikroprzedsi\u0119biorc\u00f3w B2B wskazuje op\u00f3\u017anienia lub brak p\u0142atno\u015bci jako istotne utrudnienie. Dla takich firm problemem jest przede wszystkim czas oczekiwania na pieni\u0105dze.<\/p>\n<p>\u2013 W relacjach biznesowych problemem rzadko jest brak zlece\u0144, zdecydowanie jest nim wyd\u0142u\u017caj\u0105cy si\u0119 czas, jaki up\u0142ywa mi\u0119dzy wykonaniem us\u0142ugi a otrzymaniem za ni\u0105 zap\u0142aty \u2013 podsumowuje Emanuel Nowak.<\/p>\n<p>Badanie pokazuje te\u017c r\u00f3\u017cnice mi\u0119dzy kobietami i m\u0119\u017cczyznami oraz samozatrudnionymi i przedsi\u0119biorcami zatrudniaj\u0105cymi pracownik\u00f3w. Wsp\u00f3lny mianownik pozostaje jednak ten sam: w\u0142asna firma daje du\u017c\u0105 niezale\u017cno\u015b\u0107, ale wymaga te\u017c odporno\u015bci na niepewno\u015b\u0107, koszty i odpowiedzialno\u015b\u0107.<\/p>\n<p class=\"art-autimg\">\n<p>                            <img decoding=\"async\" class=\"art-autimgi\" src=\"https:\/\/www.europesays.com\/pl\/wp-content\/uploads\/2026\/08\/1787132653_638_avatar_1x.jpg\" alt=\"JK\" width=\"64\" height=\"64\" loading=\"lazy\"\/><\/p>\n<p>Przeczytaj tak\u017ce<\/p>\n<p>&#13;<br \/>\n&#13;<br \/>\n&#13;<br \/>\n<img loading=\"lazy\" decoding=\"async\" src=\"https:\/\/www.europesays.com\/pl\/wp-content\/uploads\/2026\/08\/1787132654_545_adlog.gif\" width=\"0\" height=\"0\" alt=\"\" style=\"width: 0px; height: 0px;\"\/><\/p>\n<p>Popularne dzisiaj<\/p>\n","protected":false},"excerpt":{"rendered":"Fot: pixabay.com W\u0142asny biznes daje niezale\u017cno\u015b\u0107, elastyczno\u015b\u0107 i mo\u017cliwo\u015b\u0107 decydowania o sobie, ale ma te\u017c drug\u0105 stron\u0119. 41&hellip;\n","protected":false},"author":2,"featured_media":631976,"comment_status":"","ping_status":"","sticky":false,"template":"","format":"standard","meta":{"footnotes":"","_share_on_mastodon":"0"},"categories":[51614],"tags":[2151,51731,113,63213,51730,3754,51738,16565,51735,4034,4041,1096,1089,399,124264,17334,51736,2921,3840,51734,8736,1232,120,7116,17265,19285,42,5083,38,40,39,41,6309,1756,8815,38950,123,800,4278,1323,51737,124263,2879,253],"class_list":["post-631975","post","type-post","status-publish","format-standard","has-post-thumbnail","category-bialystok","tag-bialystok","tag-bialystokonline","tag-biznes","tag-biznesbiznes","tag-bstok","tag-dom","tag-drobne","tag-dzialalnosc","tag-firm","tag-firma","tag-firmy","tag-hotele","tag-imprezy","tag-informacje","tag-jak-widza-to-mikroprzedsiebiorcy","tag-katalog","tag-kina","tag-koncert","tag-lokale","tag-miejski","tag-mieszkanie","tag-motoryzacja","tag-nauka","tag-ogloszenia","tag-on-line","tag-online","tag-pl","tag-podlasie","tag-poland","tag-polish","tag-polska","tag-polski","tag-portal","tag-praca","tag-repertuar","tag-rozklad","tag-rozrywka","tag-teatr","tag-turystyka","tag-uroda","tag-urzedy","tag-wlasna-firma-to-wolnosc-oto","tag-zakupy","tag-zdrowie"],"share_on_mastodon":{"url":"","error":""},"_links":{"self":[{"href":"https:\/\/www.europesays.com\/pl\/wp-json\/wp\/v2\/posts\/631975","targetHints":{"allow":["GET"]}}],"collection":[{"href":"https:\/\/www.europesays.com\/pl\/wp-json\/wp\/v2\/posts"}],"about":[{"href":"https:\/\/www.europesays.com\/pl\/wp-json\/wp\/v2\/types\/post"}],"author":[{"embeddable":true,"href":"https:\/\/www.europesays.com\/pl\/wp-json\/wp\/v2\/users\/2"}],"replies":[{"embeddable":true,"href":"https:\/\/www.europesays.com\/pl\/wp-json\/wp\/v2\/comments?post=631975"}],"version-history":[{"count":0,"href":"https:\/\/www.europesays.com\/pl\/wp-json\/wp\/v2\/posts\/631975\/revisions"}],"wp:featuredmedia":[{"embeddable":true,"href":"https:\/\/www.europesays.com\/pl\/wp-json\/wp\/v2\/media\/631976"}],"wp:attachment":[{"href":"https:\/\/www.europesays.com\/pl\/wp-json\/wp\/v2\/media?parent=631975"}],"wp:term":[{"taxonomy":"category","embeddable":true,"href":"https:\/\/www.europesays.com\/pl\/wp-json\/wp\/v2\/categories?post=631975"},{"taxonomy":"post_tag","embeddable":true,"href":"https:\/\/www.europesays.com\/pl\/wp-json\/wp\/v2\/tags?post=631975"}],"curies":[{"name":"wp","href":"https:\/\/api.w.org\/{rel}","templated":true}]}}