{"id":632315,"date":"2026-08-19T12:55:13","date_gmt":"2026-08-19T12:55:13","guid":{"rendered":"https:\/\/www.europesays.com\/pl\/632315\/"},"modified":"2026-08-19T12:55:13","modified_gmt":"2026-08-19T12:55:13","slug":"pilny-komunikat-ing-banku-slaskiego-blik-bankomaty-i-aplikacja-przestana-dzialac-rmf-fm","status":"publish","type":"post","link":"https:\/\/www.europesays.com\/pl\/632315\/","title":{"rendered":"Pilny komunikat ING Banku \u015al\u0105skiego. BLIK, bankomaty i aplikacja przestan\u0105 dzia\u0142a\u0107 :: RMF FM"},"content":{"rendered":"<p>ING Bank \u015al\u0105ski poinformowa\u0142 za po\u015brednictwem swojej strony internetowej o planowanych pracach serwisowych, kt\u00f3re odb\u0119d\u0105 si\u0119 w nocy z soboty na niedziel\u0119, z 22 na 23 sierpnia. Przerwa zosta\u0142a zaplanowana w godzinach od 23:30 do 6:00. W tym czasie klienci mog\u0105 mie\u0107 czasowe problemy z korzystaniem z cz\u0119\u015bci us\u0142ug bankowych. Najwa\u017cniejsze operacje warto wykona\u0107 wcze\u015bniej.<\/p>\n<p><img decoding=\"async\" alt=\"\" src=\"https:\/\/www.europesays.com\/pl\/wp-content\/uploads\/2026\/08\/pilny-komunikat-ing-banku-slaskiego-1200x800-97d44668.jpg\" class=\"w-100\"\/><\/p>\n<p>Pilny komunikat ING Banku \u015al\u0105skiego, \u017ar\u00f3d\u0142o: Shutterstock<\/p>\n<p>Co mo\u017ce nie dzia\u0142a\u0107 podczas prac serwisowych ING?<\/p>\n<p>W czasie przerwy technicznej mog\u0105 wyst\u0105pi\u0107 utrudnienia w korzystaniu z:<\/p>\n<p>bankomat\u00f3w i wp\u0142atomat\u00f3w,bankowo\u015bci internetowej Moje ING,aplikacji mobilnej Moje ING,bankowo\u015bci internetowej ING Business,mobilnej wersji ING Business,p\u0142atno\u015bci BLIK,przelew\u00f3w ekspresowych,p\u0142atno\u015bci internetowych za pomoc\u0105 us\u0142ugi P\u0142a\u0107 z ING,p\u0142atno\u015bci kartami w internecie z dodatkowym potwierdzeniem 3D Secure,automatycznego poboru op\u0142at za przejazd autostradami,specjalnego interfejsu PSD2,transakcji we wrzutniach, kt\u00f3re mog\u0105 by\u0107 realizowane offline.<\/p>\n<p>Bank zaznacza r\u00f3wnie\u017c, \u017ce w czasie prac mog\u0105 wyst\u0105pi\u0107 problemy z realizacj\u0105 transakcji kartami p\u0142atniczymi. Dotyczy to zar\u00f3wno p\u0142atno\u015bci w internecie, jak i cz\u0119\u015bci transakcji wykonywanych przy u\u017cyciu fizycznej karty.<\/p>\n<p>Czytaj te\u017c: <a href=\"https:\/\/www.rmf.fm\/styl-zycia\/news,n1014116,ceny-jedzenia-w-zakopanem-i-jastarni-oferta-nad-morzem-zaskakuje-z-jednego-powodu.html\" target=\"_blank\" rel=\"noopener noreferrer nofollow\" style=\"color:var(--rmf-navy-color);text-decoration:underline\">Ceny jedzenia w Zakopanem i Jastarni. Oferta nad morzem zaskakuje z jednego powodu<\/a><\/p>\n<p>\tTego nie b\u0119dzie mo\u017cna zrobi\u0107 w Moim ING<\/p>\n<p>W czasie przerwy technicznej klienci nie b\u0119d\u0105 mogli korzysta\u0107 z kilku funkcji zwi\u0105zanych z obs\u0142ug\u0105 kart i produkt\u00f3w bankowych. Nie b\u0119dzie mo\u017cna:<\/p>\n<p>aktywowa\u0107 kart,zmienia\u0107 limit\u00f3w transakcyjnych,nadawa\u0107 kod\u00f3w PIN,kupowa\u0107 produkt\u00f3w w systemie Moje ING,kupowa\u0107 produkt\u00f3w na stronie internetowej ING.<\/p>\n<p>Ostatni punkt obejmuje mi\u0119dzy innymi zakup po\u017cyczek, kont osobistych oraz kont oszcz\u0119dno\u015bciowych. Je\u015bli kto\u015b planuje skorzysta\u0107 z jednej z tych us\u0142ug, powinien zrobi\u0107 to przed rozpocz\u0119ciem prac albo po ich zako\u0144czeniu.<\/p>\n<p>Zobacz r\u00f3wnie\u017c: <a href=\"https:\/\/www.rmf.fm\/styl-zycia\/news,n1014238,czternasta-emerytura-juz-we-wrzesniu-zus-podal-dokladne-terminy-i-kwoty.html\" target=\"_blank\" rel=\"noopener noreferrer nofollow\" style=\"color:var(--rmf-navy-color);text-decoration:underline\">Czternasta emerytura ju\u017c we wrze\u015bniu. ZUS poda\u0142 dok\u0142adne terminy i kwoty<\/a><\/p>\n<p>Jak przygotowa\u0107 si\u0119 do przerwy w ING?<\/p>\n<p>ING Bank \u015al\u0105ski zaleca, aby przed godzin\u0105 23:30:<\/p>\n<p>wyp\u0142aci\u0107 potrzebn\u0105 got\u00f3wk\u0119,wykona\u0107 najwa\u017cniejsze przelewy,zrobi\u0107 niezb\u0119dne zakupy,sprawdzi\u0107 limity transakcyjne na kartach,upewni\u0107 si\u0119, \u017ce karta jest aktywna.<\/p>\n<p>Warto pami\u0119ta\u0107 o przerwie szczeg\u00f3lnie wtedy, gdy w nocy planowana jest podr\u00f3\u017c, zakup paliwa, op\u0142acenie noclegu lub p\u0142atno\u015b\u0107 internetowa wymagaj\u0105ca dodatkowego potwierdzenia. Problemy mog\u0105 dotyczy\u0107 tak\u017ce automatycznego poboru op\u0142at za przejazd autostradami.<\/p>\n<p>Prace serwisowe rozpoczn\u0105 si\u0119 w nocy z 22 na 23 sierpnia o godzinie 23:30 i maj\u0105 potrwa\u0107 do 6:00. Je\u015bli klient b\u0119dzie musia\u0142 zastrzec kart\u0119, mo\u017ce skontaktowa\u0107 si\u0119 z infolini\u0105 ING Banku \u015al\u0105skiego.\u00a0<\/p>\n<p>Zobacz tak\u017ce<\/p>\n<p><a href=\"https:\/\/www.rmf.fm\/styl-zycia\/news,n1014136,31-sierpnia-mija-termin-nawet-3500-zl-doplaty-od-panstwa.html\" target=\"_blank\" rel=\"noopener noreferrer nofollow\" style=\"color:var(--rmf-navy-color);text-decoration:underline\"><img decoding=\"async\" src=\"https:\/\/www.europesays.com\/pl\/wp-content\/uploads\/2026\/08\/bon-cieplowniczy-2026-1200x800-38969f17.jpg\" width=\"290\" alt=\"\"\/><\/a><a href=\"https:\/\/www.rmf.fm\/styl-zycia\/news,n1014136,31-sierpnia-mija-termin-nawet-3500-zl-doplaty-od-panstwa.html\" target=\"_blank\" rel=\"noopener noreferrer nofollow\" style=\"color:var(--rmf-navy-color);text-decoration:underline\">31 sierpnia mija termin. Nawet 3500 z\u0142 dop\u0142aty od pa\u0144stwa<\/a><\/p>\n<p>Zosta\u0142o ju\u017c tylko kilkana\u015bcie dni na z\u0142o\u017cenie wniosku o bon ciep\u0142owniczy na 2026 rok. Gospodarstwa domowe korzystaj\u0105ce z ciep\u0142a systemowego mog\u0105 otrzyma\u0107 od pa\u0144stwa wsparcie w wysoko\u015bci od 1000 z\u0142 do nawet 3500 z\u0142. Czasu jest jednak niewiele \u2013\u2026<\/p>\n","protected":false},"excerpt":{"rendered":"ING Bank \u015al\u0105ski poinformowa\u0142 za po\u015brednictwem swojej strony internetowej o planowanych pracach serwisowych, kt\u00f3re odb\u0119d\u0105 si\u0119 w nocy&hellip;\n","protected":false},"author":2,"featured_media":632316,"comment_status":"","ping_status":"","sticky":false,"template":"","format":"standard","meta":{"footnotes":"","_share_on_mastodon":"0"},"categories":[52229],"tags":[15076,8230,42,38,40,39,41],"class_list":["post-632315","post","type-post","status-publish","format-standard","has-post-thumbnail","category-ing-bank-slaski","tag-blik","tag-ing-bank-slaski","tag-pl","tag-poland","tag-polish","tag-polska","tag-polski"],"share_on_mastodon":{"url":"https:\/\/pubeurope.com\/@pl\/117122283866004846","error":""},"_links":{"self":[{"href":"https:\/\/www.europesays.com\/pl\/wp-json\/wp\/v2\/posts\/632315","targetHints":{"allow":["GET"]}}],"collection":[{"href":"https:\/\/www.europesays.com\/pl\/wp-json\/wp\/v2\/posts"}],"about":[{"href":"https:\/\/www.europesays.com\/pl\/wp-json\/wp\/v2\/types\/post"}],"author":[{"embeddable":true,"href":"https:\/\/www.europesays.com\/pl\/wp-json\/wp\/v2\/users\/2"}],"replies":[{"embeddable":true,"href":"https:\/\/www.europesays.com\/pl\/wp-json\/wp\/v2\/comments?post=632315"}],"version-history":[{"count":0,"href":"https:\/\/www.europesays.com\/pl\/wp-json\/wp\/v2\/posts\/632315\/revisions"}],"wp:featuredmedia":[{"embeddable":true,"href":"https:\/\/www.europesays.com\/pl\/wp-json\/wp\/v2\/media\/632316"}],"wp:attachment":[{"href":"https:\/\/www.europesays.com\/pl\/wp-json\/wp\/v2\/media?parent=632315"}],"wp:term":[{"taxonomy":"category","embeddable":true,"href":"https:\/\/www.europesays.com\/pl\/wp-json\/wp\/v2\/categories?post=632315"},{"taxonomy":"post_tag","embeddable":true,"href":"https:\/\/www.europesays.com\/pl\/wp-json\/wp\/v2\/tags?post=632315"}],"curies":[{"name":"wp","href":"https:\/\/api.w.org\/{rel}","templated":true}]}}