{"id":632345,"date":"2026-08-19T13:14:09","date_gmt":"2026-08-19T13:14:09","guid":{"rendered":"https:\/\/www.europesays.com\/pl\/632345\/"},"modified":"2026-08-19T13:14:09","modified_gmt":"2026-08-19T13:14:09","slug":"kyrgios-uderzal-w-swiatek-teraz-stal-sie-obiektem-kpin","status":"publish","type":"post","link":"https:\/\/www.europesays.com\/pl\/632345\/","title":{"rendered":"Kyrgios uderza\u0142 w \u015awi\u0105tek. Teraz sta\u0142 si\u0119 obiektem kpin"},"content":{"rendered":"\n<p class=\"contentpart contentpart--default contentpart--text\" data-position=\"0\">W \u015brod\u0119 \u015bwiatowe media obieg\u0142a informacja o tymczasowym zawieszeniu tenisisty <a href=\"https:\/\/sportowefakty.wp.pl\/tenis\/nick-kyrgios\" rel=\"nofollow noopener\" target=\"_blank\">Nicka Kyrgiosa<\/a>.\u00a0Pr\u00f3bk\u0119 od <a href=\"https:\/\/sportowefakty.wp.pl\/australia\" rel=\"nofollow noopener\" target=\"_blank\">Australijczyka<\/a>\u00a0pobrano 22 czerwca podczas turnieju <a href=\"https:\/\/sportowefakty.wp.pl\/tenis\/atp-majorka\" rel=\"nofollow noopener\" target=\"_blank\">ATP na Majorce<\/a>. Wykryto w niej benzoiloekgonin\u0119, czyli metabolit kokainy. 17 lipca wynik potwierdzi\u0142o laboratorium akredytowane przez \u015awiatow\u0105 Agencj\u0119 Antydopingow\u0105 (WADA).<\/p>\n<p class=\"contentpart contentpart--default contentpart--text\" data-position=\"1\">Kyrgios nie odwo\u0142a\u0142 si\u0119 od decyzji. Sam poinformowa\u0142 o sprawie w mediach spo\u0142eczno\u015bciowych i przyzna\u0142 si\u0119 do naruszenia przepis\u00f3w. &#8222;Pope\u0142ni\u0142em ogromny b\u0142\u0105d i bior\u0119 za niego pe\u0142n\u0105 odpowiedzialno\u015b\u0107&#8221;\u00a0&#8211; napisa\u0142.<\/p>\n<p>  <img decoding=\"async\" src=\"https:\/\/v.wpimg.pl\/X3dwLnN2d1IFFTpdYUl6R0ZNbgcnEHQREVV2TGEGbUtRT2MdOlZ2RBQUKABgQjQcDRotCStBd1IAAWMeIlM7VgwYIAorQAdEFFk_GCkQJQ\" alt=\"\" width=\"45\" height=\"58\" loading=\"lazy\"\/>  <\/p>\n<p class=\"contentpart contentpart--default contentpart--text\" data-position=\"2\">Australijczyk przeprosi\u0142 kibic\u00f3w, rodzin\u0119, sponsor\u00f3w i m\u0142odych fan\u00f3w, a swoje zachowanie t\u0142umaczy\u0142 trudnym okresem zwi\u0105zanym z kontuzjami, operacjami i perspektyw\u0105 zako\u0144czenia kariery. Jednocze\u015bnie zaznaczy\u0142: &#8222;Nic z tego nie usprawiedliwia tego, co zrobi\u0142em&#8221;.<\/p>\n<p class=\"contentpart contentpart--default contentpart--text\" data-position=\"3\">ZOBACZ WIDEO: #dziejesiewsporcie. Co za bramka. Poezja na boisku!<\/p>\n<p>Bezpardonowo atakowa\u0142 Ig\u0119 \u015awi\u0105tek<\/p>\n<p class=\"contentpart contentpart--default contentpart--text\" data-position=\"6\">Sprawa nabiera dodatkowego kontekstu ze wzgl\u0119du na wcze\u015bniejsze wypowiedzi Nicka Kyrgiosa o <a href=\"https:\/\/sportowefakty.wp.pl\/tenis\/iga-swiatek\" rel=\"nofollow noopener\" target=\"_blank\">Idze \u015awi\u0105tek<\/a>, a tak\u017ce o innych osobach w tenisie, kt\u00f3re mia\u0142y problem z kontrolami antydopingowymi.\u00a0<a href=\"https:\/\/sportowefakty.wp.pl\/polska\" rel=\"nofollow noopener\" target=\"_blank\">Polka<\/a>\u00a0otrzyma\u0142a pozytywny wynik testu na trimetazydyn\u0119 w sierpniu 2024 roku. Organizacja tenisowa ITIA uzna\u0142a, \u017ce niedozwolona substancja znalaz\u0142a si\u0119 w jej organizmie w wyniku zanieczyszczenia melatoniny, kt\u00f3r\u0105 \u015awi\u0105tek stosowa\u0142a. Agencja stwierdzi\u0142a, \u017ce naruszenie nie by\u0142o umy\u015blne, a zawodniczka przyj\u0119\u0142a miesi\u0119czne zawieszenie.<\/p>\n<p>  <img decoding=\"async\" src=\"https:\/\/v.wpimg.pl\/X3dwLnN2d1IFFTpdYUl6R0ZNbgcnEHQREVV2TGEGbUtRT2MdOlZ2RBQUKABgQjQcDRotCStBd1IAAWMeIlM7VgwYIAorQAdEFFk_GCkQJQ\" alt=\"\" width=\"45\" height=\"58\" loading=\"lazy\"\/>  <\/p>\n<p class=\"contentpart contentpart--default contentpart--text\" data-position=\"7\">Kyrgios zareagowa\u0142 na decyzj\u0119 wyj\u0105tkowo ostro. W serwisie X napisa\u0142: &#8222;Wym\u00f3wka, kt\u00f3rej wszyscy mo\u017cemy teraz u\u017cywa\u0107, brzmi: nie wiedzieli\u015bmy. Po prostu nie wiedzieli\u015bmy. Profesjonali\u015bci na najwy\u017cszym poziomie sportu mog\u0105 teraz po prostu powiedzie\u0107: nie wiedzia\u0142em&#8221;.<\/p>\n<p class=\"contentpart contentpart--default contentpart--text\" data-position=\"8\">W ten spos\u00f3b, w listopadzie 2024 roku, Nick Kyrgios podwa\u017ca\u0142 wiarygodno\u015b\u0107 argumentu dotycz\u0105cego nie\u015bwiadomego przyj\u0119cia zakazanej substancji.<\/p>\n<p class=\"contentpart contentpart--default contentpart--text\" data-position=\"9\">W kolejnym wpisie dotycz\u0105cym sprawy \u015awi\u0105tek Australijczyk ograniczy\u0142 si\u0119 do czterech s\u0142\u00f3w: &#8222;Nasz sport jest sko\u0144czony&#8221;. Jego reakcja by\u0142a zwi\u0105zana z miesi\u0119cznym zawieszeniem Polki i dyskusj\u0105 o tym, czy najlepszy zawodnicy na \u015bwiecie s\u0105 traktowani jednakowo w sprawach dopingowych.<\/p>\n<p class=\"contentpart contentpart--default contentpart--text\" data-position=\"10\">Kyrgios wr\u00f3ci\u0142 do tematu miesi\u0105c p\u00f3\u017aniej. 28 grudnia podczas konferencji prasowej przed turniejem w <a href=\"https:\/\/sportowefakty.wp.pl\/tenis\/atp-brisbane\" rel=\"nofollow noopener\" target=\"_blank\">Brisbane<\/a>\u00a0m\u00f3wi\u0142 ju\u017c o \u015awi\u0105tek i <a href=\"https:\/\/sportowefakty.wp.pl\/tenis\/jannik-sinner\" rel=\"nofollow noopener\" target=\"_blank\">Janniku Sinnerze<\/a>\u00a0wsp\u00f3lnie: &#8222;Dwoje\u00a0lider\u00f3w \u015bwiatowego rankingu przy\u0142apanych na dopingu to co\u015b obrzydliwego dla naszego sportu. To fatalnie wygl\u0105da&#8221;. Doda\u0142: &#8222;z uczciwo\u015bci\u0105 w tenisie jest teraz \u017ale. Wszyscy o tym wiedz\u0105, ale nikt nie chce o tym m\u00f3wi\u0107&#8221;.<\/p>\n<p>  <img decoding=\"async\" src=\"https:\/\/v.wpimg.pl\/X3dwLnN2d1IFFTpdYUl6R0ZNbgcnEHQREVV2TGEGbUtRT2MdOlZ2RBQUKABgQjQcDRotCStBd1IAAWMeIlM7VgwYIAorQAdEFFk_GCkQJQ\" alt=\"\" width=\"45\" height=\"58\" loading=\"lazy\"\/>  <\/p>\n<p class=\"contentpart contentpart--default contentpart--text\" data-position=\"11\">Na pocz\u0105tku stycznia 2025 roku Kyrgios ponownie uderzy\u0142 w \u015awi\u0105tek. Po jej pora\u017cce z <a href=\"https:\/\/sportowefakty.wp.pl\/tenis\/cori-gauff\" rel=\"nofollow noopener\" target=\"_blank\">Coco Gauff<\/a>\u00a0w\u00a0finale <a href=\"https:\/\/sportowefakty.wp.pl\/tenis\/united-cup\" rel=\"nofollow noopener\" target=\"_blank\">United Cup<\/a>\u00a0dziennikarz Bastien Fachan opublikowa\u0142 zdj\u0119cie Polki trzymaj\u0105cej podczas meczu notes. Podpisa\u0142 je komentarzem, \u017ce jednym z najbardziej niepokoj\u0105cych widok\u00f3w w tenisie jest \u015awi\u0105tek opuszczaj\u0105ca kort z notatnikiem. Kyrgios odpowiedzia\u0142 kr\u00f3tko: &#8222;I z ca\u0142\u0105 t\u0105 pozosta\u0142\u0105 pomoc\u0105&#8221;.<\/p>\n<p class=\"contentpart contentpart--default contentpart--text\" data-position=\"12\">Wpis by\u0142 kolejn\u0105 aluzj\u0105 do sprawy dopingowej Polki, cho\u0107 Australijczyk nie wyja\u015bni\u0142, co dok\u0142adnie mia\u0142 na my\u015bli, ani do jakiej &#8222;pozosta\u0142ej pomocy&#8221; si\u0119 odnosi\u0142.<\/p>\n<p class=\"contentpart contentpart--default contentpart--text\" data-position=\"13\"><a href=\"https:\/\/sportowefakty.wp.pl\/tenis\/1268902\/nick-kyrgios-hipokryta-eksperci-przypomnieli-jak-wypowiadal-sie-o-swiatek\" rel=\"nofollow noopener\" target=\"blank\">W \u015brod\u0119 o wypowiedziach Nicka Kyrgiosa z przesz\u0142o\u015bci przypomnieli dziennikarze i eksperci tenisowi, sugeruj\u0105c hipokryzj\u0119 po przy\u0142apaniu na za\u017cywaniu kokainy.<\/a><\/p>\n","protected":false},"excerpt":{"rendered":"W \u015brod\u0119 \u015bwiatowe media obieg\u0142a informacja o tymczasowym zawieszeniu tenisisty Nicka Kyrgiosa.\u00a0Pr\u00f3bk\u0119 od Australijczyka\u00a0pobrano 22 czerwca podczas turnieju&hellip;\n","protected":false},"author":2,"featured_media":632346,"comment_status":"","ping_status":"","sticky":false,"template":"","format":"standard","meta":{"footnotes":"","_share_on_mastodon":"0"},"categories":[24],"tags":[12610,2080,995,158,31541,42,38,40,39,41,755,127,126,156,157],"class_list":["post-632345","post","type-post","status-publish","format-standard","has-post-thumbnail","category-sport","tag-afery-i-skandale","tag-atp","tag-australia","tag-iga-swiatek","tag-nick-kyrgios","tag-pl","tag-poland","tag-polish","tag-polska","tag-polski","tag-polski-tenis","tag-sport","tag-sports","tag-tenis","tag-wta"],"share_on_mastodon":{"url":"https:\/\/pubeurope.com\/@pl\/117122360251913405","error":""},"_links":{"self":[{"href":"https:\/\/www.europesays.com\/pl\/wp-json\/wp\/v2\/posts\/632345","targetHints":{"allow":["GET"]}}],"collection":[{"href":"https:\/\/www.europesays.com\/pl\/wp-json\/wp\/v2\/posts"}],"about":[{"href":"https:\/\/www.europesays.com\/pl\/wp-json\/wp\/v2\/types\/post"}],"author":[{"embeddable":true,"href":"https:\/\/www.europesays.com\/pl\/wp-json\/wp\/v2\/users\/2"}],"replies":[{"embeddable":true,"href":"https:\/\/www.europesays.com\/pl\/wp-json\/wp\/v2\/comments?post=632345"}],"version-history":[{"count":0,"href":"https:\/\/www.europesays.com\/pl\/wp-json\/wp\/v2\/posts\/632345\/revisions"}],"wp:featuredmedia":[{"embeddable":true,"href":"https:\/\/www.europesays.com\/pl\/wp-json\/wp\/v2\/media\/632346"}],"wp:attachment":[{"href":"https:\/\/www.europesays.com\/pl\/wp-json\/wp\/v2\/media?parent=632345"}],"wp:term":[{"taxonomy":"category","embeddable":true,"href":"https:\/\/www.europesays.com\/pl\/wp-json\/wp\/v2\/categories?post=632345"},{"taxonomy":"post_tag","embeddable":true,"href":"https:\/\/www.europesays.com\/pl\/wp-json\/wp\/v2\/tags?post=632345"}],"curies":[{"name":"wp","href":"https:\/\/api.w.org\/{rel}","templated":true}]}}