{"id":632423,"date":"2026-08-19T13:58:15","date_gmt":"2026-08-19T13:58:15","guid":{"rendered":"https:\/\/www.europesays.com\/pl\/632423\/"},"modified":"2026-08-19T13:58:15","modified_gmt":"2026-08-19T13:58:15","slug":"zuzel-robert-kosciecha-przed-meczem-gkm-grudziadz","status":"publish","type":"post","link":"https:\/\/www.europesays.com\/pl\/632423\/","title":{"rendered":"\u017bu\u017cel. Robert Ko\u015bciecha przed meczem GKM Grudzi\u0105dz"},"content":{"rendered":"<p>Przypomnijmy, \u017ce GKM w pewnym momencie by\u0142 nawet liderem tabeli i s\u0142usznie by\u0142 okre\u015blany obok Fogo Unii Leszno najwi\u0119ksz\u0105 rewelacj\u0105 rozgrywek. M\u00f3wi\u0142o si\u0119, \u017ce \u015bwietna forma obu tych ekip mo\u017ce sprawi\u0107, \u017ce o medale nie pojedzie kt\u00f3ry\u015b z potentat\u00f3w z Torunia, Wroc\u0142awia czy Lublina. Taki scenariusz nadal jest mo\u017cliwy.<\/p>\n<p>Dalszy ci\u0105g artyku\u0142u pod materia\u0142em wideo<\/p>\n<p>Podopieczni Roberta Ko\u015bciechy zacz\u0119li sezon od wpadki, bo tylko zremisowali na w\u0142asnym torze z Gezet Stal\u0105 Gorz\u00f3w, ale potem potrafili pokona\u0107 na wyje\u017adzie Stelmet Falubaz Zielona G\u00f3ra i u siebie Betard Spart\u0119 Wroc\u0142aw. Grudzi\u0105dzanie mocno te\u017c postawili si\u0119 mistrzom Polski z Torunia na jego terenie, przegrywaj\u0105c zaledwie sze\u015bcioma punktami.<\/p>\n<p>Zobacz tak\u017ce: <a data-section=\"zobacz-takze-body\" href=\"https:\/\/przegladsportowy.onet.pl\/zuzel\/ekstraliga\/zuzel-bartosz-banbor-przed-meczem-gkm-grudziadz-motor-lublin\/kejlxc7\" id=\"0b77efc3-e9b1-4e75-b476-dff6cc07ef45\" rel=\"nofollow noopener\" target=\"_blank\">Pe\u0142na mobilizacja w Lublinie. &#8222;Nic innego nam nie pozosta\u0142o&#8221;<\/a><\/p>\n<p>Potem dosz\u0142y dwie domowe wygrane \u2014 z Fogo Uni\u0105 Leszno i planowana z Krono-Plast W\u0142\u00f3kniarzem Cz\u0119stochowa. Apogeum formy nast\u0105pi\u0142o pod koniec maja, gdy GKM sensacyjnie zwyci\u0119\u017cy\u0142 na wyje\u017adzie Motor Lublin. W po\u0142owie czerwca uda\u0142o si\u0119 natomiast rozgromi\u0107 u siebie Falubaz. I od tamtej pory nast\u0105pi\u0142 przest\u00f3j, kt\u00f3ry de facto trwa do dzisiaj, bo trudno m\u00f3wi\u0107 o prze\u0142amaniu po wygranej w Cz\u0119stochowie.<\/p>\n<p>Kto kogo zweryfikuje?<\/p>\n<p>Grudzi\u0105dzanie wcze\u015bniej wysoko przegrali w Gorzowie i we Wroc\u0142awiu, b\u0119d\u0105c dodatkowo st\u0142amszonymi przy Hallera z Apatorem. Z\u0142ej passy nie uda\u0142o si\u0119 te\u017c przerwa\u0107 w Lesznie, a dopiero pod Jasn\u0105 G\u00f3r\u0105. Ko\u015bciecha wierzy, \u017ce b\u0119dzie to punkt zwrotny dla jego zespo\u0142u.<\/p>\n<p>\u2014 Zrobili\u015bmy pierwszy z dw\u00f3ch krok\u00f3w i to ten \u0142atwiejszy. Wygrany mecz jest najlepszym psychologiem. Nabrali\u015bmy wiatru w \u017cagle, dostali\u015bmy jeszcze jedn\u0105 szans\u0119 i chcemy to wykorzysta\u0107. Odcinamy grub\u0105 lini\u0105 przesz\u0142o\u015b\u0107 i chcemy by\u0107 tym zespo\u0142em, kt\u00f3rym byli\u015bmy na pocz\u0105tku sezonu \u2014 przyzna\u0142, cytowany przez &#8222;Gazet\u0119 Pomorsk\u0105&#8221;.<\/p>\n<p>Zobacz tak\u017ce: <a data-section=\"zobacz-takze-body\" href=\"https:\/\/przegladsportowy.onet.pl\/zuzel\/ekstraliga\/zuzel-motor-lublin-nie-awansuje-do-play-off-ostre-slowa-jana-krzystyniaka\/9ef1vd1\" id=\"a12f03c1-7a46-4c1f-a41a-bc876dddac16\" rel=\"nofollow noopener\" target=\"_blank\">&#8222;Motor Lublin to przesz\u0142o\u015b\u0107&#8221;. Ostre s\u0142owa by\u0142ego mened\u017cera<\/a><\/p>\n<p>Tak naprawd\u0119 dopiero bezpo\u015brednia konfrontacja z Motorem odpowie na pytanie, czy GKM faktycznie odzyska\u0142 blask z pierwszej cz\u0119\u015bci sezonu, czy jednak triumf w Cz\u0119stochowie niczego nie zmieni\u0142. Wydaje si\u0119, \u017ce nadziej\u0105 &#8222;Go\u0142\u0119bi&#8221; na awans do play-off jest&#8230; r\u00f3wnie kiepska forma &#8222;Kozio\u0142k\u00f3w&#8221;, kt\u00f3rzy na w\u0142asne \u017cyczenie zostali uwik\u0142ani w walk\u0119 o &#8222;czw\u00f3rk\u0119&#8221;. Komu\u015b z tej dw\u00f3jki b\u0119dzie dane wykorzysta\u0107 t\u0119 jeszcze jedn\u0105, ostatni\u0105 szans\u0119.<\/p>\n","protected":false},"excerpt":{"rendered":"Przypomnijmy, \u017ce GKM w pewnym momencie by\u0142 nawet liderem tabeli i s\u0142usznie by\u0142 okre\u015blany obok Fogo Unii Leszno&hellip;\n","protected":false},"author":2,"featured_media":632424,"comment_status":"","ping_status":"","sticky":false,"template":"","format":"standard","meta":{"footnotes":"","_share_on_mastodon":"0"},"categories":[51612],"tags":[61195,173,3476,1081,3625,48,46,175,42,38,40,39,41,22030,47,174],"class_list":["post-632423","post","type-post","status-publish","format-standard","has-post-thumbnail","category-lublin","tag-bottomfeed_styl","tag-ekstraliga","tag-gkm_grudziadz","tag-lublin","tag-motor_lublin","tag-nat_styl","tag-omp","tag-pge_ekstraliga","tag-pl","tag-poland","tag-polish","tag-polska","tag-polski","tag-robert_kosciecha","tag-screening_general","tag-zuzel"],"share_on_mastodon":{"url":"https:\/\/pubeurope.com\/@pl\/117122531783314868","error":""},"_links":{"self":[{"href":"https:\/\/www.europesays.com\/pl\/wp-json\/wp\/v2\/posts\/632423","targetHints":{"allow":["GET"]}}],"collection":[{"href":"https:\/\/www.europesays.com\/pl\/wp-json\/wp\/v2\/posts"}],"about":[{"href":"https:\/\/www.europesays.com\/pl\/wp-json\/wp\/v2\/types\/post"}],"author":[{"embeddable":true,"href":"https:\/\/www.europesays.com\/pl\/wp-json\/wp\/v2\/users\/2"}],"replies":[{"embeddable":true,"href":"https:\/\/www.europesays.com\/pl\/wp-json\/wp\/v2\/comments?post=632423"}],"version-history":[{"count":0,"href":"https:\/\/www.europesays.com\/pl\/wp-json\/wp\/v2\/posts\/632423\/revisions"}],"wp:featuredmedia":[{"embeddable":true,"href":"https:\/\/www.europesays.com\/pl\/wp-json\/wp\/v2\/media\/632424"}],"wp:attachment":[{"href":"https:\/\/www.europesays.com\/pl\/wp-json\/wp\/v2\/media?parent=632423"}],"wp:term":[{"taxonomy":"category","embeddable":true,"href":"https:\/\/www.europesays.com\/pl\/wp-json\/wp\/v2\/categories?post=632423"},{"taxonomy":"post_tag","embeddable":true,"href":"https:\/\/www.europesays.com\/pl\/wp-json\/wp\/v2\/tags?post=632423"}],"curies":[{"name":"wp","href":"https:\/\/api.w.org\/{rel}","templated":true}]}}