{"id":632487,"date":"2026-08-19T14:34:10","date_gmt":"2026-08-19T14:34:10","guid":{"rendered":"https:\/\/www.europesays.com\/pl\/632487\/"},"modified":"2026-08-19T14:34:10","modified_gmt":"2026-08-19T14:34:10","slug":"polska-w-zasiegu-najnowszych-dronow-rosji-zauwazono-je-nad-zachodnia-ukraina","status":"publish","type":"post","link":"https:\/\/www.europesays.com\/pl\/632487\/","title":{"rendered":"Polska w zasi\u0119gu najnowszych dron\u00f3w Rosji. Zauwa\u017cono je nad zachodni\u0105 Ukrain\u0105"},"content":{"rendered":"<p>&#8222;Odrzutowy bezza\u0142ogowy statek powietrzny przelatuje nad obwodem tarnopolskim w kierunku Dubna&#8221; \u2014 napisa\u0142y 18 sierpnia ukrai\u0144skie si\u0142y powietrzne, kt\u00f3re na bie\u017c\u0105co informuj\u0105 o ruchach rosyjskich dron\u00f3w. Oznacza to, \u017ce rosyjska maszyna mog\u0142a znajdowa\u0107 si\u0119 w odleg\u0142o\u015bci mniejszej ni\u017c 150 km od Polski.<\/p>\n<p>&#8222;Przegrywamy&#8221;. Nawet Rosjanie szykuj\u0105 si\u0119 na najgorsze. &#8222;Wszyscy gromadz\u0105 zapasy&#8221;<img class=\"ods-a-photo ods-a-photo--background\" src=\"https:\/\/www.europesays.com\/pl\/wp-content\/uploads\/2026\/08\/TYMk9lBaHR0cHM6Ly9vY2RuLmV1L3B1bHNjbXMvTURBXy82ODg1MGE2YWU2NTEzMGI5NTA1M2UyOTBmMmUxNmI3NS5qcGeRlQLNA.jpeg\" height=\"253\" width=\"450\" alt=\"W\u0142adimir Putin i ukrai\u0144ski atak na magazyn Wildberries pod Moskw\u0105, 16 sierpnia 2026 r.\" loading=\"lazy\" fetchpriority=\"low\" decoding=\"async\"\/><\/p>\n<p>Wojsko nie ujawni\u0142o, o jak\u0105 konstrukcj\u0119 chodzi\u0142o, ukrai\u0144skie media wskazuj\u0105 z kolei np. na drona Geran-5, kt\u00f3ry w por\u00f3wnaniu do drona Szahid &#8222;bardziej przypomina ju\u017c pocisk manewruj\u0105cy&#8221; i dysponuje zasi\u0119giem ok. 950 km, poruszaj\u0105c si\u0119 z pr\u0119dko\u015bci\u0105 dochodz\u0105c\u0105 do 600 km na godz.<\/p>\n<p>Czy Polska ma si\u0119 czego ba\u0107?<\/p>\n<p>Jak zauwa\u017ca analiza serwisu Defence Express, taki zasi\u0119g drona oznacza, \u017ce w jego zasi\u0119gu znajduje si\u0119 Polska, Rumunia czy Litwa \u2014 co widzimy na poni\u017cszej mapce \u2014 przy za\u0142o\u017ceniu, \u017ce porusza si\u0119 on w linii prostej.<\/p>\n<p><img class=\"ods-a-photo ods-a-photo--background\" src=\"https:\/\/www.europesays.com\/pl\/wp-content\/uploads\/2026\/08\/2exk9lBaHR0cHM6Ly9vY2RuLmV1L3B1bHNjbXMvTURBXy9mODI3NWMzNjJiNzAxYWEyMzQ1MzA3M2Y4ZDBiODdmMi5qcGeRkwXNB.jpeg\" height=\"579\" width=\"940\" alt=\"Zasi\u0119g drona Geran-5\" loading=\"lazy\" fetchpriority=\"auto\" decoding=\"auto\"\/><\/p>\n<p>S\u0142u\u017cba Wywiadowcza Ukrainy<\/p>\n<p>Zasi\u0119g drona Geran-5<\/p>\n<p>Czy Polska mo\u017ce zatem obawia\u0107 si\u0119, \u017ce odrzutowy Garen-5 przypadkowo naruszy nasz\u0105 przestrze\u0144 powietrzn\u0105? Wydaje si\u0119, \u017ce przynajmniej na razie mo\u017cemy spa\u0107 spokojnie.<\/p>\n<p>&#8222;Przy locie w linii prostej dron jest dosy\u0107 \u0142atwym celem dla ukrai\u0144skiej obrony przeciwlotniczej, bo nie b\u0119dzie porusza\u0142 si\u0119 na ma\u0142ej wysoko\u015bci. Zasi\u0119g dron\u00f3w Geran-4 i Geran-5 nale\u017cy traktowa\u0107 wi\u0119c jedynie jako warto\u015b\u0107 maksymaln\u0105, a rzeczywisty zasi\u0119g ra\u017cenia nale\u017cy zmniejszy\u0107 od 30 do 50 proc. Takie \u015brodki ra\u017cenia poruszaj\u0105 si\u0119 bowiem po skomplikowanym kursie, wykorzystuj\u0105c ukszta\u0142towanie terenu i omijaj\u0105c obszary, w kt\u00f3rych mamy do czynienia z koncentracj\u0105 obrony przeciwlotniczej&#8221; \u2014 analizuje Defence Express.<\/p>\n","protected":false},"excerpt":{"rendered":"&#8222;Odrzutowy bezza\u0142ogowy statek powietrzny przelatuje nad obwodem tarnopolskim w kierunku Dubna&#8221; \u2014 napisa\u0142y 18 sierpnia ukrai\u0144skie si\u0142y powietrzne,&hellip;\n","protected":false},"author":2,"featured_media":632488,"comment_status":"","ping_status":"","sticky":false,"template":"","format":"standard","meta":{"footnotes":"","_share_on_mastodon":"0"},"categories":[12],"tags":[61195,144,76,48,46,42,38,40,39,41,87,47,80],"class_list":["post-632487","post","type-post","status-publish","format-standard","has-post-thumbnail","category-polska","tag-bottomfeed_styl","tag-drony","tag-inwazja_rosji_na_ukraine","tag-nat_styl","tag-omp","tag-pl","tag-poland","tag-polish","tag-polska","tag-polski","tag-rosja","tag-screening_general","tag-swiat"],"share_on_mastodon":{"url":"https:\/\/pubeurope.com\/@pl\/117122674846282396","error":""},"_links":{"self":[{"href":"https:\/\/www.europesays.com\/pl\/wp-json\/wp\/v2\/posts\/632487","targetHints":{"allow":["GET"]}}],"collection":[{"href":"https:\/\/www.europesays.com\/pl\/wp-json\/wp\/v2\/posts"}],"about":[{"href":"https:\/\/www.europesays.com\/pl\/wp-json\/wp\/v2\/types\/post"}],"author":[{"embeddable":true,"href":"https:\/\/www.europesays.com\/pl\/wp-json\/wp\/v2\/users\/2"}],"replies":[{"embeddable":true,"href":"https:\/\/www.europesays.com\/pl\/wp-json\/wp\/v2\/comments?post=632487"}],"version-history":[{"count":0,"href":"https:\/\/www.europesays.com\/pl\/wp-json\/wp\/v2\/posts\/632487\/revisions"}],"wp:featuredmedia":[{"embeddable":true,"href":"https:\/\/www.europesays.com\/pl\/wp-json\/wp\/v2\/media\/632488"}],"wp:attachment":[{"href":"https:\/\/www.europesays.com\/pl\/wp-json\/wp\/v2\/media?parent=632487"}],"wp:term":[{"taxonomy":"category","embeddable":true,"href":"https:\/\/www.europesays.com\/pl\/wp-json\/wp\/v2\/categories?post=632487"},{"taxonomy":"post_tag","embeddable":true,"href":"https:\/\/www.europesays.com\/pl\/wp-json\/wp\/v2\/tags?post=632487"}],"curies":[{"name":"wp","href":"https:\/\/api.w.org\/{rel}","templated":true}]}}