{"id":632867,"date":"2026-08-19T18:18:13","date_gmt":"2026-08-19T18:18:13","guid":{"rendered":"https:\/\/www.europesays.com\/pl\/632867\/"},"modified":"2026-08-19T18:18:13","modified_gmt":"2026-08-19T18:18:13","slug":"co-cwiczy-nato-nad-polska-kolejny-dzien-intensywnych-lotow","status":"publish","type":"post","link":"https:\/\/www.europesays.com\/pl\/632867\/","title":{"rendered":"Co \u0107wiczy NATO nad Polsk\u0105? Kolejny dzie\u0144 intensywnych lot\u00f3w"},"content":{"rendered":"<p>Poseidon i AWACS nad Polsk\u0105. Kolejny dzie\u0144 nietypowej aktywno\u015bci NATO<\/p>\n<p class=\"font-primary mb-8 text-lg leading-[1.55] [&amp;_a]:text-[#23437D] [&amp;_a]:underline [&amp;_a]:font-bold\">19 sierpnia na radarach lotniczych ponownie mo\u017cna by\u0142o obserwowa\u0107 zwi\u0119kszon\u0105 aktywno\u015b\u0107 <a href=\"https:\/\/polskieradio24.pl\/polska\/wazne-cwiczenia-nato-nad-polska-musimy-byc-przygotowani-na-najgorsze\" rel=\"nofollow noopener\" target=\"_blank\">wojskowych samolot\u00f3w NATO nad Polsk\u0105<\/a>. Jedn\u0105 z maszyn by\u0142 ameryka\u0144ski P-8A Poseidon, morski samolot patrolowy i rozpoznawczy nale\u017c\u0105cy do US Navy.\u00a0<\/p>\n<p>Redakcja poleca<\/p>\n<p class=\"font-primary mb-8 text-lg leading-[1.55] [&amp;_a]:text-[#23437D] [&amp;_a]:underline [&amp;_a]:font-bold\">Polish Military Radar zwr\u00f3ci\u0142 uwag\u0119, \u017ce Flightradar24 pocz\u0105tkowo b\u0142\u0119dnie oznaczy\u0142 maszyn\u0119 jako my\u015bliwiec F-35A. Samolot wystartowa\u0142 z Keflaviku na Islandii, gdzie stacjonuj\u0105 P-8A Poseidon wykorzystywane do regularnych misji patrolowych nad Ba\u0142tykiem. Wed\u0142ug Polish Military Radar maszyna wcze\u015bniej wykona\u0142a tankowanie w powietrzu w strefie TSA29 KATE, a nast\u0119pnie kontynuowa\u0142a zaplanowane dzia\u0142ania patrolowe i rozpoznawcze.\u00a0<\/p>\n<p class=\"font-primary mb-8 text-lg leading-[1.55] [&amp;_a]:text-[#23437D] [&amp;_a]:underline [&amp;_a]:font-bold\">Nad Polsk\u0105 zaobserwowano r\u00f3wnie\u017c Boeinga E-3A Sentry, czyli samolot wczesnego ostrzegania i dowodzenia AWACS. Wed\u0142ug danych Flightradar24 maszyna przylecia\u0142a przed po\u0142udniem z bazy w Geilenkirchen w Niemczech. Nast\u0119pnie wyl\u0105dowa\u0142a w p\u00f3\u0142nocnej Polsce. Serwis nie wskazuje dok\u0142adnego miejsca, ale trasa sugeruje mo\u017cliwo\u015b\u0107 wykorzystania 21. Centralnego Poligonu Lotniczego w Nadarzycach.<\/p>\n<p><img alt=\"Trasa samolotu Boeing  E-3A Sentry\" loading=\"lazy\" width=\"1036\" height=\"584\" decoding=\"async\" data-nimg=\"1\" style=\"color:transparent\"   src=\"https:\/\/www.europesays.com\/pl\/wp-content\/uploads\/2026\/08\/1787163493_34_thumbnails.webp\"\/><\/p>\n<p class=\"font-inter text-[12px] sm:text-base font-semibold leading-[125%] text-[#000]\">Trasa samolotu Boeing  E-3A Sentry\/ Foto: Flightradar24.com<\/p>\n<p class=\"font-primary mb-8 text-lg leading-[1.55] [&amp;_a]:text-[#23437D] [&amp;_a]:underline [&amp;_a]:font-bold\">Po ponad godzinie E-3A wystartowa\u0142 i polecia\u0142 w kierunku Litwy. Tam wykona\u0142 kilka p\u0119tli, po czym wr\u00f3ci\u0142 w stron\u0119 Niemiec, ponownie przez polsk\u0105 przestrze\u0144 powietrzn\u0105.\u00a0<\/p>\n<p>Wcze\u015bniej by\u0142o jeszcze wi\u0119cej maszyn<\/p>\n<p class=\"font-primary mb-8 text-lg leading-[1.55] [&amp;_a]:text-[#23437D] [&amp;_a]:underline [&amp;_a]:font-bold\">19 sierpnia jest kolejnym dniem zwi\u0119kszonej aktywno\u015bci lotniczej NATO po znacznie bardziej intensywnych operacjach obserwowanych dzie\u0144 wcze\u015bniej. 18 sierpnia w rejonie Polski i pa\u0144stw ba\u0142tyckich \u015bledzono loty oko\u0142o 25 maszyn r\u00f3\u017cnych pa\u0144stw Sojuszu. W\u015br\u00f3d nich by\u0142y m.in. samoloty tankowania powietrznego Airbus A330 MRTT, E-3A Sentry, polskie Gulfstreamy G550, ameryka\u0144skie EA-37B Compass Call II i C-40A Clipper oraz \u015bmig\u0142owce AH-64E Apache.\u00a0<\/p>\n<p>Redakcja poleca<\/p>\n<p class=\"font-primary mb-8 text-lg leading-[1.55] [&amp;_a]:text-[#23437D] [&amp;_a]:underline [&amp;_a]:font-bold\">Aktywno\u015b\u0107 by\u0142a widoczna r\u00f3wnie\u017c w pobli\u017cu obwodu kr\u00f3lewieckiego. Wed\u0142ug ameryka\u0144skich \u017ar\u00f3de\u0142 wtorkowe dzia\u0142ania obejmowa\u0142y m.in. ameryka\u0144skie i norweskie samoloty bojowe, polskie wojska l\u0105dowe oraz natowskiego E-3A AWACS.\u00a0<\/p>\n<p class=\"font-primary mb-8 text-lg leading-[1.55] [&amp;_a]:text-[#23437D] [&amp;_a]:underline [&amp;_a]:font-bold\">Ameryka\u0144skie Si\u0142y Powietrzne w Europie okre\u015bli\u0142y dzia\u0142ania z 18 sierpnia jako rutynowe szkolenie prowadzone wsp\u00f3lnie z sojusznikami i partnerami. Jednocze\u015bnie odm\u00f3wi\u0142y podania szczeg\u00f3\u0142\u00f3w, powo\u0142uj\u0105c si\u0119 na wzgl\u0119dy bezpiecze\u0144stwa operacyjnego. NATO r\u00f3wnie\u017c przekaza\u0142o, \u017ce celem jest wzmacnianie interoperacyjno\u015bci, gotowo\u015bci i odstraszania.\u00a0<\/p>\n<p>Samoloty NATO nad Polsk\u0105. Nie by\u0142o komunikat\u00f3w<\/p>\n<p class=\"font-primary mb-8 text-lg leading-[1.55] [&amp;_a]:text-[#23437D] [&amp;_a]:underline [&amp;_a]:font-bold\">Nietypowy jest przede wszystkim brak wcze\u015bniejszych, szczeg\u00f3\u0142owych komunikat\u00f3w o tych dzia\u0142aniach. W przesz\u0142o\u015bci wi\u0119ksze operacje lotnicze NATO by\u0142y cz\u0119sto oficjalnie zapowiadane jako \u0107wiczenia. Tym razem informacje pojawia\u0142y si\u0119 przede wszystkim za po\u015brednictwem obserwator\u00f3w \u015bledz\u0105cych og\u00f3lnodost\u0119pne dane z radar\u00f3w lotniczych, a komunikaty Sojuszu pozostawa\u0142y bardzo lakoniczne.\u00a0<\/p>\n<p class=\"font-primary mb-8 text-lg leading-[1.55] [&amp;_a]:text-[#23437D] [&amp;_a]:underline [&amp;_a]:font-bold\">NATO nie poda\u0142o szczeg\u00f3\u0142owego scenariusza dzia\u0142a\u0144 z 18 sierpnia i nie potwierdzi\u0142o, czy by\u0142y one bezpo\u015brednio elementem operacji Eastern Sentry. Sojusz podkre\u015bla jedynie, \u017ce stale zwi\u0119ksza zdolno\u015bci obronne i gotowo\u015b\u0107 na wschodniej flance.\u00a0<\/p>\n<p class=\"font-primary mb-8 text-lg leading-[1.55] [&amp;_a]:text-[#23437D] [&amp;_a]:underline [&amp;_a]:font-bold\">Polskie Dow\u00f3dztwo Operacyjne Rodzaj\u00f3w Si\u0142 Zbrojnych poinformowa\u0142o natomiast, \u017ce wzmo\u017cona aktywno\u015b\u0107 lotnictwa NATO w najbli\u017cszych dniach jest zwi\u0105zana z \u0107wiczeniami sojuszniczymi prowadzonymi w ramach Eastern Sentry. Rzecznik DORSZ pp\u0142k Jacek Goryszewski przekaza\u0142 PAP, \u017ce \u0107wiczenia maj\u0105 s\u0142u\u017cy\u0107 m.in. budowaniu \u015bwiadomo\u015bci operacyjnej, prze\u0107wiczeniu procedur i uzyskaniu efektu odstraszania na wschodniej flance.\u00a0<\/p>\n<p class=\"font-primary mb-8 text-lg leading-[1.55] [&amp;_a]:text-[#23437D] [&amp;_a]:underline [&amp;_a]:font-bold\">Eastern Sentry uruchomiono we wrze\u015bniu 2025 roku po naruszeniu polskiej przestrzeni powietrznej przez rosyjskie drony. NATO okre\u015bla operacj\u0119 jako wielodomenowe dzia\u0142anie zwi\u0119kszaj\u0105ce czujno\u015b\u0107 i gotowo\u015b\u0107 na ca\u0142ej wschodniej flance.<\/p>\n<p>Redakcja poleca<\/p>\n","protected":false},"excerpt":{"rendered":"Poseidon i AWACS nad Polsk\u0105. Kolejny dzie\u0144 nietypowej aktywno\u015bci NATO 19 sierpnia na radarach lotniczych ponownie mo\u017cna by\u0142o&hellip;\n","protected":false},"author":2,"featured_media":632868,"comment_status":"","ping_status":"","sticky":false,"template":"","format":"standard","meta":{"footnotes":"","_share_on_mastodon":"0"},"categories":[12],"tags":[160,42,38,40,39,41,1030],"class_list":["post-632867","post","type-post","status-publish","format-standard","has-post-thumbnail","category-polska","tag-nato","tag-pl","tag-poland","tag-polish","tag-polska","tag-polski","tag-samolot"],"share_on_mastodon":{"url":"https:\/\/pubeurope.com\/@pl\/117123554031795380","error":""},"_links":{"self":[{"href":"https:\/\/www.europesays.com\/pl\/wp-json\/wp\/v2\/posts\/632867","targetHints":{"allow":["GET"]}}],"collection":[{"href":"https:\/\/www.europesays.com\/pl\/wp-json\/wp\/v2\/posts"}],"about":[{"href":"https:\/\/www.europesays.com\/pl\/wp-json\/wp\/v2\/types\/post"}],"author":[{"embeddable":true,"href":"https:\/\/www.europesays.com\/pl\/wp-json\/wp\/v2\/users\/2"}],"replies":[{"embeddable":true,"href":"https:\/\/www.europesays.com\/pl\/wp-json\/wp\/v2\/comments?post=632867"}],"version-history":[{"count":0,"href":"https:\/\/www.europesays.com\/pl\/wp-json\/wp\/v2\/posts\/632867\/revisions"}],"wp:featuredmedia":[{"embeddable":true,"href":"https:\/\/www.europesays.com\/pl\/wp-json\/wp\/v2\/media\/632868"}],"wp:attachment":[{"href":"https:\/\/www.europesays.com\/pl\/wp-json\/wp\/v2\/media?parent=632867"}],"wp:term":[{"taxonomy":"category","embeddable":true,"href":"https:\/\/www.europesays.com\/pl\/wp-json\/wp\/v2\/categories?post=632867"},{"taxonomy":"post_tag","embeddable":true,"href":"https:\/\/www.europesays.com\/pl\/wp-json\/wp\/v2\/tags?post=632867"}],"curies":[{"name":"wp","href":"https:\/\/api.w.org\/{rel}","templated":true}]}}