{"id":633235,"date":"2026-08-19T22:13:17","date_gmt":"2026-08-19T22:13:17","guid":{"rendered":"https:\/\/www.europesays.com\/pl\/633235\/"},"modified":"2026-08-19T22:13:17","modified_gmt":"2026-08-19T22:13:17","slug":"izabella-scorupco-pokazala-zdjecia-ze-slubu-corki-tak-prezentowala-sie-julia","status":"publish","type":"post","link":"https:\/\/www.europesays.com\/pl\/633235\/","title":{"rendered":"Izabella Scorupco pokaza\u0142a zdj\u0119cia ze \u015blubu c\u00f3rki. Tak prezentowa\u0142a si\u0119 Julia"},"content":{"rendered":"<p>Przed laty Izabella Scorupco i Mariusz Czerkawski byli par\u0105. W 1997 r. na \u015bwiat przysz\u0142a ich c\u00f3rka, Julia. Po dw\u00f3ch latach ma\u0142\u017ce\u0144stwa aktorka i hokeista rozstali si\u0119.<\/p>\n<p>Dalszy ci\u0105g artyku\u0142u pod materia\u0142em wideoIzabella Scorupco pokaza\u0142a zdj\u0119cia ze \u015blubu c\u00f3rki<\/p>\n<p>C\u00f3rka pary mieszka w Stanach Zjednoczonych. W przesz\u0142o\u015bci gra\u0142a w koszyk\u00f3wk\u0119, ale ostatecznie nie zwi\u0105za\u0142a si\u0119 ze sportem. Julia Scorupco studiowa\u0142a kierunek zwi\u0105zany z mediami na Uniwersytecie Berkeley w San Francisco.<\/p>\n<p>W jednym z wywiad\u00f3w Mariusz Czerkawski zdradzi\u0142, czym zajmuje si\u0119 jego c\u00f3rka. \u2014 Bran\u017ca taka mo\u017cna powiedzie\u0107 troch\u0119 hollywoodzka \u2014 <a href=\"https:\/\/kobieta.onet.pl\/celebryci\/mariusz-czerkawski-dumny-z-corki-ciezko-pracuje\/5bl5gzt\" id=\"f118df26-8c70-49a8-b3ea-c5b488aa40bd\" rel=\"nofollow noopener\" target=\"_blank\">opowiada\u0142 w podca\u015bcie Onetu<\/a> &#8222;Co powie tata?&#8221; w listopadzie 2024 r. Jak m\u00f3wi\u0142, Julia pracuje w agencji PR, kt\u00f3ra promuje najwi\u0119ksze \u015bwiatowe gwiazdy. \u2014 Promowanie film\u00f3w, koncert\u00f3w. Tak, jak powiedzia\u0142em, teraz jest w Brazylii i promuj\u0105 nast\u0119pny jaki\u015b powa\u017cny hit filmowy. [&#8230;] Ci\u0119\u017cko pracuje, jest ambitna \u2014 wspomina\u0142 w\u00f3wczas.C\u00f3rka Izabelli Scorupco i Mariusza Czerkawskiego prowadzi sw\u00f3j profil na Instagramie, na kt\u00f3rym dzieli si\u0119 r\u00f3\u017cnymi kadrami. W ubieg\u0142ym roku wieloletni partner Julii <a href=\"https:\/\/przegladsportowy.onet.pl\/ofsajd\/corka-mariusza-czerkawskiego-powiedziala-tak-pokazala-zdjecie-z-zareczyn\/vrkl4sn\" id=\"483de06d-4873-4bda-bd80-9a1cddef13d5\" rel=\"nofollow noopener\" target=\"_blank\">o\u015bwiadczy\u0142 si\u0119 jej<\/a>. Kilka dni temu <a href=\"https:\/\/przegladsportowy.onet.pl\/ofsajd\/corka-izabelli-scorupco-wyszla-za-maz-pokazala-zdjecia-ze-slubu\/hykhd5g\" id=\"549b36a1-a2ee-4a7b-92dc-5bf4c711bf54\" rel=\"nofollow noopener\" target=\"_blank\">para wzi\u0119\u0142a \u015blub<\/a>. Panna m\u0142oda pokaza\u0142a na Instagramie zdj\u0119cia. Julia Scorupco postawi\u0142a na sukni\u0119 ods\u0142aniaj\u0105c\u0105 ramiona oraz d\u0142ugi welon. Z kolei pan m\u0142ody ubrany by\u0142 w jasny garnitur.<\/p>\n<p>Zdj\u0119cia ze \u015blubu pary pokaza\u0142a te\u017c mama Julii. &#8222;To by\u0142 najbardziej magiczny dzie\u0144\u2026&#8221; \u2014 napisa\u0142a na Instagramie Izabella Scorupco. Zamie\u015bci\u0142a te\u017c dat\u0119: 13 sierpnia.<\/p>\n<p>Z kolei Mariusz Czerkawski opublikowa\u0142 na Instastories trzy fotki. Jedna z nich to zdj\u0119cie sprzed lat, na kt\u00f3rym wida\u0107 hokeist\u0119 wraz z kilkuletni\u0105 c\u00f3rk\u0105. Do drugiej fotki za\u015b Mariusz Czerkawski pozowa\u0142 z Juli\u0105 w dniu jej \u015blubu. &#8222;Kiedy\u015b ma\u0142a c\u00f3reczka, teraz panna m\u0142oda&#8221; \u2014 napisa\u0142.<\/p>\n<p><img class=\"ods-a-photo ods-a-photo--background\" src=\"https:\/\/www.europesays.com\/pl\/wp-content\/uploads\/2026\/08\/jctk9lBaHR0cHM6Ly9vY2RuLmV1L3B1bHNjbXMvTURBXy9hY2IzY2VlMzY2YjkyYmY5YzQzOTIxYTRmOWVjNzc1Ny5qcGeRkwXNA.jpeg\" height=\"800\" width=\"461\" alt=\"Mariusz Czerkawski z c\u00f3rk\u0105 Juli\u0105\" loading=\"lazy\" fetchpriority=\"auto\" decoding=\"auto\"\/><\/p>\n<p>https:\/\/www.instagram.com\/stories\/mariusz_czerkawski\/?hl=pl<\/p>\n<p>Mariusz Czerkawski z c\u00f3rk\u0105 Juli\u0105<\/p>\n<p><img class=\"ods-a-photo ods-a-photo--background\" src=\"https:\/\/www.europesays.com\/pl\/wp-content\/uploads\/2026\/08\/3kQk9lBaHR0cHM6Ly9vY2RuLmV1L3B1bHNjbXMvTURBXy8zMjg3ZjFiMWFkN2EyMGZiMjYyOGIyZmU3MTZmNDAwNy5qcGeRkwXNA.jpeg\" height=\"800\" width=\"457\" alt=\"Mariusz Czerkawski z c\u00f3rk\u0105 Juli\u0105\" loading=\"lazy\" fetchpriority=\"auto\" decoding=\"auto\"\/><\/p>\n<p>https:\/\/www.instagram.com\/stories\/mariusz_czerkawski\/?hl=pl<\/p>\n<p>Mariusz Czerkawski z c\u00f3rk\u0105 Juli\u0105<\/p>\n<p>Do trzeciego zdj\u0119cia Mariusz Czerkawski pozowa\u0142 wraz z par\u0105 m\u0142od\u0105. &#8222;Gratulacje. Bardzo wyj\u0105tkowy dzie\u0144&#8221; \u2014 napisa\u0142.<\/p>\n<p><img class=\"ods-a-photo ods-a-photo--background\" src=\"https:\/\/www.europesays.com\/pl\/wp-content\/uploads\/2026\/08\/uRLk9lBaHR0cHM6Ly9vY2RuLmV1L3B1bHNjbXMvTURBXy9hMTE3OGMyNzcwMTdjMWFiMTA3NDA4YzdiYzg4N2IzYy5qcGeRkwXNA.jpeg\" height=\"800\" width=\"457\" alt=\"Mariusz Czerkawski z c\u00f3rk\u0105 i z zi\u0119ciem\" loading=\"lazy\" fetchpriority=\"auto\" decoding=\"auto\"\/><\/p>\n<p>https:\/\/www.instagram.com\/stories\/mariusz_czerkawski\/?hl=pl<\/p>\n<p>Mariusz Czerkawski z c\u00f3rk\u0105 i z zi\u0119ciem<\/p>\n<p><script async src=\"\/\/www.instagram.com\/embed.js\"><\/script><\/p>\n","protected":false},"excerpt":{"rendered":"Przed laty Izabella Scorupco i Mariusz Czerkawski byli par\u0105. W 1997 r. na \u015bwiat przysz\u0142a ich c\u00f3rka, Julia.&hellip;\n","protected":false},"author":2,"featured_media":633236,"comment_status":"","ping_status":"","sticky":false,"template":"","format":"standard","meta":{"footnotes":"","_share_on_mastodon":"0"},"categories":[22],"tags":[61195,122,38788,123901,38789,48,129,46,42,38,40,39,41,123,47,130],"class_list":["post-633235","post","type-post","status-publish","format-standard","has-post-thumbnail","category-rozrywka","tag-bottomfeed_styl","tag-entertainment","tag-izabella_scorupco","tag-julia_scorupco","tag-mariusz_czerkawski","tag-nat_styl","tag-ofsajd","tag-omp","tag-pl","tag-poland","tag-polish","tag-polska","tag-polski","tag-rozrywka","tag-screening_general","tag-wiadomosci_sportowe"],"share_on_mastodon":{"url":"https:\/\/pubeurope.com\/@pl\/117124478228065420","error":""},"_links":{"self":[{"href":"https:\/\/www.europesays.com\/pl\/wp-json\/wp\/v2\/posts\/633235","targetHints":{"allow":["GET"]}}],"collection":[{"href":"https:\/\/www.europesays.com\/pl\/wp-json\/wp\/v2\/posts"}],"about":[{"href":"https:\/\/www.europesays.com\/pl\/wp-json\/wp\/v2\/types\/post"}],"author":[{"embeddable":true,"href":"https:\/\/www.europesays.com\/pl\/wp-json\/wp\/v2\/users\/2"}],"replies":[{"embeddable":true,"href":"https:\/\/www.europesays.com\/pl\/wp-json\/wp\/v2\/comments?post=633235"}],"version-history":[{"count":0,"href":"https:\/\/www.europesays.com\/pl\/wp-json\/wp\/v2\/posts\/633235\/revisions"}],"wp:featuredmedia":[{"embeddable":true,"href":"https:\/\/www.europesays.com\/pl\/wp-json\/wp\/v2\/media\/633236"}],"wp:attachment":[{"href":"https:\/\/www.europesays.com\/pl\/wp-json\/wp\/v2\/media?parent=633235"}],"wp:term":[{"taxonomy":"category","embeddable":true,"href":"https:\/\/www.europesays.com\/pl\/wp-json\/wp\/v2\/categories?post=633235"},{"taxonomy":"post_tag","embeddable":true,"href":"https:\/\/www.europesays.com\/pl\/wp-json\/wp\/v2\/tags?post=633235"}],"curies":[{"name":"wp","href":"https:\/\/api.w.org\/{rel}","templated":true}]}}