{"id":633366,"date":"2026-08-19T23:51:10","date_gmt":"2026-08-19T23:51:10","guid":{"rendered":"https:\/\/www.europesays.com\/pl\/633366\/"},"modified":"2026-08-19T23:51:10","modified_gmt":"2026-08-19T23:51:10","slug":"donald-trump-wstrzymal-cla-dla-kanady-dobra-decyzja-dla-wszystkich","status":"publish","type":"post","link":"https:\/\/www.europesays.com\/pl\/633366\/","title":{"rendered":"Donald Trump wstrzyma\u0142 c\u0142a dla Kanady. &#8222;Dobra decyzja dla wszystkich&#8221;"},"content":{"rendered":"<p>\u2014 Od\u0142o\u017cyli\u015bmy to o trzy dni, poniewa\u017c s\u0105dz\u0119, \u017ce mamy porozumienie z premierem, dobre porozumienie dla wszystkich. To dobrze \u2014 powiedzia\u0142 Trump dziennikarzom.<\/p>\n<p>Wcze\u015bniej tego dnia prezydent przekonywa\u0142, \u017ce ameryka\u0144scy rolnicy i przedsi\u0119biorstwa nie b\u0119d\u0105 p\u0142aci\u0107 \u017cadnych ce\u0142 przy eksporcie do Kanady. Trump powiedzia\u0142 te\u017c, \u017ce &#8222;rozwa\u017ca&#8221; obni\u017cenie ce\u0142 na kanadyjsk\u0105 stal i aluminium do poziomu ce\u0142 obowi\u0105zuj\u0105cych w przypadku innych pa\u0144stw.<\/p>\n<p>Dalszy ci\u0105g artyku\u0142u pod materia\u0142em wideo<\/p>\n<p>Jak napisa\u0142 Reuters, powo\u0142uj\u0105c si\u0119 na \u017ar\u00f3d\u0142o, umowa handlowa, kt\u00f3ra jest wci\u0105\u017c negocjowana, ma obni\u017cy\u0107 podstawow\u0105 stawk\u0119 ce\u0142 na samochody i ci\u0119\u017car\u00f3wki produkowane w Kanadzie z 25 proc. do 15 proc., a tak\u017ce zmniejszy\u0107 podstawow\u0105 stawk\u0119 ce\u0142 na kanadyjsk\u0105 stal i aluminium \u2014 z 50 proc. do 25 proc. Oczekuje si\u0119 r\u00f3wnie\u017c, \u017ce obni\u017ceniu ce\u0142 na stal b\u0119dzie towarzyszy\u0107 ustalenie kwoty importowej.<\/p>\n<p>Decyzja Donalda Trumpa<\/p>\n<p>We wtorek wieczorem Trump poinformowa\u0142, \u017ce na trzy dni wstrzyma\u0142 wej\u015bcie w \u017cycie 50-procentowych ce\u0142 na cz\u0119\u015b\u0107 importu z Kanady. Taryfy mia\u0142y zacz\u0105\u0107 obowi\u0105zywa\u0107 od \u015brody, obejmuj\u0105c wybrane towary, od wina, przez kije hokejowe, po cement. C\u0142a mia\u0142yby obj\u0105\u0107 import o warto\u015bci 20 mld dol.<\/p>\n<p>Trump zapowiedzia\u0142 50-procentowe c\u0142a na cz\u0119\u015b\u0107 importu z Kanady w lipcu. W uzasadnieniu decyzji Bia\u0142y Dom napisa\u0142, \u017ce Ottawa dyskryminuje ameryka\u0144skie produkty (przemys\u0142 motoryzacyjny, mleczarski i alkoholowy).<\/p>\n<p>Kluczowe ogniwo w systemie Donalda Trumpa. To ona poci\u0105ga za sznurki w Bia\u0142ym Domu<img class=\"ods-a-photo ods-a-photo--background\" src=\"https:\/\/www.europesays.com\/pl\/wp-content\/uploads\/2026\/08\/CPjk9lBaHR0cHM6Ly9vY2RuLmV1L3B1bHNjbXMvTURBXy80YWM4YjM3NzQ4NjcxODVjYjNjM2FjNzBmYTg5M2IzMC5qcGeRlQLNA.jpeg\" height=\"300\" width=\"450\" alt=\"Asystentka prezydenta Natalie Harp w Bia\u0142ym Domu w Waszyngtonie, 2 lutego 2026 r. \" loading=\"lazy\" fetchpriority=\"low\" decoding=\"async\"\/><\/p>\n<p>Jak napisa\u0142 &#8222;Wall Street Journal&#8221;, kanadyjskie w\u0142adze uzna\u0142y obni\u017cenie ce\u0142 na takie sektory jak stal, aluminium, drewno oraz samochody za jeden z priorytet\u00f3w w negocjacjach handlowych, a tak\u017ce za warunek, od kt\u00f3rego Kanada uzale\u017cnia swoje ust\u0119pstwa wobec \u017c\u0105da\u0144 USA.<\/p>\n<p>Jak dot\u0105d oba kraje nie przedstawi\u0142y oficjalnie szczeg\u00f3\u0142\u00f3w dotycz\u0105cych tego, jak w ramach porozumienia zmieni\u0105 si\u0119 ameryka\u0144skie c\u0142a. Szczeg\u00f3\u0142y umowy mog\u0105 si\u0119 jeszcze zmieni\u0107. Wyznaczony przez prezydenta termin up\u0142ywa po p\u00f3\u0142nocy czasu wschodnioameryka\u0144skiego w nocy z pi\u0105tku na sobot\u0119.<\/p>\n","protected":false},"excerpt":{"rendered":"\u2014 Od\u0142o\u017cyli\u015bmy to o trzy dni, poniewa\u017c s\u0105dz\u0119, \u017ce mamy porozumienie z premierem, dobre porozumienie dla wszystkich. To&hellip;\n","protected":false},"author":2,"featured_media":633367,"comment_status":"","ping_status":"","sticky":false,"template":"","format":"standard","meta":{"footnotes":"","_share_on_mastodon":"0"},"categories":[14],"tags":[61195,32,33,63,44,27,193,34,35,28,31,48,25,46,40,41,47,80,29,30,71,26,82,83,84],"class_list":["post-633366","post","type-post","status-publish","format-standard","has-post-thumbnail","category-swiat","tag-bottomfeed_styl","tag-breaking-news","tag-breakingnews","tag-cla","tag-donald_trump","tag-headlines","tag-kanada","tag-latest-news","tag-latestnews","tag-naglowki","tag-najwazniejsze-artykuly","tag-nat_styl","tag-news","tag-omp","tag-polish","tag-polski","tag-screening_general","tag-swiat","tag-top-stories","tag-topstories","tag-usa","tag-wiadomosci","tag-world","tag-world-news","tag-worldnews"],"share_on_mastodon":{"url":"","error":""},"_links":{"self":[{"href":"https:\/\/www.europesays.com\/pl\/wp-json\/wp\/v2\/posts\/633366","targetHints":{"allow":["GET"]}}],"collection":[{"href":"https:\/\/www.europesays.com\/pl\/wp-json\/wp\/v2\/posts"}],"about":[{"href":"https:\/\/www.europesays.com\/pl\/wp-json\/wp\/v2\/types\/post"}],"author":[{"embeddable":true,"href":"https:\/\/www.europesays.com\/pl\/wp-json\/wp\/v2\/users\/2"}],"replies":[{"embeddable":true,"href":"https:\/\/www.europesays.com\/pl\/wp-json\/wp\/v2\/comments?post=633366"}],"version-history":[{"count":0,"href":"https:\/\/www.europesays.com\/pl\/wp-json\/wp\/v2\/posts\/633366\/revisions"}],"wp:featuredmedia":[{"embeddable":true,"href":"https:\/\/www.europesays.com\/pl\/wp-json\/wp\/v2\/media\/633367"}],"wp:attachment":[{"href":"https:\/\/www.europesays.com\/pl\/wp-json\/wp\/v2\/media?parent=633366"}],"wp:term":[{"taxonomy":"category","embeddable":true,"href":"https:\/\/www.europesays.com\/pl\/wp-json\/wp\/v2\/categories?post=633366"},{"taxonomy":"post_tag","embeddable":true,"href":"https:\/\/www.europesays.com\/pl\/wp-json\/wp\/v2\/tags?post=633366"}],"curies":[{"name":"wp","href":"https:\/\/api.w.org\/{rel}","templated":true}]}}