{"id":633406,"date":"2026-08-20T00:23:10","date_gmt":"2026-08-20T00:23:10","guid":{"rendered":"https:\/\/www.europesays.com\/pl\/633406\/"},"modified":"2026-08-20T00:23:10","modified_gmt":"2026-08-20T00:23:10","slug":"zus-wyplaca-4353-zl-miesiecznie-bez-wzgledu-na-dochod-przelewy-trafia-na-konta-20-sierpnia-2026-wystarczy-spelnic-te-warunki","status":"publish","type":"post","link":"https:\/\/www.europesays.com\/pl\/633406\/","title":{"rendered":"ZUS wyp\u0142aca 4353 z\u0142 miesi\u0119cznie bez wzgl\u0119du na doch\u00f3d. Przelewy trafi\u0105 na konta 20 sierpnia 2026. Wystarczy spe\u0142ni\u0107 te warunki"},"content":{"rendered":"<p>Trwaj\u0105 lipcowe wyp\u0142aty \u015bwiadczenia wspieraj\u0105cego, kt\u00f3re mo\u017ce si\u0119gn\u0105\u0107 nawet ponad 4 tys. z\u0142 miesi\u0119cznie i nie obowi\u0105zuje tutaj kryterium dochodowe. Ostatnia wyp\u0142ata w tym miesi\u0105cu wp\u0142ynie na konta 22 lipca. Sprawdzamy, kto mo\u017ce otrzyma\u0107 \u015bwiadczenie i co trzeba zrobi\u0107 \u017ceby nie przegapi\u0107 swojej szansy.<\/p>\n<p>rozwi\u0144 &gt;<\/p>\n<p>Komu przys\u0142uguje \u015bwiadczenie wspieraj\u0105ce w 2026 roku?<\/p>\n<p>\u015awiadczenie mog\u0105 otrzyma\u0107 osoby:<\/p>\n<ul style=\"list-style-type: disc;\">\n<li value=\"1\">kt\u00f3re uko\u0144czy\u0142y 18 lat,<\/li>\n<li value=\"2\">posiadaj\u0105 decyzj\u0119 o poziomie potrzeby wsparcia (70\u2013100 pkt),<\/li>\n<li value=\"3\">s\u0105 obywatelami Polski lub uprawnionymi cudzoziemcami.<\/li>\n<\/ul>\n<p>\u015awiadczenie nie zast\u0119puje renty, a jest dodatkow\u0105 form\u0105 pomocy.<\/p>\n<p>W 2026 roku wi\u0119cej os\u00f3b otrzyma \u015bwiadczenie wspieraj\u0105ce<\/p>\n<p>Przypomnijmy te\u017c, \u017ce od 1 stycznia 2026 ZUS wyp\u0142aca \u015bwiadczenie tak\u017ce tym osobom, kt\u00f3re do tej pory by\u0142y wykluczone z systemu z powodu zbyt niskiej punktacji w ocenie potrzeby wsparcia. To oznacza, \u017ce w tym roku tysi\u0105ce nowych os\u00f3b otrzyma realne wsparcie finansowe, niezale\u017cne od wysoko\u015bci dochod\u00f3w.<\/p>\n<p>\u015awiadczenie wspieraj\u0105ce by\u0142o wprowadzane etapami. Chodzi\u0142o o to, aby pomoc w pierwszej kolejno\u015bci trafia\u0142a do os\u00f3b w najtrudniejszej sytuacji.<\/p>\n<p>Do ko\u0144ca 2025 roku wygl\u0105da\u0142o to tak:<\/p>\n<p>Dalszy ci\u0105g materia\u0142u pod wideo<\/p>\n<ul style=\"list-style-type: disc;\">\n<li value=\"1\">od 1 stycznia 2024 \u2013 \u015bwiadczenie dostawa\u0142y osoby z najwy\u017csz\u0105 punktacj\u0105: od 87 do 100 pkt,<\/li>\n<li value=\"2\">od 1 stycznia 2025 \u2013 program rozszerzono na osoby z 78\u201386 pkt.<\/li>\n<\/ul>\n<p>Od 1 stycznia 2026 ZUS obj\u0105\u0142 \u015bwiadczeniem wspieraj\u0105cym tak\u017ce osoby z pozosta\u0142ymi uprawniaj\u0105cymi poziomami punktacji, czyli od 70 do 77 pkt.<\/p>\n<p>Ile wynosi \u015bwiadczenie wspieraj\u0105ce w maju 2026?<\/p>\n<p>Wysoko\u015b\u0107 wsparcia uzale\u017cniona jest od liczby punkt\u00f3w przyznanych przez WZON i od wysoko\u015bci renty socjalnej, kt\u00f3ra po waloryzacji w marcu 2026 wynosi 1978,49 z\u0142 brutto. Im wi\u0119cej punkt\u00f3w dostanie osoba z niepe\u0142nosprawno\u015bci\u0105, tym wy\u017cszy procent renty socjalnej przys\u0142uguje miesi\u0119cznie. Wobec tego \u015bwiadczenie wspieraj\u0105ce wynosi odpowiednio:<\/p>\n<ul style=\"list-style-type: disc;\">\n<li value=\"1\">70-74 pkt &#8211; 40% &#8211; 792 z\u0142<\/li>\n<li value=\"2\">75-79 pkt &#8211; 60% &#8211; 1188 z\u0142<\/li>\n<li value=\"3\">80-84 pkt &#8211; 80% &#8211; 1583 z\u0142<\/li>\n<li value=\"4\">85-89 pkt &#8211; 120% &#8211; 2375 z\u0142<\/li>\n<li value=\"5\">90-94 pkt &#8211; 180% &#8211; 3562 z\u0142<\/li>\n<li value=\"6\">95-100 pkt &#8211; 220% &#8211; 4353 z\u0142<\/li>\n<\/ul>\n<p>Jak zdoby\u0107 decyzj\u0119 o poziomie potrzeby wsparcia?<\/p>\n<p>Pierwszym krokiem jest uzyskanie decyzji z wojew\u00f3dzkiego zespo\u0142u ds. orzekania o niepe\u0142nosprawno\u015bci (WZON), kt\u00f3ry okre\u015bla poziom potrzeby wsparcia. Z\u0142o\u017cy\u0107 wniosek mo\u017cna:<\/p>\n<ul style=\"list-style-type: disc;\">\n<li value=\"1\">w wojew\u00f3dzkim zespole,<\/li>\n<li value=\"2\">za po\u015brednictwem powiatowego zespo\u0142u,<\/li>\n<li value=\"3\">elektronicznie &#8211; przez portal Emp@tia.<\/li>\n<\/ul>\n<p>Ocena obejmuje m.in. samodzielne poruszanie si\u0119, og\u00f3ln\u0105 komunikacj\u0119, wykonywanie codziennych czynno\u015bci, potrzeb\u0119 wsparcia w r\u00f3\u017cnych sferach \u017cycia.<\/p>\n<p class=\"infor-promocja\">Polecamy: <a href=\"https:\/\/sklep.infor.pl\/kodeks-pracy-2026-poradnik-dgp?utm_source=serwisy-internetowe&amp;utm_medium=link-w-artykule&amp;utm_campaign=artykul-autor-55\" rel=\"dofollow noopener\" class=\"art-inner-link\" target=\"_blank\">KODEKS PRACY 2026<\/a><\/p>\n<p>Jak z\u0142o\u017cy\u0107 wniosek o \u015bwiadczenie w ZUS?<\/p>\n<p>Po uzyskaniu decyzji o poziomie wsparci wniosek sk\u0142ada si\u0119 do <a class=\"seoMapping\" href=\"https:\/\/kadry.infor.pl\/zus\/\" title=\"ZUS\" rel=\"nofollow noopener\" target=\"_blank\">ZUS<\/a> wy\u0142\u0105cznie online:<\/p>\n<ul style=\"list-style-type: disc;\">\n<li value=\"1\">przez PUE ZUS,<\/li>\n<li value=\"2\">przez Emp@tia,<\/li>\n<li value=\"3\">przez bankowo\u015b\u0107 elektroniczn\u0105 (je\u015bli bank wsp\u00f3\u0142pracuje z ZUS).<\/li>\n<\/ul>\n<p>Kiedy ZUS wyp\u0142aca \u015bwiadczenie wspieraj\u0105ce?<\/p>\n<p>ZUS realizuje wyp\u0142aty w nast\u0119puj\u0105cych terminach:<\/p>\n<ul style=\"list-style-type: disc;\">\n<li value=\"1\">2. dzie\u0144 miesi\u0105ca,<\/li>\n<li value=\"2\">4. dzie\u0144 miesi\u0105ca,<\/li>\n<li value=\"3\">7. dzie\u0144 miesi\u0105ca,<\/li>\n<li value=\"4\">9. dzie\u0144 miesi\u0105ca,<\/li>\n<li value=\"5\">12. dzie\u0144 miesi\u0105ca,<\/li>\n<li value=\"6\">14. dzie\u0144 miesi\u0105ca,<\/li>\n<li value=\"7\">16. dzie\u0144 miesi\u0105ca,<\/li>\n<li value=\"8\">18. dzie\u0144 miesi\u0105ca,<\/li>\n<li value=\"9\">20. dzie\u0144 miesi\u0105ca,<\/li>\n<li value=\"10\">22. dzie\u0144 miesi\u0105ca.<\/li>\n<\/ul>\n<p>Je\u017celi termin wyp\u0142aty przypada na \u015bwi\u0119to lub <a class=\"seoMapping\" href=\"https:\/\/kadry.infor.pl\/tematy\/dzien-wolny-od-pracy\/\" title=\"dzie\u0144 wolny od pracy\" rel=\"nofollow noopener\" target=\"_blank\">dzie\u0144 wolny od pracy<\/a>, \u015bwiadczenie wp\u0142ywa na konta wcze\u015bniej.<\/p>\n<p>Kiedy \u015bwiadczenie wspieraj\u0105ce nie przys\u0142uguje?<\/p>\n<p>ZUS odm\u00f3wi wyp\u0142aty, je\u015bli osoba:<\/p>\n<ul style=\"list-style-type: disc;\">\n<li value=\"1\">przebywa w ca\u0142odobowej plac\u00f3wce opieku\u0144czej (DPS, ZOL, ZPO, zak\u0142ad karny, areszt),<\/li>\n<li value=\"2\">pobiera podobne \u015bwiadczenie za granic\u0105.<\/li>\n<\/ul>\n","protected":false},"excerpt":{"rendered":"Trwaj\u0105 lipcowe wyp\u0142aty \u015bwiadczenia wspieraj\u0105cego, kt\u00f3re mo\u017ce si\u0119gn\u0105\u0107 nawet ponad 4 tys. z\u0142 miesi\u0119cznie i nie obowi\u0105zuje tutaj&hellip;\n","protected":false},"author":2,"featured_media":633407,"comment_status":"","ping_status":"","sticky":false,"template":"","format":"standard","meta":{"footnotes":"","_share_on_mastodon":"0"},"categories":[12],"tags":[32,33,21723,36,37,27,34,35,28,31,25,42,38,40,39,41,4990,29,30,26,15568,660],"class_list":["post-633406","post","type-post","status-publish","format-standard","has-post-thumbnail","category-polska","tag-breaking-news","tag-breakingnews","tag-dodatkowe-pieniadze","tag-featured-news","tag-featurednews","tag-headlines","tag-latest-news","tag-latestnews","tag-naglowki","tag-najwazniejsze-artykuly","tag-news","tag-pl","tag-poland","tag-polish","tag-polska","tag-polski","tag-swiadczenie-wspierajace","tag-top-stories","tag-topstories","tag-wiadomosci","tag-wzon","tag-zus"],"share_on_mastodon":{"url":"https:\/\/pubeurope.com\/@pl\/117124989443027702","error":""},"_links":{"self":[{"href":"https:\/\/www.europesays.com\/pl\/wp-json\/wp\/v2\/posts\/633406","targetHints":{"allow":["GET"]}}],"collection":[{"href":"https:\/\/www.europesays.com\/pl\/wp-json\/wp\/v2\/posts"}],"about":[{"href":"https:\/\/www.europesays.com\/pl\/wp-json\/wp\/v2\/types\/post"}],"author":[{"embeddable":true,"href":"https:\/\/www.europesays.com\/pl\/wp-json\/wp\/v2\/users\/2"}],"replies":[{"embeddable":true,"href":"https:\/\/www.europesays.com\/pl\/wp-json\/wp\/v2\/comments?post=633406"}],"version-history":[{"count":0,"href":"https:\/\/www.europesays.com\/pl\/wp-json\/wp\/v2\/posts\/633406\/revisions"}],"wp:featuredmedia":[{"embeddable":true,"href":"https:\/\/www.europesays.com\/pl\/wp-json\/wp\/v2\/media\/633407"}],"wp:attachment":[{"href":"https:\/\/www.europesays.com\/pl\/wp-json\/wp\/v2\/media?parent=633406"}],"wp:term":[{"taxonomy":"category","embeddable":true,"href":"https:\/\/www.europesays.com\/pl\/wp-json\/wp\/v2\/categories?post=633406"},{"taxonomy":"post_tag","embeddable":true,"href":"https:\/\/www.europesays.com\/pl\/wp-json\/wp\/v2\/tags?post=633406"}],"curies":[{"name":"wp","href":"https:\/\/api.w.org\/{rel}","templated":true}]}}