{"id":633446,"date":"2026-08-20T00:58:12","date_gmt":"2026-08-20T00:58:12","guid":{"rendered":"https:\/\/www.europesays.com\/pl\/633446\/"},"modified":"2026-08-20T00:58:12","modified_gmt":"2026-08-20T00:58:12","slug":"wiceprezydent-fifa-wycofal-poparcie-dla-infantino-kropla-ktora-przepelnila-czare-sport-tvp-pl","status":"publish","type":"post","link":"https:\/\/www.europesays.com\/pl\/633446\/","title":{"rendered":"Wiceprezydent FIFA wycofa\u0142 poparcie dla Infantino: kropla, kt\u00f3ra przepe\u0142ni\u0142a czar\u0119 &#8211; sport.tvp.pl"},"content":{"rendered":"<ol>\n<li><a href=\"https:\/\/news.google.com\/rss\/articles\/CBMirwFBVV95cUxQa1lUS1NqMkhQUU9mbTU3bUZJVkhueTg1S3RIQnF0YndMRGlvaHRQOTZVR0VsZm1DY1NTUkV6bEhzNDdlSU9fSWJsWVRHUXZFOWhJWnJsdHRFYVlMYlF3U0dGVXZMRWE1bHpXTS11dk9iVEYzeFZQRnhOVEN1Nm5yS2NtQmxZVFYxcm0yck45eDRySWFIVl9ZV1RCVWJwbmFvdnhCMWhpSjhzNnc1T1RR0gG0AUFVX3lxTE1FU096MGZ1VjMyR1ZsTUN0SW5PN2NFVjE3U1RmN0duR3lZYWdpb0IxLWwwR0pHcWU2Um1NUXZHRnp4VVdwTDhhRC1VSEJqSy1CWlZYRWNCVkNxcEtiWlhOMjlaaS1icnMyYlRjSmdNU3JSUHg5Vlpqb0NVZFZGcHRCd2Q3elN2anpMTER6d3JhaENLem40SlVGNElldHVvS0Z1NmZndmlBT0VJOURkcGlzbHU2TA?oc=5\" target=\"_blank\" rel=\"nofollow noopener\">Wiceprezydent FIFA wycofa\u0142 poparcie dla Infantino: kropla, kt\u00f3ra przepe\u0142ni\u0142a czar\u0119<\/a>&nbsp;&nbsp;sport.tvp.pl<\/li>\n<li><a href=\"https:\/\/news.google.com\/rss\/articles\/CBMitwFBVV95cUxNUEZONHA5WFVVTERNQkl3clZDbEY1NGlnckxwTjRtU2VFMnU4MVpNek84S1JOX0FkVlFpQXNZV0hVVnNueXNoc2lWYmRzdTE1NGNlQ2U5Zjg1a1d2cjIzNVlwbmRZa0pJajlUdE9iZm1hSjRSQkZlcjFTVWpneVl1OWNzTV96aWpVZGNNbXc0ZXc4VC00YUJucEFJeGVHYTlWa3NvZGxCVVZreXdpRVR2eTBSRnc1NTQ?oc=5\" target=\"_blank\" rel=\"nofollow noopener\">Izrael podj\u0105\u0142 decyzj\u0119 w sprawie Gianniego Infantino. Ostatecznie<\/a>&nbsp;&nbsp;przegladsportowy.onet.pl<\/li>\n<li><a href=\"https:\/\/news.google.com\/rss\/articles\/CBMisAFBVV95cUxPWmVQWDd5cnplWGlkU0xtbFR1TVFtV0RFSjlSX3pFa0dIZ1VQYnlQYjQ2TUEtTnZtelFDdzRoQlpVc2x6cDljb3ZPNmhZalBVb0FIQjZ6NFE3eVFhTzFDelRHOXVfTlpkaE5wOEZseVp1RGtSRUhteEhqekl5amZXQkJ5NFcyRkVjdGJucVpXelhPc3BvbjFLdklYa1FNLTB5WGV6VzJKZWhMMzBFMkFwNg?oc=5\" target=\"_blank\" rel=\"nofollow noopener\">\u201eKropla, kt\u00f3ra przepe\u0142ni\u0142a czar\u0119\u201d. Wiceprezydent FIFA wycofa\u0142 poparcie dla Infantino<\/a>&nbsp;&nbsp;Polska Agencja Prasowa SA<\/li>\n<li><a href=\"https:\/\/news.google.com\/rss\/articles\/CBMilgFBVV95cUxPczFNa2ZJOVVTWXdiZ3BYVWlpSUJsTkRWejVRSld5eTZ1N0NseWNSQzJJTGtpR1N4Wl9qdHdySHk3cERTQWpKM2plWVNYN0pucVRUNEVnZ1FnbEMyRGRiQlpGV2JfMTBtb2RZRWU1NXl3MzdtOEQyVmw2WWZmYUpTYmRfeHh3SEsxV3h1T0k4UWROc1hTX2c?oc=5\" target=\"_blank\" rel=\"nofollow noopener\">Dyrektor FIFA zwolniony. Wyciek\u0142 jego e-mail<\/a>&nbsp;&nbsp;SportoweFakty<\/li>\n<li><a href=\"https:\/\/news.google.com\/rss\/articles\/CBMijAJBVV95cUxPYjJpTlJnVkZ5c2NyTE1tRnN3QldsVE02cGljZllkMkR2YVUtRU56aXBGa09BYVhUSGI3MEx6SzNSZ2ozWEZoOXBPRFh0ZW1yb1MzSFlrMFFfOTVwTUFMUVA1U0JURU1CazdIR25PR1IySVFPNEphanBMbTJPNnpZVVpQSkswejVGcDdoN2x0QUNkMWkzX3lsSURUY1diank2WDVXVGI1ZkxLaWM3THU4Snc2emdDVzVBSVZ2NUhuNnphb3BrblJsajZBekRDMkpfVzVnVmpuYWVxb1lBY3g2SEZpbUpXYTNZZ184QzJxaXNEeWRVUThtSnRDWnF0ZkRsYzh6Q3NBaUszc1BJ?oc=5\" target=\"_blank\" rel=\"nofollow noopener\">Oburzenie po zwolnieniu krytyka Infantino. &#8222;To zarz\u0105dzanie przez strach&#8221;<\/a>&nbsp;&nbsp;Eurosport Polska<\/li>\n<\/ol>\n","protected":false},"excerpt":{"rendered":"Wiceprezydent FIFA wycofa\u0142 poparcie dla Infantino: kropla, kt\u00f3ra przepe\u0142ni\u0142a czar\u0119&nbsp;&nbsp;sport.tvp.pl Izrael podj\u0105\u0142 decyzj\u0119 w sprawie Gianniego Infantino. Ostatecznie&nbsp;&nbsp;przegladsportowy.onet.pl&hellip;\n","protected":false},"author":2,"featured_media":633447,"comment_status":"","ping_status":"","sticky":false,"template":"","format":"standard","meta":{"footnotes":"","_share_on_mastodon":"0"},"categories":[5],"tags":[32,33,36,37,1285,5116,27,34,35,28,31,25,269,42,38,40,39,41,124510,334,29,30,26],"class_list":["post-633446","post","type-post","status-publish","format-standard","has-post-thumbnail","category-naglowki","tag-breaking-news","tag-breakingnews","tag-featured-news","tag-featurednews","tag-fifa","tag-gianni-infantino","tag-headlines","tag-latest-news","tag-latestnews","tag-naglowki","tag-najwazniejsze-artykuly","tag-news","tag-pilka-nozna","tag-pl","tag-poland","tag-polish","tag-polska","tag-polski","tag-sandor-csanyi","tag-sport-tvp-pl","tag-top-stories","tag-topstories","tag-wiadomosci"],"share_on_mastodon":{"url":"https:\/\/pubeurope.com\/@pl\/117125127021646095","error":""},"_links":{"self":[{"href":"https:\/\/www.europesays.com\/pl\/wp-json\/wp\/v2\/posts\/633446","targetHints":{"allow":["GET"]}}],"collection":[{"href":"https:\/\/www.europesays.com\/pl\/wp-json\/wp\/v2\/posts"}],"about":[{"href":"https:\/\/www.europesays.com\/pl\/wp-json\/wp\/v2\/types\/post"}],"author":[{"embeddable":true,"href":"https:\/\/www.europesays.com\/pl\/wp-json\/wp\/v2\/users\/2"}],"replies":[{"embeddable":true,"href":"https:\/\/www.europesays.com\/pl\/wp-json\/wp\/v2\/comments?post=633446"}],"version-history":[{"count":0,"href":"https:\/\/www.europesays.com\/pl\/wp-json\/wp\/v2\/posts\/633446\/revisions"}],"wp:featuredmedia":[{"embeddable":true,"href":"https:\/\/www.europesays.com\/pl\/wp-json\/wp\/v2\/media\/633447"}],"wp:attachment":[{"href":"https:\/\/www.europesays.com\/pl\/wp-json\/wp\/v2\/media?parent=633446"}],"wp:term":[{"taxonomy":"category","embeddable":true,"href":"https:\/\/www.europesays.com\/pl\/wp-json\/wp\/v2\/categories?post=633446"},{"taxonomy":"post_tag","embeddable":true,"href":"https:\/\/www.europesays.com\/pl\/wp-json\/wp\/v2\/tags?post=633446"}],"curies":[{"name":"wp","href":"https:\/\/api.w.org\/{rel}","templated":true}]}}