{"id":633512,"date":"2026-08-20T01:47:10","date_gmt":"2026-08-20T01:47:10","guid":{"rendered":"https:\/\/www.europesays.com\/pl\/633512\/"},"modified":"2026-08-20T01:47:10","modified_gmt":"2026-08-20T01:47:10","slug":"polska-zaskoczeni","status":"publish","type":"post","link":"https:\/\/www.europesays.com\/pl\/633512\/","title":{"rendered":"Polsk\u0105 zaskoczeni"},"content":{"rendered":"<p>Przyje\u017cd\u017caj\u0105 do Polski z\u00a0r\u00f3\u017cnych stron. Zazwyczaj z\u00a0ciekawo\u015bci, bo wsz\u0119dzie ju\u017c byli. A\u00a0tu pono\u0107 bezpieczniej ni\u017c we Francji i\u00a0taniej ni\u017c we W\u0142oszech. Wyje\u017cd\u017caj\u0105 przede wszystkim zaskoczeni \u2013 urod\u0105 miejsc, krajobrazami, klimatem (nie myli\u0107 z\u00a0pogod\u0105), a\u00a0przede wszystkim spotkanymi po drodze lud\u017ami. Powszechne zachwyty nad naszym krajem w\u00a0mediach spo\u0142eczno\u015bciowych \u0142\u0105cz\u0105 gwiazdy pop kultury (Moby, Bryan Adams, Jared Leto), podr\u00f3\u017cniczych influencer\u00f3w i\u00a0zwyczajnych turyst\u00f3w. Komplementy ciesz\u0105\u2026 ale powinny te\u017c dawa\u0107 do my\u015blenia. Bo s\u0105 efektem konfrontacji rzeczywisto\u015bci z\u00a0niewielkimi oczekiwaniami i\u00a0nienajlepsz\u0105 obiegow\u0105 opini\u0105 na temat naszego kraju. Zmienia si\u0119 ona dzi\u015b nie pod wp\u0142ywem wielkich kampanii promocyjnych, ale wpis\u00f3w w\u00a0mediach spo\u0142eczno\u015bciowych, osobistych relacji, zdj\u0119\u0107 i\u00a0amatorskich film\u00f3w wrzucanych do sieci. Jak nas teraz widz\u0105? Nie ma co ukrywa\u0107: dobrze!\u2029<\/p>\n<p>\t\t\tDzi\u0119kujemy, \u017ce z nami jeste\u015b<\/p>\n<p>To dla nas sygna\u0142, \u017ce cenisz rzetelne dziennikarstwo jako\u015bciowe. Czytaj, ogl\u0105daj i s\u0142uchaj nas bez ogranicze\u0144.<\/p>\n<p>\t\t\t\t\t\tMasz subskrypcj\u0119? <a href=\"https:\/\/moj.gosc.pl\/logowanie\" class=\"b show-layer-login\" title=\"zaloguj si\u0119\" rel=\"nofollow noopener\" target=\"_blank\">zaloguj si\u0119<\/a><\/p>\n<p>\t\t\t\tKup wydanie papierowe lub najnowsze <a href=\"https:\/\/e.gosc.pl\/\" class=\"i\" rel=\"nofollow noopener\" target=\"_blank\">e-wydanie<\/a>.<\/p>\n<p>\n\t\t\u00ab<br \/>\n\t\t\u2039<\/p>\n<p>\t\t1<\/p>\n<p>\t\t\u203a<br \/>\n\t\t\u00bb<\/p>\n","protected":false},"excerpt":{"rendered":"Przyje\u017cd\u017caj\u0105 do Polski z\u00a0r\u00f3\u017cnych stron. Zazwyczaj z\u00a0ciekawo\u015bci, bo wsz\u0119dzie ju\u017c byli. A\u00a0tu pono\u0107 bezpieczniej ni\u017c we Francji i\u00a0taniej&hellip;\n","protected":false},"author":2,"featured_media":633513,"comment_status":"","ping_status":"","sticky":false,"template":"","format":"standard","meta":{"footnotes":"","_share_on_mastodon":"0"},"categories":[12],"tags":[124532,21690,110379,42,38,40,39,41,21691,9378,21692,124531],"class_list":["post-633512","post","type-post","status-publish","format-standard","has-post-thumbnail","category-polska","tag-gn-34-2026","tag-gosc-niedzielny","tag-piotr-legutko","tag-pl","tag-poland","tag-polish","tag-polska","tag-polski","tag-publicystyka-katolicka","tag-tygodnik-katolicki","tag-wiadomosci-z-zycia-kosciola-polski-i-swiata","tag-z-bliska"],"share_on_mastodon":{"url":"https:\/\/pubeurope.com\/@pl\/117125319780675938","error":""},"_links":{"self":[{"href":"https:\/\/www.europesays.com\/pl\/wp-json\/wp\/v2\/posts\/633512","targetHints":{"allow":["GET"]}}],"collection":[{"href":"https:\/\/www.europesays.com\/pl\/wp-json\/wp\/v2\/posts"}],"about":[{"href":"https:\/\/www.europesays.com\/pl\/wp-json\/wp\/v2\/types\/post"}],"author":[{"embeddable":true,"href":"https:\/\/www.europesays.com\/pl\/wp-json\/wp\/v2\/users\/2"}],"replies":[{"embeddable":true,"href":"https:\/\/www.europesays.com\/pl\/wp-json\/wp\/v2\/comments?post=633512"}],"version-history":[{"count":0,"href":"https:\/\/www.europesays.com\/pl\/wp-json\/wp\/v2\/posts\/633512\/revisions"}],"wp:featuredmedia":[{"embeddable":true,"href":"https:\/\/www.europesays.com\/pl\/wp-json\/wp\/v2\/media\/633513"}],"wp:attachment":[{"href":"https:\/\/www.europesays.com\/pl\/wp-json\/wp\/v2\/media?parent=633512"}],"wp:term":[{"taxonomy":"category","embeddable":true,"href":"https:\/\/www.europesays.com\/pl\/wp-json\/wp\/v2\/categories?post=633512"},{"taxonomy":"post_tag","embeddable":true,"href":"https:\/\/www.europesays.com\/pl\/wp-json\/wp\/v2\/tags?post=633512"}],"curies":[{"name":"wp","href":"https:\/\/api.w.org\/{rel}","templated":true}]}}